{"id":40408,"date":"2025-05-27T15:48:13","date_gmt":"2025-05-27T14:48:13","guid":{"rendered":"https:\/\/fpvoleibol.pt\/fpv\/?p=40408"},"modified":"2025-07-02T14:50:57","modified_gmt":"2025-07-02T13:50:57","slug":"estagio-dos-sub-22-masculinos","status":"publish","type":"post","link":"https:\/\/fpvoleibol.pt\/fpv\/2025\/05\/27\/estagio-dos-sub-22-masculinos\/","title":{"rendered":"EST\u00c1GIO DOS SUB-22 MASCULINOS"},"content":{"rendered":"<p><img loading=\"lazy\" decoding=\"async\" class=\"size-full wp-image-33998 aligncenter\" src=\"https:\/\/fpvoleibol.pt\/fpv\/wp-content\/uploads\/2024\/07\/Sub22m_porxfra_qualif_d.jpg\" alt=\"\" width=\"960\" height=\"638\" srcset=\"https:\/\/fpvoleibol.pt\/fpv\/wp-content\/uploads\/2024\/07\/Sub22m_porxfra_qualif_d.jpg 960w, https:\/\/fpvoleibol.pt\/fpv\/wp-content\/uploads\/2024\/07\/Sub22m_porxfra_qualif_d-300x199.jpg 300w, https:\/\/fpvoleibol.pt\/fpv\/wp-content\/uploads\/2024\/07\/Sub22m_porxfra_qualif_d-768x510.jpg 768w\" sizes=\"auto, (max-width: 960px) 100vw, 960px\" \/>Tendo em vista a prepara\u00e7\u00e3o da <strong>Selec\u00e7\u00e3o Nacional de Sub-22 Masculinos<\/strong> para a Fase Final do Campeonato da Europa, que se ir\u00e1 realizar em Portugal (Albufeira) em 2026, a equipa t\u00e9cnica liderada por <strong>Jo\u00e3o Franco<\/strong> convocou hoje os atletas para um est\u00e1gio concentrado e jogos amig\u00e1veis com Espanha, a realizar durante os meses de Junho e Julho do ano corrente.<br \/>\nOs jogos particulares com os espanh\u00f3is est\u00e3o agendados para os dias 2 a 6 de Julho.<\/p>\n<p>Os trabalhos de prepara\u00e7\u00e3o, que ter\u00e3o in\u00edcio no dia 2 de Junho (segunda-feira), pelas 16h00, ser\u00e3o realizados no Complexo Desportivo do Est\u00e1dio Universit\u00e1rio \u2013 Universidade do Porto.<\/p>\n<p style=\"text-align: center;\"><span style=\"background-color: #000000; color: #ffffff;\">CONVOCADOS<\/span><\/p>\n<p style=\"text-align: center;\"><span style=\"background-color: #999999; color: #ffffff;\">1.\u00ba Grupo: 2 a 20 de Junho<\/span><\/p>\n<p style=\"text-align: center;\"><strong>AA Espinho<\/strong><br \/>\nDinis Gomes<br \/>\nRafael Pinto<\/p>\n<p style=\"text-align: center;\"><strong>AA S. Mamede<\/strong><br \/>\nManuel Catarino<\/p>\n<p style=\"text-align: center;\"><strong>Ala de Nun\u2019\u00c1lvares de Gondomar<\/strong><br \/>\nTiago Dias<\/p>\n<p style=\"text-align: center;\"><strong>SC Espinho<\/strong><br \/>\nRicardo Pedrosa<\/p>\n<p style=\"text-align: center;\"><strong>SL Benfica<\/strong><br \/>\nTiago Silva<br \/>\nTom\u00e1s Teixeira<\/p>\n<p style=\"text-align: center;\"><strong>Cast\u00ealo da Maia GC<\/strong><br \/>\nDiogo Almeida<\/p>\n<p style=\"text-align: center;\"><strong>SC Espinho<\/strong><br \/>\nJorge Marques<\/p>\n<p style=\"text-align: center;\"><strong>Sporting CP<\/strong><br \/>\nPedro Abecasis<\/p>\n<p style=\"text-align: center;\"><strong>VC Viana<\/strong><br \/>\nJo\u00e3o Salgueiro<\/p>\n<p style=\"text-align: center;\"><span style=\"background-color: #999999; color: #ffffff;\">2.\u00ba Grupo: 16 a 20 Junho<\/span><\/p>\n<p style=\"text-align: center;\"><strong>AA Espinho<\/strong><br \/>\nAfonso Igl\u00e9sias<br \/>\nPedro Morais Santos<\/p>\n<p style=\"text-align: center;\"><strong>SL Benfica<\/strong><br \/>\nDiogo Fevereiro<\/p>\n<p style=\"text-align: center;\"><strong>Vit\u00f3ria SC<\/strong><br \/>\nGustavo Sousa<\/p>\n<p style=\"text-align: center;\"><span style=\"background-color: #999999; color: #ffffff;\">Grupo Final: 23 Junho a 6 Julho<\/span><\/p>\n<p style=\"text-align: center;\"><span style=\"text-decoration: underline;\">A indicar pela equipa t\u00e9cnica durante o est\u00e1gio<\/span><\/p>\n<p>Portugal vai receber, de 29 de Junho a 4 de Julho do pr\u00f3ximo ano, em Albufeira, Capital Europeia do Desporto 2026, a fase final do Campeonato da Europa de Sub-22 Masculinos.<\/p>\n<p>Disputada sob a \u00e9gide da Confedera\u00e7\u00e3o Europeia de Voleibol (CEV), a importante competi\u00e7\u00e3o, organizada pela Federa\u00e7\u00e3o Portuguesa de Voleibol (FPV) com a colabora\u00e7\u00e3o da C\u00e2mara Municipal de Albufeira (CMA), far\u00e1 convergir para o nosso Pa\u00eds as oito melhores sele\u00e7\u00f5es europeias, formadas por jogadores ainda jovens mas que s\u00e3o j\u00e1 titulares nas melhores equipas de seniores masculinos a n\u00edvel mundial.<\/p>\n<p>Ser\u00e3o oito as selec\u00e7\u00f5es que disputar\u00e3o, em duas poules, na cidade algarvia a terceira edi\u00e7\u00e3o do <em>#EuroVolleyU22M<\/em>.<br \/>\nAs duas melhores classificadas de cada <em>poule<\/em> avan\u00e7ar\u00e3o para as meias-finais cruzadas, ao que se seguir\u00e1 a realiza\u00e7\u00e3o dos jogos de disputa de medalhas.<br \/>\nEsta \u00e9 apenas a terceira edi\u00e7\u00e3o do Europeu desta faixa et\u00e1ria, ap\u00f3s as competi\u00e7\u00f5es realizadas em 2022 (aberta a jogadores Sub-21) e 2024, e pretende ajudar as <em>estrelas<\/em> em ascens\u00e3o da modalidade a completar uma transi\u00e7\u00e3o mais suave dos escal\u00f5es juniores para os seniores.<\/p>\n<p style=\"text-align: center;\"><strong>Selec\u00e7\u00e3o brilhou em 2024<\/strong><\/p>\n<p>Em 2024,\u00a0a <strong>Selec\u00e7\u00e3o Nacional de Sub-22 Masculinos<\/strong> disputou a fase final do <a href=\"https:\/\/www.cev.eu\/national-team\/age-group-championships\/u22m-2024\/#final-round\">Europeu<\/a> na cidade neerlandesa de Apeldoorn, alcan\u00e7ando o 5.\u00ba lugar na classifica\u00e7\u00e3o final. Um posicionamento merit\u00f3rio, mas que acabou por ser injusto para os nossos representantes, que somaram tantas vit\u00f3rias quantas as de tr\u00eas dos quatro semi-finalistas: duas (Fran\u00e7a, 3-1, e Ch\u00e9quia, 3-2) e apenas um desaire (It\u00e1lia, 1-3) na Poule II \u2013 sendo que os transalpinos foram vice-campe\u00f5es mundiais de Sub-21 em 2023 e campe\u00f5es europeus de Sub-20 em 2022 \u2013, enquanto a Hungria foi 3.\u00aa classificada na Poule I, com apenas um triunfo.<\/p>\n<p style=\"text-align: center;\"><span style=\"text-decoration: underline;\"><strong>Mais informa\u00e7\u00f5es na <a href=\"https:\/\/www.cev.eu\/articles\/volleyball\/next-year-s-eurovolleyu22m-final-round-goes-to-albufeira-portugal\/\">CEV<\/a><\/strong><\/span><\/p>\n","protected":false},"excerpt":{"rendered":"<p>Tendo em vista a prepara\u00e7\u00e3o da Selec\u00e7\u00e3o Nacional de Sub-22 Masculinos para a Fase Final do Campeonato da Europa, que se ir\u00e1 realizar em Portugal (Albufeira) em 2026, a equipa [&hellip;]<\/p>\n","protected":false},"author":2,"featured_media":34071,"comment_status":"open","ping_status":"open","sticky":false,"template":"","format":"standard","meta":{"_monsterinsights_skip_tracking":false,"_monsterinsights_sitenote_active":false,"_monsterinsights_sitenote_note":"","_monsterinsights_sitenote_category":0,"footnotes":""},"categories":[8],"tags":[158],"class_list":{"0":"post-40408","1":"post","2":"type-post","3":"status-publish","4":"format-standard","5":"has-post-thumbnail","7":"category-voleibol","8":"tag-sub-22m2026","9":"czr-hentry"},"aioseo_notices":[],"_links":{"self":[{"href":"https:\/\/fpvoleibol.pt\/fpv\/wp-json\/wp\/v2\/posts\/40408","targetHints":{"allow":["GET"]}}],"collection":[{"href":"https:\/\/fpvoleibol.pt\/fpv\/wp-json\/wp\/v2\/posts"}],"about":[{"href":"https:\/\/fpvoleibol.pt\/fpv\/wp-json\/wp\/v2\/types\/post"}],"author":[{"embeddable":true,"href":"https:\/\/fpvoleibol.pt\/fpv\/wp-json\/wp\/v2\/users\/2"}],"replies":[{"embeddable":true,"href":"https:\/\/fpvoleibol.pt\/fpv\/wp-json\/wp\/v2\/comments?post=40408"}],"version-history":[{"count":3,"href":"https:\/\/fpvoleibol.pt\/fpv\/wp-json\/wp\/v2\/posts\/40408\/revisions"}],"predecessor-version":[{"id":41202,"href":"https:\/\/fpvoleibol.pt\/fpv\/wp-json\/wp\/v2\/posts\/40408\/revisions\/41202"}],"wp:featuredmedia":[{"embeddable":true,"href":"https:\/\/fpvoleibol.pt\/fpv\/wp-json\/wp\/v2\/media\/34071"}],"wp:attachment":[{"href":"https:\/\/fpvoleibol.pt\/fpv\/wp-json\/wp\/v2\/media?parent=40408"}],"wp:term":[{"taxonomy":"category","embeddable":true,"href":"https:\/\/fpvoleibol.pt\/fpv\/wp-json\/wp\/v2\/categories?post=40408"},{"taxonomy":"post_tag","embeddable":true,"href":"https:\/\/fpvoleibol.pt\/fpv\/wp-json\/wp\/v2\/tags?post=40408"}],"curies":[{"name":"wp","href":"https:\/\/api.w.org\/{rel}","templated":true}]}}