{"id":40159,"date":"2025-05-18T22:12:53","date_gmt":"2025-05-18T22:12:53","guid":{"rendered":"https:\/\/fpvoleibol.pt\/fpv\/?p=40159"},"modified":"2025-05-26T12:37:15","modified_gmt":"2025-05-26T11:37:15","slug":"miguel-tavares-vice-campeao-europeu","status":"publish","type":"post","link":"https:\/\/fpvoleibol.pt\/fpv\/2025\/05\/18\/miguel-tavares-vice-campeao-europeu\/","title":{"rendered":"MIGUEL TAVARES VICE-CAMPE\u00c3O EUROPEU"},"content":{"rendered":"<p><img loading=\"lazy\" decoding=\"async\" class=\"size-full wp-image-40163 aligncenter\" src=\"https:\/\/fpvoleibol.pt\/fpv\/wp-content\/uploads\/2025\/05\/MTR_Final_LC2025.jpg\" alt=\"\" width=\"960\" height=\"640\" srcset=\"https:\/\/fpvoleibol.pt\/fpv\/wp-content\/uploads\/2025\/05\/MTR_Final_LC2025.jpg 960w, https:\/\/fpvoleibol.pt\/fpv\/wp-content\/uploads\/2025\/05\/MTR_Final_LC2025-300x200.jpg 300w, https:\/\/fpvoleibol.pt\/fpv\/wp-content\/uploads\/2025\/05\/MTR_Final_LC2025-768x512.jpg 768w\" sizes=\"auto, (max-width: 960px) 100vw, 960px\" \/>O distribuidor da Selec\u00e7\u00e3o Nacional Miguel Tavares Rodrigues n\u00e3o conseguiu juntar o seu nome ao de Jo\u00e3o Jos\u00e9 na restrita lista de portugueses vencedores da <a href=\"https:\/\/championsleague.cev.eu\/en\/men\/#final-four\">Liga dos Campe\u00f5es<\/a>. Na final disputada esta noite em Lodz, na Pol\u00f3nia, a sua equipa, o Aluron CMC Warta Zawiercie, foi superada pelos italianos do Sir Sicoma Monini Perugia, que venceram pela margem m\u00ednima (3-2: 25-22, 25-22, 20-25, 22-25 e 15-10), num emocionante e disputado encontro que marcou a estreia vitoriosa dos transalpinos na mais prestigiada competi\u00e7\u00e3o europeia de clubes e foi seguido <em>in loco<\/em> por mais de 11 mil espectadores.<\/p>\n<p>Tal como j\u00e1 havia acontecido nas meias-finais contra o Jastrzebski, o Zawiercie demonstrou resili\u00eancia ao recuperar de uma desvantagem de 0-2 para empatar o jogo a dois sets. No entanto, no derradeiro quinto set, a equipa polaca n\u00e3o conseguiu manter o ritmo, estando sempre atr\u00e1s no marcador e os transalpinos acabaram por selar o triunfo por 3-2, com os parciais de 25-22, 25-22, 20-25, 22-25 e 15-10.<\/p>\n<p>Apesar da derrota, o encontro ficou marcado por presta\u00e7\u00f5es individuais de alto n\u00edvel. O norte-americano Aaron Russel, do Zawiercie, com 25 pontos, o tunisino Ben Tara, com 22, e o japon\u00eas Yuki Ishikawa, com 20, foram os principais artilheiros do jogo. Ver estat\u00edstica <a href=\"https:\/\/www-old.cev.eu\/Competition-Area\/MatchStatistics.aspx?ID=78159\">AQUI<\/a><\/p>\n<p>Para Miguel Tavares Rodrigues, de 32 anos, esta final representava a culmina\u00e7\u00e3o de uma campanha hist\u00f3rica para o Zawiercie, que se estreou nesta fase da competi\u00e7\u00e3o. O distribuidor da Selec\u00e7\u00e3o Nacional, que cumpre a sua quarta \u00e9poca ao servi\u00e7o do clube polaco, j\u00e1 havia conquistado uma Ta\u00e7a e uma Superta\u00e7a da Pol\u00f3nia, al\u00e9m de ter sido vice-campe\u00e3o nas duas \u00faltimas temporadas.<\/p>\n<p>Na Final 4 da Liga dos Campe\u00f5es estiveram presentes mais dois portugueses: Leonel Salgueiro, Diretor T\u00e9cnico Nacional e Vice-Presidente da CEV, e Avelino Azevedo, Presidente do Conselho de Arbitragem da FPV, que foi o Delegado de Arbitragem.<\/p>\n<p><span style=\"text-decoration: underline;\">A Selec\u00e7\u00e3o Nacional de Seniores Masculinos inicia amanh\u00e3 (19 de Maio) os trabalhos de prepara\u00e7\u00e3o da sua participa\u00e7\u00e3o na <strong><a href=\"https:\/\/www.cev.eu\/national-team\/european-leagues\/european-golden-league\/men\/\">European Golden League<\/a><\/strong>\u00a0(EGL) 2025. O est\u00e1gio arranca pelas 8h30, no Pavilh\u00e3o Municipal de Santa Maria Maior, em Viana do Castelo.<\/span><\/p>\n<p style=\"text-align: center;\"><strong>Um ponto que valeu a final<\/strong><\/p>\n<p>O caminho at\u00e9 \u00e0 final foi not\u00e1vel para o Zawiercie, que nas meias-finais eliminou o compatriota Jastrzebski num emocionante duelo que terminou com a vit\u00f3ria por 3-2, com parciais de 19-25, 18-25, 25-20, 25-19 e 22-20, num encontro que durou duas horas e 24 minutos. Curiosamente, foi um ponto de Miguel Tavares Rodrigues que selou a vit\u00f3ria nessa partida.<\/p>\n<p>Recorde-se que o Zawiercie garantiu a sua presen\u00e7a na Final Four, disputada em Lodz, ap\u00f3s um triunfo concludente por 3-1 sobre o clube alem\u00e3o Luneburg, num jogo em que Miguel Tavares Rodrigues foi eleito o MVP, com sete pontos, incluindo quatro servi\u00e7os diretos.<\/p>\n<p>Apesar da desilus\u00e3o da derrota na final, a campanha do Aluron CMC Warta Zawiercie e a presta\u00e7\u00e3o de Miguel Tavares Rodrigues nesta Liga dos Campe\u00f5es ficar\u00e3o para a hist\u00f3ria do voleibol portugu\u00eas. J\u00e1 o Jastrzebski W\u0119giel conseguiu arrecadar a medalha de bronze ao vencer o Halkbank Ankara por 3-1 (25-22, 26-24, 20-25, 25-18).<\/p>\n<p style=\"text-align: center;\"><span style=\"background-color: #000000; color: #ffffff;\"><img loading=\"lazy\" decoding=\"async\" class=\"size-full wp-image-40169 aligncenter\" src=\"https:\/\/fpvoleibol.pt\/fpv\/wp-content\/uploads\/2025\/05\/MVP_LC_2025_Dream.jpg\" alt=\"\" width=\"960\" height=\"639\" srcset=\"https:\/\/fpvoleibol.pt\/fpv\/wp-content\/uploads\/2025\/05\/MVP_LC_2025_Dream.jpg 960w, https:\/\/fpvoleibol.pt\/fpv\/wp-content\/uploads\/2025\/05\/MVP_LC_2025_Dream-300x200.jpg 300w, https:\/\/fpvoleibol.pt\/fpv\/wp-content\/uploads\/2025\/05\/MVP_LC_2025_Dream-768x511.jpg 768w\" sizes=\"auto, (max-width: 960px) 100vw, 960px\" \/>Dream Team da Final Four<\/span><\/p>\n<p><strong>Jogador Mais Valioso (MVP)<\/strong>: Simone Giannelli (Sir Sicoma Monini Perugia) .<br \/>\n<strong>Melhor distribuidor<\/strong>: Simone Giannelli (Sir Sicoma Monini Perugia).<br \/>\n<strong>Melhor oposto<\/strong>: Wassim Ben Tara (Sir Sicoma Monini Perugia).<br \/>\n<strong>Melhor zona 4<\/strong>: Tomasz Fornal (Jastrz\u0119bski W\u0119giel).<br \/>\n<strong>Melhor zona 4<\/strong>: Oleh Plotnytskyi (Sir Sicoma Monini Perugia).<br \/>\n<strong>Melhor l\u00edbero<\/strong>: Luke Perry (Aluron CMC Warta Zawiercie).<br \/>\n<strong>Melhor central<\/strong>: Anton Brehme (Jastrz\u0119bski W\u0119giel).<br \/>\n<strong>Melhor central<\/strong>: Mateusz Bieniek (Aluron CMC Warta Zawiercie).<\/p>\n<p style=\"text-align: center;\"><span style=\"text-decoration: underline;\"><strong>\u00c1rbitros e delegados portugueses em ac\u00e7\u00e3o<br \/>\nnas competi\u00e7\u00f5es internacionais<\/strong><\/span><\/p>\n<p><strong>Avelino Azevedo<\/strong><br \/>\nDelegado de Arbitragem na Final 4 da Liga dos Campe\u00f5es \u2013 masculinos, de 16 a 18 de Maio, na Pol\u00f3nia.<\/p>\n<p><strong>V\u00edtor Gon\u00e7alves<\/strong><br \/>\nXXXII Jogos Mundiais Universit\u00e1rios de Ver\u00e3o, de 16 a 27 de Julho de 2025, na Alemanha.<br \/>\nSu\u00ed\u00e7a x Su\u00e9cia, da Pool E da Fase de Qualifica\u00e7\u00e3o para o Campeonato da Europa de 2026 &#8211; Seniores Masculinos, no dia 16 de Agosto de 2025.<\/p>\n<p><strong>Pedro Pinto<\/strong><br \/>\nXXXII Jogos Mundiais Universit\u00e1rios de Ver\u00e3o, de 16 a 27 de Julho de 2025, na Alemanha.<\/p>\n<p><strong>Nuno Teixeira<\/strong><br \/>\nPool B da 2.\u00aa Ronda do Campeonato da Europa de Sub-22 Masculinos, de 11 a 17 de Julho, na Turquia.<br \/>\nEspanha x Su\u00ed\u00e7a, da Fase de Qualifica\u00e7\u00e3o para o Campeonato da Europa 2026 &#8211; Masculinos, no dia 13 de Agosto de 2025.<\/p>\n<p><strong>Sofia Costa<\/strong><br \/>\nFase Final do Campeonato da Europa de Sub-16 Masculinos, de 23 de Julho a 3 de Agosto, na Arm\u00e9nia.<\/p>\n<p><strong>Ricardo Ferreira<\/strong><br \/>\nLiga das Na\u00e7\u00f5es de Voleibol (VNL) \u2013 masculinos, em Chicago, nos Estados Unidos da Am\u00e9rica, de 25 a 29 de Junho.<br \/>\nCro\u00e1cia x Espanha, da European Golden League &#8211; Femininos, no dia 6 de Junho.<br \/>\nSu\u00e9cia x Cro\u00e1cia, da European Golden League &#8211; Femininos, no dia 7 de Junho.<\/p>\n<p><strong>Raquel Portela<br \/>\n<\/strong>Campeonato do Mundo de Sub-19 Femininos, de 3 a 13 de Julho, na Cro\u00e1cia e na S\u00e9rvia.<br \/>\nCampeonato do Mundo de Sub-19 Masculinos, de 24 de Julho a 3 de Agosto, no Uzbequist\u00e3o.<\/p>\n<p><strong>Nuno Maia<\/strong><br \/>\nB\u00e9lgica x Hungria, da Pool B da Fase de Qualifica\u00e7\u00e3o para o Campeonato da Europa 2026 &#8211; Femininos, no dia 6 de Agosto.<\/p>\n<p style=\"text-align: center;\">Mais informa\u00e7\u00f5es em\u00a0<a href=\"http:\/\/www.cev.eu\/\">cev.eu<\/a><\/p>\n","protected":false},"excerpt":{"rendered":"<p>O distribuidor da Selec\u00e7\u00e3o Nacional Miguel Tavares Rodrigues n\u00e3o conseguiu juntar o seu nome ao de Jo\u00e3o Jos\u00e9 na restrita lista de portugueses vencedores da Liga dos Campe\u00f5es. Na final [&hellip;]<\/p>\n","protected":false},"author":2,"featured_media":40164,"comment_status":"open","ping_status":"open","sticky":false,"template":"","format":"standard","meta":{"_monsterinsights_skip_tracking":false,"_monsterinsights_sitenote_active":false,"_monsterinsights_sitenote_note":"","_monsterinsights_sitenote_category":0,"footnotes":""},"categories":[13,20,8],"tags":[139,32,52],"class_list":{"0":"post-40159","1":"post","2":"type-post","3":"status-publish","4":"format-standard","5":"has-post-thumbnail","7":"category-arbitragem","8":"category-destaque","9":"category-voleibol","10":"tag-epoca-2024-2025","11":"tag-liga-dos-campeoes","12":"tag-portugueses-no-mundo","13":"czr-hentry"},"aioseo_notices":[],"_links":{"self":[{"href":"https:\/\/fpvoleibol.pt\/fpv\/wp-json\/wp\/v2\/posts\/40159","targetHints":{"allow":["GET"]}}],"collection":[{"href":"https:\/\/fpvoleibol.pt\/fpv\/wp-json\/wp\/v2\/posts"}],"about":[{"href":"https:\/\/fpvoleibol.pt\/fpv\/wp-json\/wp\/v2\/types\/post"}],"author":[{"embeddable":true,"href":"https:\/\/fpvoleibol.pt\/fpv\/wp-json\/wp\/v2\/users\/2"}],"replies":[{"embeddable":true,"href":"https:\/\/fpvoleibol.pt\/fpv\/wp-json\/wp\/v2\/comments?post=40159"}],"version-history":[{"count":10,"href":"https:\/\/fpvoleibol.pt\/fpv\/wp-json\/wp\/v2\/posts\/40159\/revisions"}],"predecessor-version":[{"id":40360,"href":"https:\/\/fpvoleibol.pt\/fpv\/wp-json\/wp\/v2\/posts\/40159\/revisions\/40360"}],"wp:featuredmedia":[{"embeddable":true,"href":"https:\/\/fpvoleibol.pt\/fpv\/wp-json\/wp\/v2\/media\/40164"}],"wp:attachment":[{"href":"https:\/\/fpvoleibol.pt\/fpv\/wp-json\/wp\/v2\/media?parent=40159"}],"wp:term":[{"taxonomy":"category","embeddable":true,"href":"https:\/\/fpvoleibol.pt\/fpv\/wp-json\/wp\/v2\/categories?post=40159"},{"taxonomy":"post_tag","embeddable":true,"href":"https:\/\/fpvoleibol.pt\/fpv\/wp-json\/wp\/v2\/tags?post=40159"}],"curies":[{"name":"wp","href":"https:\/\/api.w.org\/{rel}","templated":true}]}}