{"id":40099,"date":"2025-05-15T14:03:10","date_gmt":"2025-05-15T14:03:10","guid":{"rendered":"https:\/\/fpvoleibol.pt\/fpv\/?p=40099"},"modified":"2025-05-19T16:49:02","modified_gmt":"2025-05-19T16:49:02","slug":"european-golden-league-masculinos-2","status":"publish","type":"post","link":"https:\/\/fpvoleibol.pt\/fpv\/2025\/05\/15\/european-golden-league-masculinos-2\/","title":{"rendered":"EUROPEAN GOLDEN LEAGUE &#8211; MASCULINOS"},"content":{"rendered":"<p><img loading=\"lazy\" decoding=\"async\" class=\"size-full wp-image-40109 aligncenter\" src=\"https:\/\/fpvoleibol.pt\/fpv\/wp-content\/uploads\/2025\/05\/egl_calendar_m_d.jpg\" alt=\"\" width=\"960\" height=\"1440\" srcset=\"https:\/\/fpvoleibol.pt\/fpv\/wp-content\/uploads\/2025\/05\/egl_calendar_m_d.jpg 960w, https:\/\/fpvoleibol.pt\/fpv\/wp-content\/uploads\/2025\/05\/egl_calendar_m_d-200x300.jpg 200w, https:\/\/fpvoleibol.pt\/fpv\/wp-content\/uploads\/2025\/05\/egl_calendar_m_d-683x1024.jpg 683w, https:\/\/fpvoleibol.pt\/fpv\/wp-content\/uploads\/2025\/05\/egl_calendar_m_d-768x1152.jpg 768w\" sizes=\"auto, (max-width: 960px) 100vw, 960px\" \/>A Selec\u00e7\u00e3o Nacional de Seniores Masculinos inicia na pr\u00f3xima segunda-feira (19 de Maio), com 18 jogadores, os trabalhos de prepara\u00e7\u00e3o da sua participa\u00e7\u00e3o na <strong><a href=\"https:\/\/www.cev.eu\/national-team\/european-leagues\/european-golden-league\/men\/\">European Golden League<\/a><\/strong> (EGL) 2025. O est\u00e1gio arranca pelas 8h30, no Pavilh\u00e3o Municipal de Santa Maria Maior, em Viana do Castelo.<\/p>\n<p>Liderada por Jo\u00e3o Jos\u00e9, a Selec\u00e7\u00e3o Nacional de Seniores Masculinos far\u00e1 a sua estreia na European Golden League no Torneio 3, que se disputar\u00e1 na Gr\u00e9cia. No fim-de-semana de 6 a 8 de Junho, Portugal enfrentar\u00e1 a Espanha (s\u00e1bado) e a Gr\u00e9cia (domingo), enquanto gregos e espanh\u00f3is medir\u00e3o for\u00e7as na sexta-feira.<br \/>\nPortugal estreia-se em casa, mais concretamente no Pavilh\u00e3o Municipal Prof. Joaquim Vairinhos, em Loul\u00e9, onde disputou jogos da EGL 2024, no dia 13 de Junho.<\/p>\n<p style=\"text-align: center;\"><span style=\"text-decoration: underline;\">O pedido de ACREDITA\u00c7\u00c3O dos jornalistas para os jogos a disputar em Loul\u00e9 (13 a 15 de Junho 2025) dever\u00e1 ser efectuado <a href=\"https:\/\/fpvoleibol.pt\/fpv\/competicoes\/imprensa\/\">AQUI<\/a><\/span><\/p>\n<p style=\"text-align: center;\"><span style=\"background-color: #000000; color: #ffffff;\">Convocados<\/span><\/p>\n<p style=\"text-align: center;\"><b>AA Espinho<\/b><br \/>\nRafael Pinto<\/p>\n<p style=\"text-align: center;\"><b>Cast\u00ealo da Maia GC<\/b><br \/>\nGuilherme Menezes<\/p>\n<p style=\"text-align: center;\"><b>Leix\u00f5es SC<\/b><br \/>\nAndr\u00e9 Pereira<br \/>\nRafael Santos<\/p>\n<p style=\"text-align: center;\"><b>SC Espinho<\/b><br \/>\nJos\u00e9 Pedro Andrade<\/p>\n<p style=\"text-align: center;\"><b>SL Benfica<\/b><br \/>\nTiago Violas<br \/>\nIvo Casas<\/p>\n<p style=\"text-align: center;\"><b>Sporting CP<\/b><br \/>\nGon\u00e7alo Sousa<br \/>\nKelton Tavares<\/p>\n<p style=\"text-align: center;\"><b>Vit\u00f3ria SC<\/b><br \/>\nManuel Figueiredo<\/p>\n<p style=\"text-align: center;\"><b>CV San Roque Bat\u00e1n (Espanha)<\/b><br \/>\nJos\u00e9 Pinto<\/p>\n<p style=\"text-align: center;\"><b>Nice Volley-Ball (Fran\u00e7a)<\/b><br \/>\nBruno Dias<\/p>\n<p style=\"text-align: center;\"><b>Saint-Nazaire VB Atlantique (Fran\u00e7a)<\/b><br \/>\nLouren\u00e7o Martins<\/p>\n<p style=\"text-align: center;\"><b>Helios Grizzlys Giesen (Alemanha)<\/b><br \/>\nMiguel Sinfr\u00f3nio<\/p>\n<p style=\"text-align: center;\"><b>Tokyo Great Bears (Jap\u00e3o)<\/b><br \/>\nAlexandre Ferreira<\/p>\n<p style=\"text-align: center;\"><b>Nova Technology Lycurgus BV (P. Baixos)<\/b><br \/>\nNuno Marques<\/p>\n<p style=\"text-align: center;\"><b>Aluron Warta Zawiercie (Pol\u00f3nia)<\/b><br \/>\nMiguel Tavares Rodrigues<\/p>\n<p style=\"text-align: center;\"><b>SC Municipal Zalau (Rom\u00e9nia)<\/b><br \/>\nFilip Cveticanin<\/p>\n<p>A fase preliminar da <strong>European Golden League de 2025<\/strong> decorrer\u00e1 de 6 a 22 de Junho e seguir\u00e1 o formato da edi\u00e7\u00e3o anterior: as 12 selec\u00e7\u00f5es participantes ter\u00e3o a oportunidade de ser anfitri\u00e3s de um torneio, defrontando sempre advers\u00e1rios distintos, num total de seis oponentes.<\/p>\n<p>Em cada torneio, composto por tr\u00eas selec\u00e7\u00f5es, o organizador jogar\u00e1 \u00e0 sexta-feira e ao domingo, enquanto os visitantes se enfrentar\u00e3o ao s\u00e1bado. A classifica\u00e7\u00e3o geral englobar\u00e1 todas as equipas, sendo que as quatro melhores ser\u00e3o apuradas para a Final Four, agendada para os dias 4, 5 e 6 de Julho, em Ostrava, na Ch\u00e9quia.<\/p>\n<p>De 13 a 15 de Junho, Portugal ser\u00e1 o anfitri\u00e3o do Torneio 8 (Loul\u00e9), onde defrontar\u00e1 a Eslov\u00e1quia na sexta-feira e Israel no domingo. Eslovacos e israelitas jogar\u00e3o entre si no s\u00e1bado. A equipa de arbitragem ser\u00e1 formada por V\u00edtor Gon\u00e7alves (Portugal), Maria Rodriguez (Espanha) e Olivier Guillet (Fran\u00e7a).<\/p>\n<p>O Torneio 12 da fase preliminar, a realizar na Ch\u00e9quia, est\u00e1 marcado para os dias 20 a 22 de junho. A Rom\u00e9nia e a Ch\u00e9quia jogar\u00e3o na sexta-feira, seguindo-se os encontros de Portugal com a Rom\u00e9nia no s\u00e1bado e com a Ch\u00e9quia no domingo.<\/p>\n<p>A cidade checa de Ostrava ser\u00e1 palco da Final Four da European Golden League 2025, agendada para o primeiro fim-de-semana de Julho. Esta fase decisiva contar\u00e1 com as quatro melhores equipas da fase de grupos, que envolve um total de 12 selec\u00e7\u00f5es nacionais. A Golden League \u00e9 uma competi\u00e7\u00e3o que re\u00fane algumas das principais selec\u00e7\u00f5es europeias.<br \/>\nEste evento marca o regresso do Voleibol de alto n\u00edvel a Ostrava, que j\u00e1 acolheu o Campeonato da Europa de Seniores Masculinos em 2021 e a Final Four da Golden League feminina em 2024.<br \/>\nA jogar em casa, a Ch\u00e9quia procurar\u00e1 superar a medalha de bronze conquistada na edi\u00e7\u00e3o de 2024 da Liga Europeia.<br \/>\nA Ucr\u00e2nia, detentora do t\u00edtulo, n\u00e3o defender\u00e1 a sua conquista, uma vez que se qualificou para a Liga das Na\u00e7\u00f5es de Voleibol (VNL) de 2025. Os ucranianos derrotaram a Cro\u00e1cia para conquistar a medalha de ouro na Golden League 2024, enquanto a Ch\u00e9quia alcan\u00e7ou o 3.\u00ba lugar ao vencer a Est\u00f3nia na disputa pelo bronze.<br \/>\nComo anfitri\u00e3 da Final Four, a Ch\u00e9quia est\u00e1 automaticamente qualificada para a fase final. Caso termine abaixo do 4.\u00ba lugar na fase de grupos, substituir\u00e1 nas meias-finais a selec\u00e7\u00e3o que se classificar em 4.\u00ba lugar na fase preliminar.<\/p>\n<p>Na <a href=\"https:\/\/www.cev.eu\/national-team\/european-leagues\/european-golden-league\/history\/\">E<span style=\"text-decoration: underline;\">uropean Golden League 2024<\/span><\/a>, disputada de 17 de Maio a 2 de Junho sob um novo formato, Portugal recebeu em Loul\u00e9 o Luxemburgo (3-0) e a Espanha (3-1). Posteriormente, na Rom\u00e9nia, enfrentou a Cro\u00e1cia (1-3) e a Rom\u00e9nia (3-2). A participa\u00e7\u00e3o lusa prosseguiu na Pol\u00f3nia (territ\u00f3rio neutro\/Ucr\u00e2nia), onde a Selec\u00e7\u00e3o Nacional defrontou a Ucr\u00e2nia (1-3) e a B\u00e9lgica (2-3), terminando em 6.\u00ba\/8.\u00ba lugar na classifica\u00e7\u00e3o geral.<\/p>\n<p style=\"text-align: center;\"><span style=\"background-color: #000000; color: #ffffff;\">Mundial 2025 e Europeu 2026<\/span><\/p>\n<p>A Selec\u00e7\u00e3o Nacional est\u00e1 qualificada (directamente) para a fase final do <a href=\"http:\/\/www.cev.eu\">Campeonato da Europa 2026<\/a>, que se realizar\u00e1 em quatro pa\u00edses: Rom\u00e9nia, Bulg\u00e1ria, Finl\u00e2ndia e It\u00e1lia. Portugal participar\u00e1 pela quarta vez consecutiva no Europeu, marcando presen\u00e7a na fase final da competi\u00e7\u00e3o pela oitava vez: 1948, 1951, 2005, 2011, 2019, 2021, 2023 e 2026.<\/p>\n<p>A Selec\u00e7\u00e3o Nacional marcar\u00e1 tamb\u00e9m presen\u00e7a na fase final do <a href=\"http:\/\/www.fivb.com\">Campeonato do Mundo de 2025<\/a>, a disputar nas Filipinas de 12 a 28 de Setembro. Portugal voltar\u00e1 a competir numa fase final do Campeonato do Mundo 23 anos ap\u00f3s a hist\u00f3rica participa\u00e7\u00e3o no Mundial da Argentina, sendo esta a terceira presen\u00e7a no seu historial.<\/p>\n<p>A estreia da Selec\u00e7\u00e3o Nacional no Campeonato do Mundo de 2025 ser\u00e1 frente \u00e0 sua cong\u00e9nere cubana. A reedi\u00e7\u00e3o de v\u00e1rios confrontos hist\u00f3ricos com Cuba (na antiga Liga Mundial) est\u00e1 marcada para as 6h30 (hora de Portugal) do dia 13 de Setembro. Seguir-se-\u00e3o os jogos com os Estados Unidos da Am\u00e9rica, no dia 15 de Setembro, \u00e0s 14h00, e com a Col\u00f4mbia, a 17 de Setembro, pelas 3h00 (hora de Portugal).<\/p>\n<p>O Campeonato do Mundo de 2025 decorrer\u00e1 de 12 a 28 de Setembro em Manila, capital das Filipinas, tendo como palcos o Smart Araneta Coliseum e a SM Mall of Asia Arena. O p\u00fablico poder\u00e1 assistir a um total de 64 jogos ao longo dos 17 dias de competi\u00e7\u00e3o.<\/p>\n<p><strong>NOTA<\/strong>: Foram cinco as selec\u00e7\u00f5es nacionais que conseguiram o apuramento para as respectivas fases do Campeonato da Europa: Sub-18 Masculinos, Sub-20 Femininos, Sub-22 Femininos, Sub-22 Masculinos e Seniores Masculinos, sendo que a de Seniores Femininos ainda se encontra a disputar a fase de qualifica\u00e7\u00e3o.<\/p>\n<p style=\"text-align: center;\"><span style=\"text-decoration: underline;\"><strong>\u00c1rbitros portugueses em ac\u00e7\u00e3o<br \/>\nna Golden league &#8211; masculinos<\/strong><\/span><\/p>\n<p><strong>V\u00edtor Gon\u00e7alves<br \/>\n<\/strong>Israel x Eslov\u00e1quia, da European Golden League &#8211; Masculinos, no dia 14 de Junho, em Loul\u00e9.<\/p>\n<p style=\"text-align: center;\">Mais informa\u00e7\u00f5es em\u00a0<a href=\"http:\/\/www.cev.eu\/\">cev.eu<\/a> \/ <a href=\"http:\/\/www.fivb.com\">www.fivb.com<\/a><\/p>\n","protected":false},"excerpt":{"rendered":"<p>A Selec\u00e7\u00e3o Nacional de Seniores Masculinos inicia na pr\u00f3xima segunda-feira (19 de Maio), com 18 jogadores, os trabalhos de prepara\u00e7\u00e3o da sua participa\u00e7\u00e3o na European Golden League (EGL) 2025. O [&hellip;]<\/p>\n","protected":false},"author":2,"featured_media":40107,"comment_status":"open","ping_status":"open","sticky":false,"template":"","format":"standard","meta":{"_monsterinsights_skip_tracking":false,"_monsterinsights_sitenote_active":false,"_monsterinsights_sitenote_note":"","_monsterinsights_sitenote_category":0,"footnotes":""},"categories":[20,8],"tags":[139,153,162],"class_list":{"0":"post-40099","1":"post","2":"type-post","3":"status-publish","4":"format-standard","5":"has-post-thumbnail","7":"category-destaque","8":"category-voleibol","9":"tag-epoca-2024-2025","10":"tag-european-golden-league-2025","11":"tag-european-golden-league-men-2025","12":"czr-hentry"},"aioseo_notices":[],"_links":{"self":[{"href":"https:\/\/fpvoleibol.pt\/fpv\/wp-json\/wp\/v2\/posts\/40099","targetHints":{"allow":["GET"]}}],"collection":[{"href":"https:\/\/fpvoleibol.pt\/fpv\/wp-json\/wp\/v2\/posts"}],"about":[{"href":"https:\/\/fpvoleibol.pt\/fpv\/wp-json\/wp\/v2\/types\/post"}],"author":[{"embeddable":true,"href":"https:\/\/fpvoleibol.pt\/fpv\/wp-json\/wp\/v2\/users\/2"}],"replies":[{"embeddable":true,"href":"https:\/\/fpvoleibol.pt\/fpv\/wp-json\/wp\/v2\/comments?post=40099"}],"version-history":[{"count":14,"href":"https:\/\/fpvoleibol.pt\/fpv\/wp-json\/wp\/v2\/posts\/40099\/revisions"}],"predecessor-version":[{"id":40192,"href":"https:\/\/fpvoleibol.pt\/fpv\/wp-json\/wp\/v2\/posts\/40099\/revisions\/40192"}],"wp:featuredmedia":[{"embeddable":true,"href":"https:\/\/fpvoleibol.pt\/fpv\/wp-json\/wp\/v2\/media\/40107"}],"wp:attachment":[{"href":"https:\/\/fpvoleibol.pt\/fpv\/wp-json\/wp\/v2\/media?parent=40099"}],"wp:term":[{"taxonomy":"category","embeddable":true,"href":"https:\/\/fpvoleibol.pt\/fpv\/wp-json\/wp\/v2\/categories?post=40099"},{"taxonomy":"post_tag","embeddable":true,"href":"https:\/\/fpvoleibol.pt\/fpv\/wp-json\/wp\/v2\/tags?post=40099"}],"curies":[{"name":"wp","href":"https:\/\/api.w.org\/{rel}","templated":true}]}}