{"id":40054,"date":"2025-05-13T14:54:14","date_gmt":"2025-05-13T14:54:14","guid":{"rendered":"https:\/\/fpvoleibol.pt\/fpv\/?p=40054"},"modified":"2025-05-19T10:56:14","modified_gmt":"2025-05-19T10:56:14","slug":"uma-liga-dos-campeoes-para-conquistar","status":"publish","type":"post","link":"https:\/\/fpvoleibol.pt\/fpv\/2025\/05\/13\/uma-liga-dos-campeoes-para-conquistar\/","title":{"rendered":"UMA LIGA DOS CAMPE\u00d5ES PARA CONQUISTAR"},"content":{"rendered":"<p><img loading=\"lazy\" decoding=\"async\" class=\"size-full wp-image-38976 aligncenter\" src=\"https:\/\/fpvoleibol.pt\/fpv\/wp-content\/uploads\/2025\/03\/MTR_mvp_LC_dd01.jpg\" alt=\"\" width=\"960\" height=\"640\" srcset=\"https:\/\/fpvoleibol.pt\/fpv\/wp-content\/uploads\/2025\/03\/MTR_mvp_LC_dd01.jpg 960w, https:\/\/fpvoleibol.pt\/fpv\/wp-content\/uploads\/2025\/03\/MTR_mvp_LC_dd01-300x200.jpg 300w, https:\/\/fpvoleibol.pt\/fpv\/wp-content\/uploads\/2025\/03\/MTR_mvp_LC_dd01-768x512.jpg 768w\" sizes=\"auto, (max-width: 960px) 100vw, 960px\" \/>A <strong>Final Four da Liga dos Campe\u00f5es \u2013 masculinos<\/strong>, a realizar nos dias 16, 17 e 18 de Maio na cidade polaca de Lodz, tem como participantes as equipas do <a href=\"https:\/\/www.aluroncmc.pl\/\" target=\"_blank\" rel=\"noopener noreferrer\">Aluron Warta CMC Zawiercie<\/a>, de Miguel Tavares Rodrigues, e JSW Jastrzebski Wegiel, ambas da Pol\u00f3nia, o Halkbank Ankara, da Turquia, e o Sir Sicoma Monini Perugia, de It\u00e1lia. As quatro equipas tiveram percursos distintos at\u00e9 \u00e0 fase final. Os jogos das semifinais colocar\u00e3o frente a frente o Aluron CMC Warta Zawiercie <em>versus<\/em> o JSW Jastrzebski Wegiel, num duelo polaco, e o Halkbank Ankara <em>vs<\/em> o Sir Sicoma Monini Perugia.<\/p>\n<p>O Aluron CMC Warta Zawiercie estreia-se na fase final da Liga dos Campe\u00f5es. Miguel Tavares Rodrigues, de 32 anos, cumpre a quarta \u00e9poca ao servi\u00e7o do Warta Zawiercie, clube pelo qual j\u00e1\u00a0 ergueu uma Ta\u00e7a e a <a href=\"https:\/\/fpvoleibol.pt\/fpv\/2024\/09\/25\/miguel-ergue-supertaca-na-polonia\/\">Superta\u00e7a Polaca<\/a>, bem como foi vice-campe\u00e3o nas duas \u00faltimas temporadas. <span style=\"font-size: 10px;\"><strong>Foto: <a href=\"https:\/\/www.aluroncmc.pl\/\" target=\"_blank\" rel=\"noopener noreferrer\">AWCMC Zawiercie<\/a><\/strong><\/span><br \/>\nO distribuidor da Selec\u00e7\u00e3o Nacional foi o MVP no triunfo por 3-1 \u2013 rubricou sete pontos, com quatro servi\u00e7os directos \u2013 sobre o clube alem\u00e3o Luneburg que apurou a equipa polaca do Aluron Zawiercie para a Final 4 da Liga dos Campe\u00f5es, um feito in\u00e9dito.<\/p>\n<p>&#8220;<em>\u00c9 sempre bom fazer hist\u00f3ria pelo clube. Penso que o Aluron CMC Warta Zawiercie acreditou em mim desde a primeira \u00e9poca com as cores verde e amarela e eu simplesmente tento retribuir isso e n\u00e3o paro de ultrapassar barreiras e os nossos limites. Vamos ver onde isto nos leva. Em cada \u00e9poca damos mais um passo em frente na nossa qualidade, por isso \u00e9 importante continuar a avan\u00e7ar <\/em><em>tamb\u00e9m este ano<\/em>&#8220;, sentenciou Miguel.<\/p>\n<p>Outros portugueses brilharam na principal competi\u00e7\u00e3o de clubes. O central Jo\u00e3o Jos\u00e9, actual Seleccionador Nacional, foi o primeiro jogador portugu\u00eas a vencer a \u00abChampions\u00bb. Sagrou-se campe\u00e3o europeu de clubes em 2006\/2007 pelos alem\u00e3es do VFR Friedrichshafen, tendo sido o atacante mais eficaz da fase regular da Liga dos Campe\u00f5es (2004\/05).<br \/>\nEm 2004\/2005, Hugo Gaspar, antigo internacional e jogador do SL Benfica, representou o Sisley Treviso, de It\u00e1lia, que seria campe\u00e3o europeu na \u00e9poca seguinte, mas j\u00e1 sem o oposto portugu\u00eas.<\/p>\n<p>O Aluron CMC Warta Zawiercie venceu os seus oito jogos da Liga dos Campe\u00f5es, qualificando-se para a Final Four, que se realizar\u00e1 a menos de duzentos quil\u00f3metros da sua cidade.<br \/>\nNas meias-finais, defrontar\u00e1 no s\u00e1bado os seus compatriotas do JSW Jastrzebski Wegiel, sendo este o quinto encontro entre as equipas esta \u00e9poca, com vit\u00f3rias alternadas em finais e na <a href=\"http:\/\/www.plusliga.pl\">PlusLiga<\/a>.<br \/>\nA outra meia-final ser\u00e1 disputada, um dia antes, pelos italianos do Sir Sicoma Monini Perugia e pelos turcos do Halkbank Ankara.<br \/>\nO portugu\u00eas Avelino Azevedo, Presidente do Conselho de Arbitragem da FPV, ser\u00e1 o Delegado de Arbitragem na Final 4 da Liga dos Campe\u00f5es \u2013 masculinos, de 16 a 18 de Maio, na Pol\u00f3nia.<\/p>\n<p style=\"text-align: center;\"><span style=\"background-color: #000000; color: #ffffff;\">Final Four<\/span><br \/>\n<span style=\"background-color: #000000; color: #ffffff;\">(Atlas Arena \u2013 Lodz)<\/span><\/p>\n<p style=\"text-align: center;\"><strong>16.maio.2025<\/strong><br \/>\n19h00 \u2013 Sir Sicoma Monini Perugia (It\u00e1lia) x Halkbank Ankara (Turquia)<\/p>\n<p style=\"text-align: center;\"><strong>17.maio.2025<\/strong><br \/>\n13h45 \u2013 Aluron CMC Warta Zawiercie (Pol\u00f3nia) x JSW Jastrzebski Wegiel (Pol\u00f3nia)<\/p>\n<p style=\"text-align: center;\"><strong>18.maio.2025<\/strong><br \/>\n15h00 \u2013 Jogo de atribui\u00e7\u00e3o dos 3.\u00ba e 4.\u00ba lugares<br \/>\n19h05 \u2013 Final<\/p>\n<p><span style=\"text-decoration: underline;\">Atletas \/ t\u00e9cnicos que actuam no estrangeiro e\/ou com<b> *inscri\u00e7\u00e3o em 2024\/2025<\/b>:<\/span><\/p>\n<p><strong><span style=\"text-decoration: underline;\">Processo conclu\u00eddo<\/span><\/strong><\/p>\n<p><a href=\"https:\/\/tokyo-greatbears.com\/\">Tokyo Great Bears (Jap\u00e3o)<\/a> \u2013 Alexandre Ferreira<br \/>\n<a href=\"https:\/\/www.aluroncmc.pl\/\" target=\"_blank\" rel=\"noopener noreferrer\">Aluron Warta Zawiercie (Pol\u00f3nia)<\/a> \u2013 Miguel Tavares Rodrigues<br \/>\n<a href=\"http:\/\/www.snvba.net\/\" target=\"_blank\" rel=\"noopener noreferrer\">Saint-Nazaire VB Atlantique (Fran\u00e7a)<\/a> \u2013 Louren\u00e7o Martins<br \/>\n<a href=\"https:\/\/www.nicevolleyball.fr\/\">Nice Volley-Ball (Fran\u00e7a)<\/a> \u2013 Bruno Dias<br \/>\n<a href=\"https:\/\/www.volerolecannet.fr\/fr\/\">Volero Le Cannet (Fran\u00e7a)<\/a> \u2013 Nilda Hungulo Matuca<br \/>\n<a href=\"https:\/\/www.uspvolleyball.fr\/senior-feminine\/\">US Palaiseau (Fran\u00e7a)<\/a> \u2013 Sara Teodoro<br \/>\n<a href=\"https:\/\/www.rioduerovoley.com\/\">CDV R\u00edo Duero Soria (Espanha)<\/a> \u2013 Bruno Cunha<br \/>\n<a href=\"https:\/\/www.voleysanroque.com\/\">CV San Roque Bat\u00e1n (Espanha)<\/a> \u2013 Jos\u00e9 Pinto<br \/>\n<a href=\"https:\/\/clubvoleibolkiele.com\/\">CV Kiele Socu\u00e9llamos (Espanha)<\/a> \u2013 Andria Pr\u00edncipe<br \/>\n<a href=\"https:\/\/www.facebook.com\/clubvoleibolvalldhebron?locale=pt_PT\">Club Voleibol Vall D&#8217;Hebron (Espanha)<\/a> \u2013 Maria Patr\u00edcio Tavares<br \/>\n<a href=\"https:\/\/scmzalau.ro\/volei\/\">Sport Club Municipal Zalau (Rom\u00e9nia)<\/a> \u2013 Filip Cveticanin<br \/>\n<a href=\"https:\/\/okmaribor.si\/\">OK i-Vent Maribor (Eslov\u00e9nia)<\/a>\u00a0\u2013 Gustavo Cavalcanti<br \/>\n<a href=\"https:\/\/www.pallavoloconcorezzo.org\/\">Pallavolo Concorezzo (It\u00e1lia) <\/a>\u2013 J\u00falia Kavalenka<br \/>\n<a href=\"https:\/\/prismatarantovolley.it\/\">Prisma Taranto Volley (It\u00e1lia)<\/a> \u2013 Diogo Fevereiro<br \/>\n<a href=\"https:\/\/homeofgrizzlys.de\/\">Helios Grizzlys Giesen (Alemanha)<\/a>\u00a0\u2013 Miguel Sinfr\u00f3nio<br \/>\n<a href=\"http:\/\/www.vbc-kl.de\/\">VBC Kaiserslautern e.V. (Alemanha)<\/a> \u2013 J\u00e9ssica C\u00e2ndida Soares<br \/>\n<a href=\"https:\/\/le-volleys.de\/1damen\/\">L.E. Volleys e.V.<\/a> (Alemanha) \u2013 Lorena Matilde Silveira<br \/>\n<a href=\"https:\/\/www.lycurgus.nl\/\">Nova Technology Lycurgus BV (Pa\u00edses Baixos)<\/a> \u2013 Nuno Marques<br \/>\n<a href=\"https:\/\/kladno.volejbal.cz\/\">Kladno Volejbal cz (Ch\u00e9quia)<\/a> \u2013 Jos\u00e9 Neves<br \/>\n<a href=\"https:\/\/www.uvcgraz.at\/\">UVC Holding Graz (\u00c1ustria)<\/a>\u00a0\u2013 Jos\u00e9 Jardim<br \/>\n<a href=\"https:\/\/vcwolfurt.at\/\">Raiffeisen VC Wolfurt (\u00c1ustria)<\/a> \u2013 Cristiana Branco<br \/>\n<a href=\"https:\/\/lepimoos.at\/volleyball\/\">USV Leopoldskron-Moos<\/a> (\u00c1ustria) \u2013 Lara Bernardo dos Santos<br \/>\n<a href=\"https:\/\/brse.hu\/\">B\u00e9k\u00e9scsabai R\u00f6plabda SE (Hungria)<\/a>\u00a0\u2013 Marta Hurst<br \/>\n<a href=\"https:\/\/www.facebook.com\/nadialkhowildiah\/?checkpoint_src=any\">Al Khowildiah (Ar\u00e1bia Saudita<\/a>) \u2013 Jos\u00e9 Pedro Gomes<br \/>\n<a href=\"https:\/\/www.amagervolley.dk\/\">Amager VK (Dinamarca)<\/a> \u2013 Arthur Galipeau<br \/>\n<a href=\"https:\/\/www.hvk.dk\/\">Hvidovre Volleyball Klub (Dinamarca)<\/a> \u2013 Jos\u00e9 Casas<br \/>\n<a href=\"https:\/\/www.cosf-sports.com\/page\/1546914-accueil\">Club Omnisports de Saint-Fons (Fran\u00e7a<\/a>) \u2013 Natalia Herasymiv<br \/>\n<a href=\"https:\/\/plvpb-volley.org\/\">Association Sportive Villette Paul Bert (Fran\u00e7a)<\/a> \u2013 Laura Dias<br \/>\n<a href=\"https:\/\/www.facebook.com\/wissousvolley\/\">Union Sportive Wissous VB (Fran\u00e7a)<\/a>\u00a0\u2013 Joana Filipa Ferreira Lobo<br \/>\n<a href=\"https:\/\/rvb-volleyball.sportsregions.fr\/\">Rieux-Villers-Brenouille Volley (Fran\u00e7a)<\/a> \u2013 Mafalda Baptista Martins<br \/>\n<a href=\"https:\/\/djk-muenchen-ost.de\/home\/volleyball\/\">DJK M\u00fcnchen-Ost e.V. (Alemanha)<\/a> \u2013 Nuno Soares<br \/>\n<a href=\"https:\/\/www.fcschuettorf09.de\/\">FC Sch\u00fcttorf 09 (Alemanha)<\/a> \u2013 Jos\u00e9 Vinha<br \/>\n<a href=\"https:\/\/southamptonvolleyball.co.uk\/\">Southampton Volleyball Club (Inglaterra)<\/a> \u2013 Dina Grosu<br \/>\n<a href=\"https:\/\/southamptonvolleyball.co.uk\/\">Southampton Volleyball Club (Inglaterra)<\/a>\u00a0\u2013 Ema Sofia Carneiro<br \/>\n<a href=\"https:\/\/southamptonvolleyball.co.uk\/\">Southampton Volleyball Club (Inglaterra)<\/a>\u00a0\u2013 Maria Lima Antunes<br \/>\n<a href=\"https:\/\/www.richmondvolleyball.co.uk\/\">Richmond Volleyball (Inglaterra)<\/a> \u2013 Jo\u00e3o Alves<br \/>\n<a href=\"https:\/\/www.dartfordvolleyballclub.co.uk\/\">Dartford Volleyball Club (Inglaterra)<\/a> \u2013 Mariana Cruz Santos<br \/>\n<a href=\"http:\/\/www.darkstarvolleyball.com\/our-teams\/male-player\/\">Darkstar Derbyshire (Inglaterra)<\/a> \u2013 Marcelo Goulart<br \/>\n<a href=\"https:\/\/www.facebook.com\/CambridgeVC\/\">Cambridge VC (Inglaterra)<\/a> \u2013 Vasco Martins Lopes<br \/>\n<a href=\"https:\/\/www.vcs.lu\/\">VC Strassen (Luxemburgo)<\/a> \u2013 Ashley Rose Fantazia<br \/>\n<a href=\"https:\/\/www.facebook.com\/VolleyClubBelair\/?checkpoint_src=any\">Volleyball Club Belair (Luxemburgo)<\/a> \u2013 Carlos Castro<br \/>\n<a href=\"https:\/\/www.vopap.ch\/\">Volleyball Papierm\u00fchle (Su\u00ed\u00e7a)<\/a> \u2013 Maria Cristina Sousa<\/p>\n<p>(&#8230;)<\/p>\n<p><span style=\"text-decoration: underline;\"><span class=\"auto-style7\"><strong>Treinadores\/Scouters<\/strong><\/span><\/span>:<br \/>\n<a href=\"https:\/\/www.facebook.com\/toursvolleyball\">Tours VB (Fran\u00e7a)<\/a> \u2013 David Sousa<br \/>\n<a href=\"https:\/\/www.vnvb.fr\/\">Vand\u0153uvre Nancy Volley-Ball (Fran\u00e7a)<\/a> \u2013 Andr\u00e9 S\u00e1<br \/>\n<a href=\"https:\/\/clubvoleibolkiele.com\/\">CV Kiele Socu\u00e9llamos (Espanha)<\/a> \u2013 R\u00faben Fevereiro<br \/>\n<a href=\"https:\/\/www.volerolecannet.fr\/fr\/\">Volero Le Cannet (Fran\u00e7a)<\/a> \u2013 H\u00e9lder Louren\u00e7o<br \/>\n<a style=\"color: #001b2e;\" href=\"https:\/\/www.alsafa.sa\/\">Al Safa (Ar\u00e1bia Saudita)<\/a>\u00a0\u2013 Idner Martins<br \/>\n<a href=\"http:\/\/bvc-volei.org\/site\/\">Barueri Volleyball Club (Brasil)<\/a> \u2013 Bruno Leite<br \/>\n<a href=\"https:\/\/www.vbczu.ch\/home.php\">VBC Z\u00fcri Unterland (Su\u00ed\u00e7a)<\/a>\u00a0\u2013 Filipe Carrasco Soares<br \/>\n<a href=\"https:\/\/www.facebook.com\/ZESARVFM\/\">Volleyball Franches-Montagnes (Su\u00ed\u00e7a)<\/a> &#8211; Eduardo Faustino<br \/>\n<a href=\"https:\/\/www.facebook.com\/Cork-Volleyball-Academy-100484505416947\/\">Cork Volleyball Academy (Irlanda)<\/a> \u2013 Ant\u00f3nio Barros<\/p>\n<p style=\"text-align: center;\"><span style=\"text-decoration: underline;\"><strong>\u00c1rbitros e delegados portugueses em ac\u00e7\u00e3o<br \/>\nnas competi\u00e7\u00f5es internacionais<\/strong><\/span><\/p>\n<p><strong>Avelino Azevedo<\/strong><br \/>\nDelegado de Arbitragem na Final 4 da Liga dos Campe\u00f5es \u2013 masculinos, de 16 a 18 de Maio, na Pol\u00f3nia.<\/p>\n<p><strong>V\u00edtor Gon\u00e7alves<br \/>\n<\/strong>Israel x Eslov\u00e1quia, da European Golden League &#8211; Masculinos, no dia 14 de Junho, em Loul\u00e9.<br \/>\nXXXII Jogos Mundiais Universit\u00e1rios de Ver\u00e3o, de 16 a 27 de Julho de 2025, na Alemanha.<br \/>\nSu\u00ed\u00e7a x Su\u00e9cia, da Pool E da Fase de Qualifica\u00e7\u00e3o para o Campeonato da Europa de 2026 &#8211; Seniores Masculinos, no dia 16 de Agosto de 2025.<\/p>\n<p><strong>Pedro Pinto<\/strong><br \/>\nEslov\u00e9nia x Ucr\u00e2nia, da European Golden League &#8211; Femininos, no dia 7 de Junho, em Vila do Conde.<br \/>\nPortugal x Eslov\u00e9nia, da European Golden League &#8211; Femininos, no dia 8 de Junho, em Vila do Conde.<br \/>\nXXXII Jogos Mundiais Universit\u00e1rios de Ver\u00e3o, de 16 a 27 de Julho de 2025, na Alemanha.<\/p>\n<p><strong>Nuno Teixeira<\/strong><br \/>\nPool B da 2.\u00aa Ronda do Campeonato da Europa de Sub-22 Masculinos, de 11 a 17 de Julho, na Turquia.<\/p>\n<p><strong>Sofia Costa<\/strong><br \/>\nFase Final do Campeonato da Europa de Sub-16 Masculinos, de 23 de Julho a 3 de Agosto, na Arm\u00e9nia.<\/p>\n<p><strong>Ricardo Ferreira<\/strong><br \/>\nLiga das Na\u00e7\u00f5es de Voleibol (VNL) \u2013 masculinos, em Chicago, nos Estados Unidos da Am\u00e9rica, de 25 a 29 de Junho.<br \/>\nCro\u00e1cia x Espanha, da European Golden League &#8211; Femininos, no dia 6 de Junho, em Espanha.<br \/>\nSu\u00e9cia x Cro\u00e1cia, da European Golden League &#8211; Femininos, no dia 7 de Junho, em Espanha.<\/p>\n<p><strong>Raquel Portela<br \/>\n<\/strong>Campeonato do Mundo de Sub-19 Femininos, de 3 a 13 de Julho, na Cro\u00e1cia e na S\u00e9rvia.<br \/>\nCampeonato do Mundo de Sub-19 Masculinos, de 24 de Julho a 3 de Agosto, no Uzbequist\u00e3o.<\/p>\n<p><strong>Nuno Maia<\/strong><br \/>\nB\u00e9lgica x Hungria, da Pool B da Fase de Qualifica\u00e7\u00e3o para o Campeonato da Europa 2026 &#8211; Femininos, no dia 6 de Agosto.<\/p>\n<p style=\"text-align: center;\">Mais informa\u00e7\u00f5es em\u00a0<a href=\"http:\/\/www.cev.eu\/\">cev.eu<\/a><\/p>\n","protected":false},"excerpt":{"rendered":"<p>A Final Four da Liga dos Campe\u00f5es \u2013 masculinos, a realizar nos dias 16, 17 e 18 de Maio na cidade polaca de Lodz, tem como participantes as equipas do [&hellip;]<\/p>\n","protected":false},"author":2,"featured_media":40060,"comment_status":"open","ping_status":"open","sticky":false,"template":"","format":"standard","meta":{"_monsterinsights_skip_tracking":false,"_monsterinsights_sitenote_active":false,"_monsterinsights_sitenote_note":"","_monsterinsights_sitenote_category":0,"footnotes":""},"categories":[13,8],"tags":[139,32],"class_list":{"0":"post-40054","1":"post","2":"type-post","3":"status-publish","4":"format-standard","5":"has-post-thumbnail","7":"category-arbitragem","8":"category-voleibol","9":"tag-epoca-2024-2025","10":"tag-liga-dos-campeoes","11":"czr-hentry"},"aioseo_notices":[],"_links":{"self":[{"href":"https:\/\/fpvoleibol.pt\/fpv\/wp-json\/wp\/v2\/posts\/40054","targetHints":{"allow":["GET"]}}],"collection":[{"href":"https:\/\/fpvoleibol.pt\/fpv\/wp-json\/wp\/v2\/posts"}],"about":[{"href":"https:\/\/fpvoleibol.pt\/fpv\/wp-json\/wp\/v2\/types\/post"}],"author":[{"embeddable":true,"href":"https:\/\/fpvoleibol.pt\/fpv\/wp-json\/wp\/v2\/users\/2"}],"replies":[{"embeddable":true,"href":"https:\/\/fpvoleibol.pt\/fpv\/wp-json\/wp\/v2\/comments?post=40054"}],"version-history":[{"count":5,"href":"https:\/\/fpvoleibol.pt\/fpv\/wp-json\/wp\/v2\/posts\/40054\/revisions"}],"predecessor-version":[{"id":40180,"href":"https:\/\/fpvoleibol.pt\/fpv\/wp-json\/wp\/v2\/posts\/40054\/revisions\/40180"}],"wp:featuredmedia":[{"embeddable":true,"href":"https:\/\/fpvoleibol.pt\/fpv\/wp-json\/wp\/v2\/media\/40060"}],"wp:attachment":[{"href":"https:\/\/fpvoleibol.pt\/fpv\/wp-json\/wp\/v2\/media?parent=40054"}],"wp:term":[{"taxonomy":"category","embeddable":true,"href":"https:\/\/fpvoleibol.pt\/fpv\/wp-json\/wp\/v2\/categories?post=40054"},{"taxonomy":"post_tag","embeddable":true,"href":"https:\/\/fpvoleibol.pt\/fpv\/wp-json\/wp\/v2\/tags?post=40054"}],"curies":[{"name":"wp","href":"https:\/\/api.w.org\/{rel}","templated":true}]}}