{"id":39977,"date":"2025-05-09T11:07:26","date_gmt":"2025-05-09T11:07:26","guid":{"rendered":"https:\/\/fpvoleibol.pt\/fpv\/?p=39977"},"modified":"2025-05-12T08:46:07","modified_gmt":"2025-05-12T08:46:07","slug":"encontro-nacional-de-gira-volei","status":"publish","type":"post","link":"https:\/\/fpvoleibol.pt\/fpv\/2025\/05\/09\/encontro-nacional-de-gira-volei\/","title":{"rendered":"ENCONTRO NACIONAL DE GIRA-VOLEI"},"content":{"rendered":"<p data-sourcepos=\"3:1-3:326\"><img loading=\"lazy\" decoding=\"async\" class=\"size-full wp-image-40004 aligncenter\" src=\"https:\/\/fpvoleibol.pt\/fpv\/wp-content\/uploads\/2025\/05\/altitudefm_d_GV.jpg\" alt=\"\" width=\"960\" height=\"562\" srcset=\"https:\/\/fpvoleibol.pt\/fpv\/wp-content\/uploads\/2025\/05\/altitudefm_d_GV.jpg 960w, https:\/\/fpvoleibol.pt\/fpv\/wp-content\/uploads\/2025\/05\/altitudefm_d_GV-300x176.jpg 300w, https:\/\/fpvoleibol.pt\/fpv\/wp-content\/uploads\/2025\/05\/altitudefm_d_GV-768x450.jpg 768w\" sizes=\"auto, (max-width: 960px) 100vw, 960px\" \/>A cidade da Guarda ser\u00e1, pela primeira vez, palco do Encontro Nacional de Gira-Volei, nos dias 31 de Maio e 1 de Junho. O Parque Urbano do Rio Diz, habitualmente palco de diversos encontros regionais, foi o local escolhido para acolher a fase final desta competi\u00e7\u00e3o que re\u00fane os melhores atletas de Gira-Volei do Pa\u00eds.<\/p>\n<p data-sourcepos=\"5:1-5:209\">A iniciativa foi apresentada em confer\u00eancia de imprensa na passada quarta-feira, marcando o culminar de um ano de conv\u00edvios, encontros municipais e regionais que se desenrolaram por todo o territ\u00f3rio nacional. <span style=\"font-size: 10px;\">Foto: <a href=\"https:\/\/www.altitude.fm\/actualidade\/guarda-recebe-pela-primeira-vez-encontro-nacional-de-gira-volei\/\">R\u00e1dio Altitude<\/a><\/span><\/p>\n<p data-sourcepos=\"7:1-7:431\">Nuno Lemos, Presidente da Associa\u00e7\u00e3o de Voleibol da Guarda, expressou a sua enorme satisfa\u00e7\u00e3o e motiva\u00e7\u00e3o com a atribui\u00e7\u00e3o da organiza\u00e7\u00e3o deste evento \u00e0 cidade:<br \/>\n&#8220;<em>\u00c9 com enorme satisfa\u00e7\u00e3o e motiva\u00e7\u00e3o que a Associa\u00e7\u00e3o de Voleibol da Guarda, o munic\u00edpio e a cidade recebem a organiza\u00e7\u00e3o da Final Nacional do Gira-Volei 2025. Era um desejo de h\u00e1 muitos anos e um objectivo do nosso saudoso M\u00e1rio Sucena, que este ano se vai concretizar<\/em>.&#8221;<\/p>\n<p data-sourcepos=\"9:1-9:329\"><img loading=\"lazy\" decoding=\"async\" class=\" wp-image-40010 alignleft\" src=\"https:\/\/fpvoleibol.pt\/fpv\/wp-content\/uploads\/2025\/05\/gv_guarda_dd2a.jpg\" alt=\"\" width=\"565\" height=\"461\" srcset=\"https:\/\/fpvoleibol.pt\/fpv\/wp-content\/uploads\/2025\/05\/gv_guarda_dd2a.jpg 960w, https:\/\/fpvoleibol.pt\/fpv\/wp-content\/uploads\/2025\/05\/gv_guarda_dd2a-300x245.jpg 300w, https:\/\/fpvoleibol.pt\/fpv\/wp-content\/uploads\/2025\/05\/gv_guarda_dd2a-768x627.jpg 768w\" sizes=\"auto, (max-width: 565px) 100vw, 565px\" \/>O presidente da associa\u00e7\u00e3o sublinhou ainda o empenho da organiza\u00e7\u00e3o em proporcionar uma experi\u00eancia memor\u00e1vel a todos os participantes.<br \/>\n&#8220;<em>Tudo faremos para que seja uma experi\u00eancia inesquec\u00edvel para todos<\/em>&#8220;, afirmou Nuno Lemos, figura central no desenvolvimento do Gira-Volei na regi\u00e3o sensivelmente a partir da implementa\u00e7\u00e3o do programa federativo.<\/p>\n<p data-sourcepos=\"9:1-9:329\">O evento desportivo dever\u00e1 contar com cerca de mil atletas oriundos de todo o Pa\u00eds.<br \/>\nRui Melo, Vereador do Desporto da C\u00e2mara Municipal da Guarda, sublinhou que o Munic\u00edpio &#8220;<em>abra\u00e7ou, desde o primeiro momento<\/em>&#8220;, a realiza\u00e7\u00e3o desta Fase Final, tendo lan\u00e7ado um apelo para que o com\u00e9rcio possa estar aberto ao p\u00fablico, uma vez que v\u00e3o estar na cidade cerca de 5 mil pessoas ligadas \u00e0 iniciativa.<\/p>\n<p data-sourcepos=\"11:1-11:376\">Desde a sua primeira edi\u00e7\u00e3o, em 2000, na Figueira da Foz, o Encontro Nacional de Gira-Volei j\u00e1 passou por diversas cidades, com Castelo de Vide a liderar o n\u00famero de acolhimentos (10 vezes, quatro delas consecutivas), seguido por Oeiras (5), Portim\u00e3o (2) e, com uma edi\u00e7\u00e3o cada, Matosinhos\/Macedo de Cavaleiros, Viana do Castelo, Torres Vedras, Maia, Miranda do Douro e Viseu.<\/p>\n<p data-sourcepos=\"13:1-13:548\">Na confer\u00eancia de imprensa, o Munic\u00edpio da Guarda esteve representado por Rui Melo, Vereador respons\u00e1vel pelos Pelouros da Divis\u00e3o de Desporto e Sa\u00fade, da Divis\u00e3o do Ambiente, da Divis\u00e3o do Planeamento e Gest\u00e3o Urban\u00edstica, Divis\u00e3o de Mobilidade e Turismo e Valoriza\u00e7\u00e3o do Territ\u00f3rio. A Federa\u00e7\u00e3o Portuguesa de Voleibol (FPV) fez-se representar por Leonel Salgueiro, Director T\u00e9cnico Nacional, e por Rafaela Silva, respons\u00e1vel do Departamento de Gira-Volei da FPV. A Associa\u00e7\u00e3o de Voleibol da Guarda, como foi referido, contou com a presen\u00e7a do seu Presidente, Nuno Lemos.<\/p>\n<p data-sourcepos=\"15:1-15:303\"><img loading=\"lazy\" decoding=\"async\" class=\"size-full wp-image-40014 aligncenter\" src=\"https:\/\/fpvoleibol.pt\/fpv\/wp-content\/uploads\/2025\/05\/gv_guarda_dd4.jpg\" alt=\"\" width=\"960\" height=\"640\" srcset=\"https:\/\/fpvoleibol.pt\/fpv\/wp-content\/uploads\/2025\/05\/gv_guarda_dd4.jpg 960w, https:\/\/fpvoleibol.pt\/fpv\/wp-content\/uploads\/2025\/05\/gv_guarda_dd4-300x200.jpg 300w, https:\/\/fpvoleibol.pt\/fpv\/wp-content\/uploads\/2025\/05\/gv_guarda_dd4-768x512.jpg 768w\" sizes=\"auto, (max-width: 960px) 100vw, 960px\" \/>Entretanto, tamb\u00e9m na quarta-feira, realizou-se o Encontro Regional de Gira-Volei da Guarda, que apurou as duplas da regi\u00e3o para a grande final nacional. O evento contou com a participa\u00e7\u00e3o de 380 atletas, acompanhados por 40 professores e 30 elementos da organiza\u00e7\u00e3o, resultando em 400 jogos disputados.<\/p>\n<p style=\"text-align: center;\"><span style=\"background-color: #000000; color: #ffffff;\">Encontros Regionais 2025<\/span><\/p>\n<p style=\"text-align: center;\">7 de Maio \u2013 Guarda (AVG)<br \/>\n7 de Maio \u2013 Beja (AVAL)<br \/>\n8 de Maio \u2013 Torres Vedras (AVL)<br \/>\n10 de Maio \u2013 Famalic\u00e3o (AVB)<br \/>\n11 de Maio \u2013 Montemor-o-Velho (AVC)<br \/>\n12 de Maio \u2013 Leiria (AVLei)<br \/>\n15 de Maio \u2013 Marina de Viana do Castelo (AVVC)<br \/>\n17 de Maio \u2013 Lamego (AVV)<br \/>\n17 de Maio \u2013 Porto (AVP)<br \/>\n21 de Maio \u2013 Loul\u00e9\/Albufeira (AVAL)<br \/>\n24 de Maio \u2013 Mirandela (AVTM)<\/p>\n<p style=\"text-align: center;\"><img loading=\"lazy\" decoding=\"async\" class=\"size-full wp-image-40007 aligncenter\" src=\"https:\/\/fpvoleibol.pt\/fpv\/wp-content\/uploads\/2025\/05\/gv_guarda_dd3.jpg\" alt=\"\" width=\"960\" height=\"540\" srcset=\"https:\/\/fpvoleibol.pt\/fpv\/wp-content\/uploads\/2025\/05\/gv_guarda_dd3.jpg 960w, https:\/\/fpvoleibol.pt\/fpv\/wp-content\/uploads\/2025\/05\/gv_guarda_dd3-300x169.jpg 300w, https:\/\/fpvoleibol.pt\/fpv\/wp-content\/uploads\/2025\/05\/gv_guarda_dd3-768x432.jpg 768w, https:\/\/fpvoleibol.pt\/fpv\/wp-content\/uploads\/2025\/05\/gv_guarda_dd3-528x297.jpg 528w\" sizes=\"auto, (max-width: 960px) 100vw, 960px\" \/>Mais informa\u00e7\u00f5es em\u00a0<a href=\"http:\/\/www.giravolei.com\/\">www.giravolei.com<\/a><\/p>\n","protected":false},"excerpt":{"rendered":"<p>A cidade da Guarda ser\u00e1, pela primeira vez, palco do Encontro Nacional de Gira-Volei, nos dias 31 de Maio e 1 de Junho. O Parque Urbano do Rio Diz, habitualmente [&hellip;]<\/p>\n","protected":false},"author":2,"featured_media":40008,"comment_status":"open","ping_status":"open","sticky":false,"template":"","format":"standard","meta":{"_monsterinsights_skip_tracking":false,"_monsterinsights_sitenote_active":false,"_monsterinsights_sitenote_note":"","_monsterinsights_sitenote_category":0,"footnotes":""},"categories":[12],"tags":[139],"class_list":{"0":"post-39977","1":"post","2":"type-post","3":"status-publish","4":"format-standard","5":"has-post-thumbnail","7":"category-gira-volei","8":"tag-epoca-2024-2025","9":"czr-hentry"},"aioseo_notices":[],"_links":{"self":[{"href":"https:\/\/fpvoleibol.pt\/fpv\/wp-json\/wp\/v2\/posts\/39977","targetHints":{"allow":["GET"]}}],"collection":[{"href":"https:\/\/fpvoleibol.pt\/fpv\/wp-json\/wp\/v2\/posts"}],"about":[{"href":"https:\/\/fpvoleibol.pt\/fpv\/wp-json\/wp\/v2\/types\/post"}],"author":[{"embeddable":true,"href":"https:\/\/fpvoleibol.pt\/fpv\/wp-json\/wp\/v2\/users\/2"}],"replies":[{"embeddable":true,"href":"https:\/\/fpvoleibol.pt\/fpv\/wp-json\/wp\/v2\/comments?post=39977"}],"version-history":[{"count":8,"href":"https:\/\/fpvoleibol.pt\/fpv\/wp-json\/wp\/v2\/posts\/39977\/revisions"}],"predecessor-version":[{"id":40015,"href":"https:\/\/fpvoleibol.pt\/fpv\/wp-json\/wp\/v2\/posts\/39977\/revisions\/40015"}],"wp:featuredmedia":[{"embeddable":true,"href":"https:\/\/fpvoleibol.pt\/fpv\/wp-json\/wp\/v2\/media\/40008"}],"wp:attachment":[{"href":"https:\/\/fpvoleibol.pt\/fpv\/wp-json\/wp\/v2\/media?parent=39977"}],"wp:term":[{"taxonomy":"category","embeddable":true,"href":"https:\/\/fpvoleibol.pt\/fpv\/wp-json\/wp\/v2\/categories?post=39977"},{"taxonomy":"post_tag","embeddable":true,"href":"https:\/\/fpvoleibol.pt\/fpv\/wp-json\/wp\/v2\/tags?post=39977"}],"curies":[{"name":"wp","href":"https:\/\/api.w.org\/{rel}","templated":true}]}}