{"id":39926,"date":"2025-05-06T13:40:13","date_gmt":"2025-05-06T13:40:13","guid":{"rendered":"https:\/\/fpvoleibol.pt\/fpv\/?p=39926"},"modified":"2025-05-06T13:40:13","modified_gmt":"2025-05-06T13:40:13","slug":"fase-final-de-juvenis-femininos-2","status":"publish","type":"post","link":"https:\/\/fpvoleibol.pt\/fpv\/2025\/05\/06\/fase-final-de-juvenis-femininos-2\/","title":{"rendered":"FASE FINAL DE JUVENIS FEMININOS"},"content":{"rendered":"<p><img loading=\"lazy\" decoding=\"async\" class=\"size-full wp-image-39929 aligncenter\" src=\"https:\/\/fpvoleibol.pt\/fpv\/wp-content\/uploads\/2025\/05\/FFcartaz_juvfem_d.jpg\" alt=\"\" width=\"960\" height=\"1357\" srcset=\"https:\/\/fpvoleibol.pt\/fpv\/wp-content\/uploads\/2025\/05\/FFcartaz_juvfem_d.jpg 960w, https:\/\/fpvoleibol.pt\/fpv\/wp-content\/uploads\/2025\/05\/FFcartaz_juvfem_d-212x300.jpg 212w, https:\/\/fpvoleibol.pt\/fpv\/wp-content\/uploads\/2025\/05\/FFcartaz_juvfem_d-724x1024.jpg 724w, https:\/\/fpvoleibol.pt\/fpv\/wp-content\/uploads\/2025\/05\/FFcartaz_juvfem_d-768x1086.jpg 768w\" sizes=\"auto, (max-width: 960px) 100vw, 960px\" \/>A Fase Final do Campeonato Nacional de Juvenis Femininos realiza-se nos dias 9, 10 e 11 de Maio no Pavilh\u00e3o Municipal de Pa\u00e7os de Ferreira.<\/p>\n<p style=\"text-align: center;\"><span style=\"background-color: #000000; color: #ffffff;\">CALEND\u00c1RIO<\/span><\/p>\n<p style=\"text-align: center;\"><strong>9.05.2025 (Sexta-feira)<\/strong><br \/>\n19h00 \u2013 PV\/Col\u00e9gio Efanor x Marinha Grande VC<br \/>\n21h30 \u2013 Juventude Pacense x CF \u00abOs Belenenses\u00bb<\/p>\n<p style=\"text-align: center;\"><strong>10.05.2025 (S\u00e1bado)<\/strong><br \/>\n15h00 \u2013 Marinha Grande VC x Juventude Pacense<br \/>\n17h30 \u2013 CF \u00abOs Belenenses\u00bb x PV\/Col\u00e9gio Efanor<\/p>\n<p style=\"text-align: center;\"><strong>11.05.2025 (Domingo)<\/strong><br \/>\n15h00 \u2013 Marinha Grande VC x CF \u00abOs Belenenses\u00bb<br \/>\n17h30 \u2013 PV\/Col\u00e9gio Efanor x Juventude Pacense<\/p>\n<p style=\"text-align: center;\"><strong>Pavilh\u00e3o <\/strong>Municipal de P. Ferreira.<\/p>\n<p style=\"text-align: center;\">Mais informa\u00e7\u00f5es <a href=\"https:\/\/fpvoleibol.pt\/fpv\/competicoes\/fases-finais-2024-2025\/\">AQUI<\/a><\/p>\n","protected":false},"excerpt":{"rendered":"<p>A Fase Final do Campeonato Nacional de Juvenis Femininos realiza-se nos dias 9, 10 e 11 de Maio no Pavilh\u00e3o Municipal de Pa\u00e7os de Ferreira. CALEND\u00c1RIO 9.05.2025 (Sexta-feira) 19h00 \u2013 [&hellip;]<\/p>\n","protected":false},"author":2,"featured_media":39928,"comment_status":"open","ping_status":"open","sticky":false,"template":"","format":"standard","meta":{"_monsterinsights_skip_tracking":false,"_monsterinsights_sitenote_active":false,"_monsterinsights_sitenote_note":"","_monsterinsights_sitenote_category":0,"footnotes":""},"categories":[11,8],"tags":[139,91],"class_list":{"0":"post-39926","1":"post","2":"type-post","3":"status-publish","4":"format-standard","5":"has-post-thumbnail","7":"category-formacao","8":"category-voleibol","9":"tag-epoca-2024-2025","10":"tag-fases-finais","11":"czr-hentry"},"aioseo_notices":[],"_links":{"self":[{"href":"https:\/\/fpvoleibol.pt\/fpv\/wp-json\/wp\/v2\/posts\/39926","targetHints":{"allow":["GET"]}}],"collection":[{"href":"https:\/\/fpvoleibol.pt\/fpv\/wp-json\/wp\/v2\/posts"}],"about":[{"href":"https:\/\/fpvoleibol.pt\/fpv\/wp-json\/wp\/v2\/types\/post"}],"author":[{"embeddable":true,"href":"https:\/\/fpvoleibol.pt\/fpv\/wp-json\/wp\/v2\/users\/2"}],"replies":[{"embeddable":true,"href":"https:\/\/fpvoleibol.pt\/fpv\/wp-json\/wp\/v2\/comments?post=39926"}],"version-history":[{"count":1,"href":"https:\/\/fpvoleibol.pt\/fpv\/wp-json\/wp\/v2\/posts\/39926\/revisions"}],"predecessor-version":[{"id":39931,"href":"https:\/\/fpvoleibol.pt\/fpv\/wp-json\/wp\/v2\/posts\/39926\/revisions\/39931"}],"wp:featuredmedia":[{"embeddable":true,"href":"https:\/\/fpvoleibol.pt\/fpv\/wp-json\/wp\/v2\/media\/39928"}],"wp:attachment":[{"href":"https:\/\/fpvoleibol.pt\/fpv\/wp-json\/wp\/v2\/media?parent=39926"}],"wp:term":[{"taxonomy":"category","embeddable":true,"href":"https:\/\/fpvoleibol.pt\/fpv\/wp-json\/wp\/v2\/categories?post=39926"},{"taxonomy":"post_tag","embeddable":true,"href":"https:\/\/fpvoleibol.pt\/fpv\/wp-json\/wp\/v2\/tags?post=39926"}],"curies":[{"name":"wp","href":"https:\/\/api.w.org\/{rel}","templated":true}]}}