{"id":39793,"date":"2025-04-29T11:34:36","date_gmt":"2025-04-29T11:34:36","guid":{"rendered":"https:\/\/fpvoleibol.pt\/fpv\/?p=39793"},"modified":"2025-05-05T09:12:21","modified_gmt":"2025-05-05T09:12:21","slug":"portugueses-no-mundo-144","status":"publish","type":"post","link":"https:\/\/fpvoleibol.pt\/fpv\/2025\/04\/29\/portugueses-no-mundo-144\/","title":{"rendered":"PORTUGUESES NO MUNDO"},"content":{"rendered":"<p><img loading=\"lazy\" decoding=\"async\" class=\"size-full wp-image-39799 aligncenter\" src=\"https:\/\/fpvoleibol.pt\/fpv\/wp-content\/uploads\/2025\/04\/MTR_aluron_fest.jpg\" alt=\"\" width=\"960\" height=\"640\" srcset=\"https:\/\/fpvoleibol.pt\/fpv\/wp-content\/uploads\/2025\/04\/MTR_aluron_fest.jpg 960w, https:\/\/fpvoleibol.pt\/fpv\/wp-content\/uploads\/2025\/04\/MTR_aluron_fest-300x200.jpg 300w, https:\/\/fpvoleibol.pt\/fpv\/wp-content\/uploads\/2025\/04\/MTR_aluron_fest-768x512.jpg 768w\" sizes=\"auto, (max-width: 960px) 100vw, 960px\" \/>O <a href=\"https:\/\/www.aluroncmc.pl\/\" target=\"_blank\" rel=\"noopener noreferrer\">Aluron Warta Zawiercie<\/a>, de Miguel Tavares Rodrigues, come\u00e7a a disputar amanh\u00e3, em casa, o t\u00edtulo da <a href=\"https:\/\/www.plusliga.pl\/\">PlusLiga<\/a>, o principal campeonato polaco, frente ao Bogdanka LUK Lublin, vencedor da Challenge Cup em 2024\/2025. <span style=\"font-size: 10px;\"><strong>Foto: <a href=\"https:\/\/www.aluroncmc.pl\/\">AWZ<\/a><\/strong><\/span><br \/>\nNas meias-finais, a equipa do distribuidor portugu\u00eas eliminou o Asseco Resovia Rzesz\u00f3w ao alcan\u00e7ar um triunfo fora de portas no jogo decisivo do play-off: <a href=\"https:\/\/www.plusliga.pl\/games\/action\/show\/id\/1104118.html#stats\">3-2 (25-19, 21-25, 21-25, 25-19 e 16-14)<\/a>, com Miguel a rubricar 5 pontos (2 ataques, 2 servi\u00e7os e 1 bloco). O Lublin, antiga equipa de Alexandre Ferreira, afastou, igualmente por 2-1, o JSW Jastrzebski Wegiel, campe\u00e3o polaco em t\u00edtulo.<br \/>\nDepois de\u00a0n\u00e3o conseguir <a href=\"https:\/\/www.plusliga.pl\/ppcup\/id\/3.html\">revalidar<\/a> a vit\u00f3ria na Ta\u00e7a da Pol\u00f3nia (<a href=\"https:\/\/www.plusliga.pl\/ppcup.html\">Tauron Pucharu Polski<\/a>) ao perder na final com o Jastrzebski, o Aluron vai voltar a enfrentar o seu <em>velho rival<\/em> nas meias-finais (17 de Maio) da Final Four da Liga dos Campe\u00f5es, que ter\u00e1 por palco o Atlas Arena da cidade polaca de Lodz.<br \/>\nA outra meia-final ser\u00e1 disputada, um dia antes, pelos italianos do Sir Sicoma Monini Perugia e pelos turcos do Halkbank Ankara.<\/p>\n<p><img loading=\"lazy\" decoding=\"async\" class=\" wp-image-39800 alignleft\" src=\"https:\/\/fpvoleibol.pt\/fpv\/wp-content\/uploads\/2025\/04\/jornadaplayoffs2_bruno.jpg\" alt=\"\" width=\"172\" height=\"215\" srcset=\"https:\/\/fpvoleibol.pt\/fpv\/wp-content\/uploads\/2025\/04\/jornadaplayoffs2_bruno.jpg 960w, https:\/\/fpvoleibol.pt\/fpv\/wp-content\/uploads\/2025\/04\/jornadaplayoffs2_bruno-240x300.jpg 240w, https:\/\/fpvoleibol.pt\/fpv\/wp-content\/uploads\/2025\/04\/jornadaplayoffs2_bruno-819x1024.jpg 819w, https:\/\/fpvoleibol.pt\/fpv\/wp-content\/uploads\/2025\/04\/jornadaplayoffs2_bruno-768x960.jpg 768w\" sizes=\"auto, (max-width: 172px) 100vw, 172px\" \/>O <a href=\"https:\/\/www.rioduerovoley.com\/\">CDV R\u00edo Duero Soria<\/a>, de <a href=\"https:\/\/rfevb-web.dataproject.com\/BestPlayerRankingComplete.aspx?ID=138&amp;rt=4\">Bruno Cunha<\/a>, recebe no dia 2 de Maio o campe\u00e3o CV Guaguas num jogo decisivo da final da <a href=\"https:\/\/www.rfevb.com\/superliga-masculina-clasificacion\">Superliga<\/a>, j\u00e1 que perdeu os dois primeiros embates do Play-off do t\u00edtulo pela margem m\u00e1xima. Se necess\u00e1rio, o quarto e o quinto jogos ser\u00e3o disputados em 3 de Maio (Soria) e 10 de Maio (Las Palmas).<br \/>\nA equipa do oposto portugu\u00eas, que continua a liderar a <a href=\"https:\/\/rfevb-web.dataproject.com\/BestPlayerRankingComplete.aspx?ID=138&amp;rt=4\">lista dos melhores pontuadores<\/a>, superou, nas meias-finais, o UPV Leleman Conqueridor, vencendo os dois jogos, respectivamente por 3-2 e 3-1. <span style=\"font-size: 10px;\"><strong>Imagem: <a href=\"https:\/\/www.rfevb.com\/superliga-masculina-clasificacion\">RFEVB<\/a><\/strong><\/span><\/p>\n<p>No Jap\u00e3o, o <a href=\"https:\/\/tokyo-greatbears.com\/\">Tokyo Great Bears,<\/a> de Alexandre Ferreira, perdeu, no Play-off dos quartos-de-final da <a href=\"https:\/\/www.svleague.jp\/en\/sv_men\/match\/list?pg=2&amp;league_id[]=18&amp;pref=&amp;team=495&amp;calender=\">SV League<\/a> por duplo 1-3 no recinto do Jtekt Stings Aichi, equipa que ultrapassou depois o Osaka Bluteon nas meias-finais e ir\u00e1 disputar o Play-off final com o Suntory Sunbirds.<\/p>\n<p>Na Ch\u00e9quia, e ap\u00f3s ter ocupado a vice-lideran\u00e7a do campeonato durante grande parte da temporada, o <a href=\"https:\/\/kladno.volejbal.cz\/\">Kladno Volejbal cz,<\/a> de Jos\u00e9 Neves, classificou-se no 7.\u00ba lugar da <a href=\"https:\/\/www.cvf.cz\/extraliga-muzi\/\">Extraliga Masculina<\/a> ao vencer (3-2, fora, e 3-1, em casa) o VK Ben\u00e1tky nad Jizerou.<\/p>\n<p><span style=\"text-decoration: underline;\">Atletas \/ t\u00e9cnicos que actuam no estrangeiro e\/ou com<b> *inscri\u00e7\u00e3o em 2024\/2025<\/b>:<\/span><\/p>\n<p><strong><span style=\"text-decoration: underline;\">Processo conclu\u00eddo<\/span><\/strong><\/p>\n<p><a href=\"https:\/\/tokyo-greatbears.com\/\">Tokyo Great Bears (Jap\u00e3o)<\/a> \u2013 Alexandre Ferreira<br \/>\n<a href=\"https:\/\/www.aluroncmc.pl\/\" target=\"_blank\" rel=\"noopener noreferrer\">Aluron Warta Zawiercie (Pol\u00f3nia)<\/a> \u2013 Miguel Tavares Rodrigues<br \/>\n<a href=\"http:\/\/www.snvba.net\/\" target=\"_blank\" rel=\"noopener noreferrer\">Saint-Nazaire VB Atlantique (Fran\u00e7a)<\/a> \u2013 Louren\u00e7o Martins<br \/>\n<a href=\"https:\/\/www.nicevolleyball.fr\/\">Nice Volley-Ball (Fran\u00e7a)<\/a> \u2013 Bruno Dias<br \/>\n<a href=\"https:\/\/www.volerolecannet.fr\/fr\/\">Volero Le Cannet (Fran\u00e7a)<\/a> \u2013 Nilda Hungulo Matuca<br \/>\n<a href=\"https:\/\/www.uspvolleyball.fr\/senior-feminine\/\">US Palaiseau (Fran\u00e7a)<\/a> \u2013 Sara Teodoro<br \/>\n<a href=\"https:\/\/www.rioduerovoley.com\/\">CDV R\u00edo Duero Soria (Espanha)<\/a> \u2013 Bruno Cunha<br \/>\n<a href=\"https:\/\/www.voleysanroque.com\/\">CV San Roque Bat\u00e1n (Espanha)<\/a> \u2013 Jos\u00e9 Pinto<br \/>\n<a href=\"https:\/\/clubvoleibolkiele.com\/\">CV Kiele Socu\u00e9llamos (Espanha)<\/a> \u2013 Andria Pr\u00edncipe<br \/>\n<a href=\"https:\/\/www.facebook.com\/clubvoleibolvalldhebron?locale=pt_PT\">Club Voleibol Vall D&#8217;Hebron (Espanha)<\/a> \u2013 Maria Patr\u00edcio Tavares<br \/>\n<a href=\"https:\/\/scmzalau.ro\/volei\/\">Sport Club Municipal Zalau (Rom\u00e9nia)<\/a> \u2013 Filip Cveticanin<br \/>\n<a href=\"https:\/\/okmaribor.si\/\">OK i-Vent Maribor (Eslov\u00e9nia)<\/a>\u00a0\u2013 Gustavo Cavalcanti<br \/>\n<a href=\"https:\/\/www.pallavoloconcorezzo.org\/\">Pallavolo Concorezzo (It\u00e1lia) <\/a>\u2013 J\u00falia Kavalenka<br \/>\n<a href=\"https:\/\/prismatarantovolley.it\/\">Prisma Taranto Volley (It\u00e1lia)<\/a> \u2013 Diogo Fevereiro<br \/>\n<a href=\"https:\/\/homeofgrizzlys.de\/\">Helios Grizzlys Giesen (Alemanha)<\/a>\u00a0\u2013 Miguel Sinfr\u00f3nio<br \/>\n<a href=\"http:\/\/www.vbc-kl.de\/\">VBC Kaiserslautern e.V. (Alemanha)<\/a> \u2013 J\u00e9ssica C\u00e2ndida Soares<br \/>\n<a href=\"https:\/\/le-volleys.de\/1damen\/\">L.E. Volleys e.V.<\/a> (Alemanha) \u2013 Lorena Matilde Silveira<br \/>\n<a href=\"https:\/\/www.lycurgus.nl\/\">Nova Technology Lycurgus BV (Pa\u00edses Baixos)<\/a> \u2013 Nuno Marques<br \/>\n<a href=\"https:\/\/kladno.volejbal.cz\/\">Kladno Volejbal cz (Ch\u00e9quia)<\/a> \u2013 Jos\u00e9 Neves<br \/>\n<a href=\"https:\/\/www.uvcgraz.at\/\">UVC Holding Graz (\u00c1ustria)<\/a>\u00a0\u2013 Jos\u00e9 Jardim<br \/>\n<a href=\"https:\/\/vcwolfurt.at\/\">Raiffeisen VC Wolfurt (\u00c1ustria)<\/a> \u2013 Cristiana Branco<br \/>\n<a href=\"https:\/\/lepimoos.at\/volleyball\/\">USV Leopoldskron-Moos<\/a> (\u00c1ustria) \u2013 Lara Bernardo dos Santos<br \/>\n<a href=\"https:\/\/brse.hu\/\">B\u00e9k\u00e9scsabai R\u00f6plabda SE (Hungria)<\/a>\u00a0\u2013 Marta Hurst<br \/>\n<a href=\"https:\/\/www.facebook.com\/nadialkhowildiah\/?checkpoint_src=any\">Al Khowildiah (Ar\u00e1bia Saudita<\/a>) \u2013 Jos\u00e9 Pedro Gomes<br \/>\n<a href=\"https:\/\/www.amagervolley.dk\/\">Amager VK (Dinamarca)<\/a> \u2013 Arthur Galipeau<br \/>\n<a href=\"https:\/\/www.hvk.dk\/\">Hvidovre Volleyball Klub (Dinamarca)<\/a> \u2013 Jos\u00e9 Casas<br \/>\n<a href=\"https:\/\/www.cosf-sports.com\/page\/1546914-accueil\">Club Omnisports de Saint-Fons (Fran\u00e7a<\/a>) \u2013 Natalia Herasymiv<br \/>\n<a href=\"https:\/\/plvpb-volley.org\/\">Association Sportive Villette Paul Bert (Fran\u00e7a)<\/a> \u2013 Laura Dias<br \/>\n<a href=\"https:\/\/www.facebook.com\/wissousvolley\/\">Union Sportive Wissous VB (Fran\u00e7a)<\/a>\u00a0\u2013 Joana Filipa Ferreira Lobo<br \/>\n<a href=\"https:\/\/rvb-volleyball.sportsregions.fr\/\">Rieux-Villers-Brenouille Volley (Fran\u00e7a)<\/a> \u2013 Mafalda Baptista Martins<br \/>\n<a href=\"https:\/\/djk-muenchen-ost.de\/home\/volleyball\/\">DJK M\u00fcnchen-Ost e.V. (Alemanha)<\/a> \u2013 Nuno Soares<br \/>\n<a href=\"https:\/\/www.fcschuettorf09.de\/\">FC Sch\u00fcttorf 09 (Alemanha)<\/a> \u2013 Jos\u00e9 Vinha<br \/>\n<a href=\"https:\/\/southamptonvolleyball.co.uk\/\">Southampton Volleyball Club (Inglaterra)<\/a> \u2013 Dina Grosu<br \/>\n<a href=\"https:\/\/southamptonvolleyball.co.uk\/\">Southampton Volleyball Club (Inglaterra)<\/a>\u00a0\u2013 Ema Sofia Carneiro<br \/>\n<a href=\"https:\/\/southamptonvolleyball.co.uk\/\">Southampton Volleyball Club (Inglaterra)<\/a>\u00a0\u2013 Maria Lima Antunes<br \/>\n<a href=\"https:\/\/www.richmondvolleyball.co.uk\/\">Richmond Volleyball (Inglaterra)<\/a> \u2013 Jo\u00e3o Alves<br \/>\n<a href=\"https:\/\/www.dartfordvolleyballclub.co.uk\/\">Dartford Volleyball Club (Inglaterra)<\/a> \u2013 Mariana Cruz Santos<br \/>\n<a href=\"http:\/\/www.darkstarvolleyball.com\/our-teams\/male-player\/\">Darkstar Derbyshire (Inglaterra)<\/a> \u2013 Marcelo Goulart<br \/>\n<a href=\"https:\/\/www.facebook.com\/CambridgeVC\/\">Cambridge VC (Inglaterra)<\/a> \u2013 Vasco Martins Lopes<br \/>\n<a href=\"https:\/\/www.vcs.lu\/\">VC Strassen (Luxemburgo)<\/a> \u2013 Ashley Rose Fantazia<br \/>\n<a href=\"https:\/\/www.facebook.com\/VolleyClubBelair\/?checkpoint_src=any\">Volleyball Club Belair (Luxemburgo)<\/a> \u2013 Carlos Castro<br \/>\n<a href=\"https:\/\/www.vopap.ch\/\">Volleyball Papierm\u00fchle (Su\u00ed\u00e7a)<\/a> \u2013 Maria Cristina Sousa<\/p>\n<p>(&#8230;)<\/p>\n<p><span style=\"text-decoration: underline;\"><span class=\"auto-style7\"><strong>Treinadores\/Scouters<\/strong><\/span><\/span>:<br \/>\n<a href=\"https:\/\/www.facebook.com\/toursvolleyball\">Tours VB (Fran\u00e7a)<\/a> \u2013 David Sousa<br \/>\n<a href=\"https:\/\/www.vnvb.fr\/\">Vand\u0153uvre Nancy Volley-Ball (Fran\u00e7a)<\/a> \u2013 Andr\u00e9 S\u00e1<br \/>\n<a href=\"https:\/\/clubvoleibolkiele.com\/\">CV Kiele Socu\u00e9llamos (Espanha)<\/a> \u2013 R\u00faben Fevereiro<br \/>\n<a href=\"https:\/\/www.volerolecannet.fr\/fr\/\">Volero Le Cannet (Fran\u00e7a)<\/a> \u2013 H\u00e9lder Louren\u00e7o<br \/>\n<a style=\"color: #001b2e;\" href=\"https:\/\/www.alsafa.sa\/\">Al Safa (Ar\u00e1bia Saudita)<\/a>\u00a0\u2013 Idner Martins<br \/>\n<a href=\"http:\/\/bvc-volei.org\/site\/\">Barueri Volleyball Club (Brasil)<\/a> \u2013 Bruno Leite<br \/>\n<a href=\"https:\/\/www.vbczu.ch\/home.php\">VBC Z\u00fcri Unterland (Su\u00ed\u00e7a)<\/a>\u00a0\u2013 Filipe Carrasco Soares<br \/>\n<a href=\"https:\/\/www.facebook.com\/ZESARVFM\/\">Volleyball Franches-Montagnes (Su\u00ed\u00e7a)<\/a> &#8211; Eduardo Faustino<br \/>\n<a href=\"https:\/\/www.facebook.com\/Cork-Volleyball-Academy-100484505416947\/\">Cork Volleyball Academy (Irlanda)<\/a> \u2013 Ant\u00f3nio Barros<\/p>\n<p style=\"text-align: center;\"><span style=\"text-decoration: underline;\"><strong>\u00c1rbitros e delegados portugueses em ac\u00e7\u00e3o<br \/>\nnas competi\u00e7\u00f5es internacionais<\/strong><\/span><\/p>\n<p><strong>Avelino Azevedo<\/strong><br \/>\nDelegado de Arbitragem na Final 4 da Liga dos Campe\u00f5es \u2013 masculinos, de 16 a 18 de Maio, na Pol\u00f3nia.<\/p>\n<p><strong>V\u00edtor Gon\u00e7alves<\/strong><br \/>\nXXXII Jogos Mundiais Universit\u00e1rios de Ver\u00e3o, de 16 a 27 de Julho de 2025, na Alemanha.<br \/>\nSu\u00ed\u00e7a x Su\u00e9cia, da Pool E da Fase de Qualifica\u00e7\u00e3o para o Campeonato da Europa de 2026 &#8211; Seniores Masculinos, no dia 16 de Agosto de 2025.<\/p>\n<p><strong>Pedro Pinto<\/strong><br \/>\nXXXII Jogos Mundiais Universit\u00e1rios de Ver\u00e3o, de 16 a 27 de Julho de 2025, na Alemanha.<\/p>\n<p><strong>Nuno Teixeira<\/strong><br \/>\nPool B da 2.\u00aa Ronda do Campeonato da Europa de Sub-22 Masculinos, de 11 a 17 de Julho, na Turquia.<\/p>\n<p><strong>Sofia Costa<\/strong><br \/>\nFase Final do Campeonato da Europa de Sub-16 Masculinos, de 23 de Julho a 3 de Agosto, na Arm\u00e9nia.<\/p>\n<p><strong>Ricardo Ferreira<\/strong><br \/>\nLiga das Na\u00e7\u00f5es de Voleibol (VNL) \u2013 masculinos, em Chicago, nos Estados Unidos da Am\u00e9rica, de 25 a 29 de Junho.<br \/>\nCro\u00e1cia x Espanha, da European Golden League &#8211; Femininos, no dia 6 de Junho.<br \/>\nSu\u00e9cia x Cro\u00e1cia, da European Golden League &#8211; Femininos, no dia 7 de Junho.<\/p>\n<p><strong>Raquel Portela<br \/>\n<\/strong>Campeonato do Mundo de Sub-19 Femininos, de 3 a 13 de Julho, na Cro\u00e1cia e na S\u00e9rvia.<br \/>\nCampeonato do Mundo de Sub-19 Masculinos, de 24 de Julho a 3 de Agosto, no Uzbequist\u00e3o.<\/p>\n<p><strong>Nuno Maia<\/strong><br \/>\nB\u00e9lgica x Hungria, da Pool B da Fase de Qualifica\u00e7\u00e3o para o Campeonato da Europa 2026 &#8211; Femininos, no dia 6 de Agosto.<\/p>\n<p style=\"text-align: center;\"><span style=\"text-decoration: underline;\"><strong>Voleibol de Praia<\/strong><\/span><\/p>\n<p><strong>Rui Carvalho<\/strong><br \/>\nBeach Pro Tour Elite16 Ostrava (Ch\u00e9quia), de 28 de Maio a 1 de Junho.<br \/>\nBPT Elite16 Hamburg (Alemanha), de 27 a 31 de Agosto.<br \/>\nBeach Pro Tour Elite16 Cape Town (\u00c1frica do Sul), de 22 a 26 de Outubro.<\/p>\n<p><strong>Sandra Deveza<\/strong><br \/>\nBeach Pro Tour Elite16 Gstaad (Su\u00ed\u00e7a), de 2 a 6 de Julho.<br \/>\nBeach Pro Tour Challenge Stare Jablonki (Pol\u00f3nia), de 21 a 24 de Agosto.<\/p>\n<p style=\"text-align: center;\">Mais informa\u00e7\u00f5es em\u00a0<a href=\"http:\/\/www.cev.eu\/\">cev.eu<\/a><\/p>\n","protected":false},"excerpt":{"rendered":"<p>O Aluron Warta Zawiercie, de Miguel Tavares Rodrigues, come\u00e7a a disputar amanh\u00e3, em casa, o t\u00edtulo da PlusLiga, o principal campeonato polaco, frente ao Bogdanka LUK Lublin, vencedor da Challenge [&hellip;]<\/p>\n","protected":false},"author":2,"featured_media":37152,"comment_status":"open","ping_status":"open","sticky":false,"template":"","format":"standard","meta":{"_monsterinsights_skip_tracking":false,"_monsterinsights_sitenote_active":false,"_monsterinsights_sitenote_note":"","_monsterinsights_sitenote_category":0,"footnotes":""},"categories":[13,8,9],"tags":[139,52],"class_list":{"0":"post-39793","1":"post","2":"type-post","3":"status-publish","4":"format-standard","5":"has-post-thumbnail","7":"category-arbitragem","8":"category-voleibol","9":"category-voleibol-de-praia","10":"tag-epoca-2024-2025","11":"tag-portugueses-no-mundo","12":"czr-hentry"},"aioseo_notices":[],"_links":{"self":[{"href":"https:\/\/fpvoleibol.pt\/fpv\/wp-json\/wp\/v2\/posts\/39793","targetHints":{"allow":["GET"]}}],"collection":[{"href":"https:\/\/fpvoleibol.pt\/fpv\/wp-json\/wp\/v2\/posts"}],"about":[{"href":"https:\/\/fpvoleibol.pt\/fpv\/wp-json\/wp\/v2\/types\/post"}],"author":[{"embeddable":true,"href":"https:\/\/fpvoleibol.pt\/fpv\/wp-json\/wp\/v2\/users\/2"}],"replies":[{"embeddable":true,"href":"https:\/\/fpvoleibol.pt\/fpv\/wp-json\/wp\/v2\/comments?post=39793"}],"version-history":[{"count":10,"href":"https:\/\/fpvoleibol.pt\/fpv\/wp-json\/wp\/v2\/posts\/39793\/revisions"}],"predecessor-version":[{"id":39882,"href":"https:\/\/fpvoleibol.pt\/fpv\/wp-json\/wp\/v2\/posts\/39793\/revisions\/39882"}],"wp:featuredmedia":[{"embeddable":true,"href":"https:\/\/fpvoleibol.pt\/fpv\/wp-json\/wp\/v2\/media\/37152"}],"wp:attachment":[{"href":"https:\/\/fpvoleibol.pt\/fpv\/wp-json\/wp\/v2\/media?parent=39793"}],"wp:term":[{"taxonomy":"category","embeddable":true,"href":"https:\/\/fpvoleibol.pt\/fpv\/wp-json\/wp\/v2\/categories?post=39793"},{"taxonomy":"post_tag","embeddable":true,"href":"https:\/\/fpvoleibol.pt\/fpv\/wp-json\/wp\/v2\/tags?post=39793"}],"curies":[{"name":"wp","href":"https:\/\/api.w.org\/{rel}","templated":true}]}}