{"id":39202,"date":"2025-03-28T18:00:42","date_gmt":"2025-03-28T18:00:42","guid":{"rendered":"https:\/\/fpvoleibol.pt\/fpv\/?p=39202"},"modified":"2025-03-28T18:00:42","modified_gmt":"2025-03-28T18:00:42","slug":"convocadas-para-treinos-das-sub-17","status":"publish","type":"post","link":"https:\/\/fpvoleibol.pt\/fpv\/2025\/03\/28\/convocadas-para-treinos-das-sub-17\/","title":{"rendered":"CONVOCADAS PARA TREINOS DAS SUB-17"},"content":{"rendered":"<p style=\"text-align: left;\"><img loading=\"lazy\" decoding=\"async\" class=\"size-full wp-image-22034 aligncenter\" src=\"https:\/\/fpvoleibol.pt\/fpv\/wp-content\/uploads\/2023\/01\/sub17fem_europ2023_d.jpg\" alt=\"\" width=\"960\" height=\"570\" srcset=\"https:\/\/fpvoleibol.pt\/fpv\/wp-content\/uploads\/2023\/01\/sub17fem_europ2023_d.jpg 960w, https:\/\/fpvoleibol.pt\/fpv\/wp-content\/uploads\/2023\/01\/sub17fem_europ2023_d-300x178.jpg 300w, https:\/\/fpvoleibol.pt\/fpv\/wp-content\/uploads\/2023\/01\/sub17fem_europ2023_d-768x456.jpg 768w\" sizes=\"auto, (max-width: 960px) 100vw, 960px\" \/>Tendo em vista a prepara\u00e7\u00e3o da pr\u00f3xima <strong>Selec\u00e7\u00e3o Nacional de Sub-17 Femininos<\/strong> que ir\u00e1 disputar o <span style=\"text-decoration: underline;\">Torneio Internacional WEVZA<\/span>* agendado para o m\u00eas de Julho de 2025, a equipa t\u00e9cnica liderada por <span style=\"text-decoration: underline;\">Beatriz Santos<\/span> convocou hoje as seguintes 19 atletas para treinos bidi\u00e1rios, que ter\u00e3o in\u00edcio pelas 10h00 no <strong>dia 7 de Abril<\/strong>, no pavilh\u00e3o desportivo da <strong>Escola Secund\u00e1ria Rodrigues de Freitas<\/strong>, no Porto.<\/p>\n<p>Este trabalho ser\u00e1 realizado durante duas semanas, com treinos bidi\u00e1rios e jogos de prepara\u00e7\u00e3o. Para a primeira semana, de 7 a 11 de Abril, est\u00e3o convocadas 19 atletas, de onde sair\u00e3o as 14 que continuar\u00e3o a sua prepara\u00e7\u00e3o na segunda semana, de 14 a 18 de Abril. Para este per\u00edodo, est\u00e3o tamb\u00e9m agendados dois jogos-treino em Espanha, Monforte de Lemos, nos dias 17 e 18 de Abril.<\/p>\n<p style=\"text-align: center;\"><span style=\"background-color: #000000; color: #ffffff;\">CONVOCADAS<\/span><u><\/u><\/p>\n<p style=\"text-align: center;\"><strong>ADREP<\/strong><br \/>\nMargarida Vaz<\/p>\n<p style=\"text-align: center;\"><strong>Ala de Nun&#8217;\u00c1lvares de Gondomar<\/strong><br \/>\nIn\u00eas Parreira<br \/>\nMatilde Soares<\/p>\n<p style=\"text-align: center;\"><strong>CA Madalena<\/strong><br \/>\nMaria Francisca Val\u00e9rio<\/p>\n<p style=\"text-align: center;\"><strong>Cast\u00ealo da Maia GC<\/strong><br \/>\nMatilde Costa Silva<\/p>\n<p style=\"text-align: center;\"><strong>CF \u00abOs Belenenses\u00bb<\/strong><br \/>\nClara Salgueiro<\/p>\n<p style=\"text-align: center;\"><strong>Clube K<\/strong><br \/>\nRaquel Gon\u00e7alves<\/p>\n<p style=\"text-align: center;\"><strong>CVA Madeira Torres<\/strong><br \/>\nMaria Gabriela Miranda<\/p>\n<p style=\"text-align: center;\"><strong>FC Porto<\/strong><br \/>\nCarmen Kuchel<\/p>\n<p style=\"text-align: center;\"><strong>GD Estoril Praia<\/strong><br \/>\nCatarina Serrano<\/p>\n<p style=\"text-align: center;\"><strong>Leix\u00f5es SC<\/strong><br \/>\nGabriela Lopes<br \/>\nLaura Afanas<br \/>\nMaria J\u00falia Cunha<\/p>\n<p style=\"text-align: center;\"><strong>PEL&#8217;AMORA SC<\/strong><br \/>\nBeatriz Pereira<\/p>\n<p style=\"text-align: center;\"><strong>PV\/Col\u00e9gio Efanor<\/strong><br \/>\nLaura Short Santos<br \/>\nLeonor Moutinho<\/p>\n<p style=\"text-align: center;\"><strong>SC Espinho<\/strong><br \/>\nEma Mello<\/p>\n<p style=\"text-align: center;\"><strong>SC Vila Real<\/strong><br \/>\nMarta Pinto<\/p>\n<p style=\"text-align: center;\"><strong>SL Benfica<\/strong><br \/>\nSofia Vieira<\/p>\n<p><img loading=\"lazy\" decoding=\"async\" class=\"size-full wp-image-39203 aligncenter\" src=\"https:\/\/fpvoleibol.pt\/fpv\/wp-content\/uploads\/2025\/03\/sub17fem_quadrotreinos.jpg\" alt=\"\" width=\"960\" height=\"1095\" srcset=\"https:\/\/fpvoleibol.pt\/fpv\/wp-content\/uploads\/2025\/03\/sub17fem_quadrotreinos.jpg 960w, https:\/\/fpvoleibol.pt\/fpv\/wp-content\/uploads\/2025\/03\/sub17fem_quadrotreinos-263x300.jpg 263w, https:\/\/fpvoleibol.pt\/fpv\/wp-content\/uploads\/2025\/03\/sub17fem_quadrotreinos-898x1024.jpg 898w, https:\/\/fpvoleibol.pt\/fpv\/wp-content\/uploads\/2025\/03\/sub17fem_quadrotreinos-768x876.jpg 768w\" sizes=\"auto, (max-width: 960px) 100vw, 960px\" \/><\/p>\n<p style=\"text-align: center;\"><span style=\"text-decoration: underline;\"><strong>Ver reportagem do \u00faltimo est\u00e1gio concentrado<\/strong><\/span> <a href=\"https:\/\/youtu.be\/V4KJ0y1b9Ts?list=PLZj9Hth2JEaBGxAQiWSuGeJS157HqF06-\">AQUI<\/a><\/p>\n<p><span style=\"font-size: 8pt;\"><strong>*WEVZA: Mais conhecida pela sigla WEVZA, a Western European Volleyball Zonal Association (Associa\u00e7\u00e3o Zonal de Voleibol do Oeste Europeu) foi constitu\u00edda no dia 26 de Setembro de 2013, integra oito pa\u00edses \u2013 Portugal, Espanha, Alemanha, B\u00e9lgica, It\u00e1lia, Holanda, Fran\u00e7a e Su\u00ed\u00e7a. <\/strong><strong>O objectivo primordial desta associa\u00e7\u00e3o zonal \u00e9 fortalecer e fomentar a organiza\u00e7\u00e3o de actividades desportivas, tanto de Voleibol como de Voleibol de Praia, com especial \u00eanfase nas categorias de forma\u00e7\u00e3o.<\/strong><\/span><br \/>\n<span style=\"font-size: 8pt;\"><strong>A Confedera\u00e7\u00e3o Europeia de Voleibol (CEV) conta com seis associa\u00e7\u00f5es zonais: a WEVZA (Europa Ocidental), a BVA (Balc\u00e3s), a EEVZA (Europa de Leste), a MEVZA (Europa Central), a NEVZA (Europa do Norte) e ainda a SCD (Divis\u00e3o dos Pequenos Pa\u00edses), da qual fazem parte Andorra, Chipre, Ilhas Faro\u00e9, Gibraltar, Gronel\u00e2ndia, Isl\u00e2ndia, Irlanda, Liechtenstein, Luxemburgo, Malta, M\u00f3naco, Irlanda do Norte, San Marino, Esc\u00f3cia e Pa\u00eds de Gales.<\/strong><\/span><\/p>\n<p style=\"text-align: center;\">Informa\u00e7\u00f5es adicionais em <a href=\"http:\/\/wevza.com\/\" target=\"_blank\" rel=\"noopener noreferrer\">www.wevza.com<\/a> e <a href=\"https:\/\/fpvoleibol.pt\/fpv\/2024\/11\/04\/sub-17-iniciam-treinos-regulares\/\">aqui<\/a><\/p>\n","protected":false},"excerpt":{"rendered":"<p>Tendo em vista a prepara\u00e7\u00e3o da pr\u00f3xima Selec\u00e7\u00e3o Nacional de Sub-17 Femininos que ir\u00e1 disputar o Torneio Internacional WEVZA* agendado para o m\u00eas de Julho de 2025, a equipa t\u00e9cnica [&hellip;]<\/p>\n","protected":false},"author":2,"featured_media":22033,"comment_status":"open","ping_status":"open","sticky":false,"template":"","format":"standard","meta":{"_monsterinsights_skip_tracking":false,"_monsterinsights_sitenote_active":false,"_monsterinsights_sitenote_note":"","_monsterinsights_sitenote_category":0,"footnotes":""},"categories":[8],"tags":[139,34],"class_list":{"0":"post-39202","1":"post","2":"type-post","3":"status-publish","4":"format-standard","5":"has-post-thumbnail","7":"category-voleibol","8":"tag-epoca-2024-2025","9":"tag-sub-17","10":"czr-hentry"},"aioseo_notices":[],"_links":{"self":[{"href":"https:\/\/fpvoleibol.pt\/fpv\/wp-json\/wp\/v2\/posts\/39202","targetHints":{"allow":["GET"]}}],"collection":[{"href":"https:\/\/fpvoleibol.pt\/fpv\/wp-json\/wp\/v2\/posts"}],"about":[{"href":"https:\/\/fpvoleibol.pt\/fpv\/wp-json\/wp\/v2\/types\/post"}],"author":[{"embeddable":true,"href":"https:\/\/fpvoleibol.pt\/fpv\/wp-json\/wp\/v2\/users\/2"}],"replies":[{"embeddable":true,"href":"https:\/\/fpvoleibol.pt\/fpv\/wp-json\/wp\/v2\/comments?post=39202"}],"version-history":[{"count":3,"href":"https:\/\/fpvoleibol.pt\/fpv\/wp-json\/wp\/v2\/posts\/39202\/revisions"}],"predecessor-version":[{"id":39206,"href":"https:\/\/fpvoleibol.pt\/fpv\/wp-json\/wp\/v2\/posts\/39202\/revisions\/39206"}],"wp:featuredmedia":[{"embeddable":true,"href":"https:\/\/fpvoleibol.pt\/fpv\/wp-json\/wp\/v2\/media\/22033"}],"wp:attachment":[{"href":"https:\/\/fpvoleibol.pt\/fpv\/wp-json\/wp\/v2\/media?parent=39202"}],"wp:term":[{"taxonomy":"category","embeddable":true,"href":"https:\/\/fpvoleibol.pt\/fpv\/wp-json\/wp\/v2\/categories?post=39202"},{"taxonomy":"post_tag","embeddable":true,"href":"https:\/\/fpvoleibol.pt\/fpv\/wp-json\/wp\/v2\/tags?post=39202"}],"curies":[{"name":"wp","href":"https:\/\/api.w.org\/{rel}","templated":true}]}}