{"id":38992,"date":"2025-03-20T09:49:12","date_gmt":"2025-03-20T09:49:12","guid":{"rendered":"https:\/\/fpvoleibol.pt\/fpv\/?p=38992"},"modified":"2025-03-20T09:49:12","modified_gmt":"2025-03-20T09:49:12","slug":"fernando-gomes-presidente-do-cop","status":"publish","type":"post","link":"https:\/\/fpvoleibol.pt\/fpv\/2025\/03\/20\/fernando-gomes-presidente-do-cop\/","title":{"rendered":"FERNANDO GOMES PRESIDENTE DO COP"},"content":{"rendered":"<p><img loading=\"lazy\" decoding=\"async\" class=\"size-full wp-image-38993 aligncenter\" src=\"https:\/\/fpvoleibol.pt\/fpv\/wp-content\/uploads\/2025\/03\/FGomes_COP_d.jpg\" alt=\"\" width=\"960\" height=\"633\" srcset=\"https:\/\/fpvoleibol.pt\/fpv\/wp-content\/uploads\/2025\/03\/FGomes_COP_d.jpg 960w, https:\/\/fpvoleibol.pt\/fpv\/wp-content\/uploads\/2025\/03\/FGomes_COP_d-300x198.jpg 300w, https:\/\/fpvoleibol.pt\/fpv\/wp-content\/uploads\/2025\/03\/FGomes_COP_d-768x506.jpg 768w\" sizes=\"auto, (max-width: 960px) 100vw, 960px\" \/>Os \u00d3rg\u00e3os Sociais do Comit\u00e9 Ol\u00edmpico de Portugal (COP) elegeram Fernando Gomes, antigo Presidente da Federa\u00e7\u00e3o Portuguesa de Futebol, como Presidente do COP para o per\u00edodo de 2025-2029.<\/p>\n<p>A Lista B, liderada por Fernando Gomes, obteve 57 por cento dos votos, enquanto a Lista A, liderada por Laurentino Dias, obteve 43%.<br \/>\nFernando Gomes agradeceu a confian\u00e7a dos Membros do COP, afirmando:<br \/>\n&#8220;<em>\u00c9 uma honra ter sido eleito pelo Movimento Ol\u00edmpico para Presidente do COP e poder continuar a servir Portugal<\/em>&#8220;. <strong><span style=\"font-size: 12px;\">Imagem: <a href=\"https:\/\/comiteolimpicoportugal.pt\/\">COP<\/a><\/span><\/strong><\/p>\n<p>Foi anunciada uma &#8220;<em>primeira reuni\u00e3o magna<\/em>&#8221; para ouvir propostas para o programa at\u00e9 2029, com Fernando Gomes a referir &#8220;<em>as propostas que todos, sem excep\u00e7\u00e3o, gostariam de incluir ainda no programa que implementaremos at\u00e9 2029<\/em>&#8220;.<\/p>\n<p>A tomada de posse dos \u00d3rg\u00e3os Sociais eleitos ocorrer\u00e1 no dia 25 de Mar\u00e7o.<\/p>\n<p>A vota\u00e7\u00e3o, que decorreu no Sal\u00e3o Nobre da sede do COP, em Lisboa, contou com a participa\u00e7\u00e3o de 35 membros ordin\u00e1rios \u2013 34 federa\u00e7\u00f5es ol\u00edmpicas, com quatro votos, e a Comiss\u00e3o de Atletas Ol\u00edmpicos, com dois \u2013, e de 49 membros extraordin\u00e1rios, como as federa\u00e7\u00f5es n\u00e3o ol\u00edmpicas, com direito a um voto cada.<\/p>\n<p>Fernando Gomes \u00e9 o 14.\u00ba Presidente do Comit\u00e9 Ol\u00edmpico de Portugal, sucedendo a Artur Lopes, que tinha assumido o cargo, na transi\u00e7\u00e3o, ap\u00f3s o falecimento de Jos\u00e9 Manuel Constantino, em Agosto do ano passado.<\/p>\n<p>Mais informa\u00e7\u00f5es <a href=\"https:\/\/comiteolimpicoportugal.pt\/\">AQUI<\/a><\/p>\n","protected":false},"excerpt":{"rendered":"<p>Os \u00d3rg\u00e3os Sociais do Comit\u00e9 Ol\u00edmpico de Portugal (COP) elegeram Fernando Gomes, antigo Presidente da Federa\u00e7\u00e3o Portuguesa de Futebol, como Presidente do COP para o per\u00edodo de 2025-2029. A Lista [&hellip;]<\/p>\n","protected":false},"author":2,"featured_media":38994,"comment_status":"open","ping_status":"open","sticky":false,"template":"","format":"standard","meta":{"_monsterinsights_skip_tracking":false,"_monsterinsights_sitenote_active":false,"_monsterinsights_sitenote_note":"","_monsterinsights_sitenote_category":0,"footnotes":""},"categories":[20,15,14],"tags":[159,139],"class_list":{"0":"post-38992","1":"post","2":"type-post","3":"status-publish","4":"format-standard","5":"has-post-thumbnail","7":"category-destaque","8":"category-diversos","9":"category-institucional","10":"tag-comite-olimpico-de-portugal","11":"tag-epoca-2024-2025","12":"czr-hentry"},"aioseo_notices":[],"_links":{"self":[{"href":"https:\/\/fpvoleibol.pt\/fpv\/wp-json\/wp\/v2\/posts\/38992","targetHints":{"allow":["GET"]}}],"collection":[{"href":"https:\/\/fpvoleibol.pt\/fpv\/wp-json\/wp\/v2\/posts"}],"about":[{"href":"https:\/\/fpvoleibol.pt\/fpv\/wp-json\/wp\/v2\/types\/post"}],"author":[{"embeddable":true,"href":"https:\/\/fpvoleibol.pt\/fpv\/wp-json\/wp\/v2\/users\/2"}],"replies":[{"embeddable":true,"href":"https:\/\/fpvoleibol.pt\/fpv\/wp-json\/wp\/v2\/comments?post=38992"}],"version-history":[{"count":1,"href":"https:\/\/fpvoleibol.pt\/fpv\/wp-json\/wp\/v2\/posts\/38992\/revisions"}],"predecessor-version":[{"id":38995,"href":"https:\/\/fpvoleibol.pt\/fpv\/wp-json\/wp\/v2\/posts\/38992\/revisions\/38995"}],"wp:featuredmedia":[{"embeddable":true,"href":"https:\/\/fpvoleibol.pt\/fpv\/wp-json\/wp\/v2\/media\/38994"}],"wp:attachment":[{"href":"https:\/\/fpvoleibol.pt\/fpv\/wp-json\/wp\/v2\/media?parent=38992"}],"wp:term":[{"taxonomy":"category","embeddable":true,"href":"https:\/\/fpvoleibol.pt\/fpv\/wp-json\/wp\/v2\/categories?post=38992"},{"taxonomy":"post_tag","embeddable":true,"href":"https:\/\/fpvoleibol.pt\/fpv\/wp-json\/wp\/v2\/tags?post=38992"}],"curies":[{"name":"wp","href":"https:\/\/api.w.org\/{rel}","templated":true}]}}