{"id":38973,"date":"2025-03-19T15:55:47","date_gmt":"2025-03-19T15:55:47","guid":{"rendered":"https:\/\/fpvoleibol.pt\/fpv\/?p=38973"},"modified":"2025-03-20T11:24:44","modified_gmt":"2025-03-20T11:24:44","slug":"na-final-4-da-liga-dos-campeoes","status":"publish","type":"post","link":"https:\/\/fpvoleibol.pt\/fpv\/2025\/03\/19\/na-final-4-da-liga-dos-campeoes\/","title":{"rendered":"NA FINAL 4 DA LIGA DOS CAMPE\u00d5ES"},"content":{"rendered":"<p style=\"text-align: center;\"><span style=\"text-decoration: underline;\"><span style=\"font-size: 12px;\"><strong><img loading=\"lazy\" decoding=\"async\" class=\"size-full wp-image-38976 aligncenter\" src=\"https:\/\/fpvoleibol.pt\/fpv\/wp-content\/uploads\/2025\/03\/MTR_mvp_LC_dd01.jpg\" alt=\"\" width=\"960\" height=\"640\" srcset=\"https:\/\/fpvoleibol.pt\/fpv\/wp-content\/uploads\/2025\/03\/MTR_mvp_LC_dd01.jpg 960w, https:\/\/fpvoleibol.pt\/fpv\/wp-content\/uploads\/2025\/03\/MTR_mvp_LC_dd01-300x200.jpg 300w, https:\/\/fpvoleibol.pt\/fpv\/wp-content\/uploads\/2025\/03\/MTR_mvp_LC_dd01-768x512.jpg 768w\" sizes=\"auto, (max-width: 960px) 100vw, 960px\" \/>Miguel Tavares Rodrigues brilha e conquista o t\u00edtulo de MVP na vit\u00f3ria hist\u00f3rica do Aluron<\/strong><\/span><\/span><\/p>\n<p>Uma presta\u00e7\u00e3o absolutamente excepcional de <strong>Miguel Tavares Rodrigues<\/strong> foi o destaque da noite, coroada com o t\u00edtulo de <span style=\"text-decoration: underline;\">MVP (Jogador Mais Valioso)<\/span>. Com 7 pontos, resultantes de 3 ataques eficazes e 4 ases, o distribuidor portugu\u00eas foi o maestro da orquestra polaca do Aluron, guiando a equipa \u00e0 vit\u00f3ria com a sua precis\u00e3o e decis\u00f5es cruciais.<\/p>\n<p>A Arena Sosnowiec foi palco de um momento hist\u00f3rico na noite de ter\u00e7a-feira, quando o <a href=\"https:\/\/www.aluroncmc.pl\/\" target=\"_blank\" rel=\"noopener noreferrer\">Aluron Warta Zawiercie<\/a> garantiu pela primeira vez o seu lugar na Final Four da Liga dos Campe\u00f5es da CEV, com um triunfo por <a href=\"https:\/\/www-old.cev.eu\/Competition-Area\/MatchStatistics.aspx?ID=76781\">3-1 (25-19, 25-19, 23-25 e 25-20)<\/a> sobre os alem\u00e3es do SVG Luneburg, num jogo que contou com o portugu\u00eas <strong>V\u00edtor Gon\u00e7alves<\/strong> como 1.\u00ba \u00e1rbitro.<\/p>\n<p>Desde o apito inicial, o Aluron mostrou a sua superioridade, com servi\u00e7os precisos e ataques eficazes. Impulsionados pelo fervoroso apoio do p\u00fablico da casa, os polacos dominaram o primeiro set, vencendo por 25-19.<br \/>\nO segundo set seguiu o mesmo gui\u00e3o, com o Aluron a ditar o ritmo do jogo e a anular as tentativas de ataque do Luneburg. Mais um 25-19 colocou a equipa polaca a um set das meias-finais.<br \/>\nO terceiro set trouxe uma reviravolta, com o Luneburg a come\u00e7ar forte e a construir uma vantagem de 4-0. O Aluron reagiu, empatando a 13-13, mas as substitui\u00e7\u00f5es estrat\u00e9gicas do treinador do Luneburg permitiram-lhe recuperar o \u00edmpeto e vencer o set por 25-23, adiando a decis\u00e3o.<br \/>\nNo quarto set, o <a href=\"https:\/\/www.aluroncmc.pl\/\" target=\"_blank\" rel=\"noopener noreferrer\">Aluron Warta Zawiercie<\/a> recuperou o controlo, apresentando um ataque equilibrado e eficaz, liderado pelo MVP Miguel Tavares Rodrigues e por Bartosz Kwolek. Com um 25-20 decisivo, o Aluron selou a sua qualifica\u00e7\u00e3o hist\u00f3rica para a Final Four, com o distribuidor da Selec\u00e7\u00e3o Nacional a ser a figura maior do jogo.<\/p>\n<p>No jogo da 1.\u00aa m\u00e3o, o <a href=\"https:\/\/www.aluroncmc.pl\/\" target=\"_blank\" rel=\"noopener noreferrer\">Zawiercie<\/a> tinha ido vencer pela margem m\u00e1xima (<a href=\"https:\/\/www-old.cev.eu\/Competition-Area\/MatchStatistics.aspx?ID=76777\">3-0: 25-15, 25-21 e 25-14<\/a>) ao recinto do SVG Luneburg na 1.\u00aa m\u00e3o.<\/p>\n<p><img loading=\"lazy\" decoding=\"async\" class=\" wp-image-38977 alignleft\" src=\"https:\/\/fpvoleibol.pt\/fpv\/wp-content\/uploads\/2025\/03\/MTR_mvp_LC_ff01.jpg\" alt=\"\" width=\"313\" height=\"186\" srcset=\"https:\/\/fpvoleibol.pt\/fpv\/wp-content\/uploads\/2025\/03\/MTR_mvp_LC_ff01.jpg 640w, https:\/\/fpvoleibol.pt\/fpv\/wp-content\/uploads\/2025\/03\/MTR_mvp_LC_ff01-300x178.jpg 300w\" sizes=\"auto, (max-width: 313px) 100vw, 313px\" \/>&#8220;\u00c9<em> sempre bom fazer hist\u00f3ria no e para o clube. Acho que o Aluron CMC Warta Zawiercie acreditou em mim desde a primeira \u00e9poca com as cores amarelo-verde e eu s\u00f3 tento retribuir e procuro n\u00e3o parar de ultrapassar os limites, os nossos limites. Vamos ver onde isso nos leva. Em cada \u00e9poca damos mais um passo em frente na nossa qualidade, por isso \u00e9 importante continuar a avan\u00e7ar este ano tamb\u00e9m<\/em>&#8220;, salientou o internacional lusitano.<\/p>\n<p>Para os polacos, a qualifica\u00e7\u00e3o para a fase decisiva da maior competi\u00e7\u00e3o significa <em>ouro sobre azul<\/em>, j\u00e1 que a Final 4 est\u00e1 agendada para 16 a 18 de Maio no Atlas Arena da cidade polaca de Lodz.<br \/>\nNas meias-finais, o Zawiercie ir\u00e1 defrontar nas meias-finais o vencedor do Olympiacos Piraeus (Gr\u00e9cia) x Jastrzebski Wegiel (Pol\u00f3nia), que se defrontam hoje \u00e0 noite na Pol\u00f3nia e cujo embate ter\u00e1 outro portugu\u00eas, <strong>Avelino Azevedo<\/strong>, como Delegado de Arbitragem.<\/p>\n<p>Na primeira m\u00e3o, os hel\u00e9nicos surpreenderam os bicampe\u00f5es polacos: 3-2 (20-25, 21-25, 25-14, 25-20 e 15-12).<\/p>\n<p><span style=\"text-decoration: underline;\">Atletas \/ t\u00e9cnicos que actuam no estrangeiro e\/ou com<b> *inscri\u00e7\u00e3o iniciada em 2024\/2025<\/b>:<\/span><\/p>\n<p><strong><span style=\"text-decoration: underline;\">Processo conclu\u00eddo<\/span><\/strong><\/p>\n<p><a href=\"https:\/\/tokyo-greatbears.com\/\">Tokyo Great Bears (Jap\u00e3o)<\/a> \u2013 Alexandre Ferreira<br \/>\n<a href=\"https:\/\/www.aluroncmc.pl\/\" target=\"_blank\" rel=\"noopener noreferrer\">Aluron Warta Zawiercie (Pol\u00f3nia)<\/a> \u2013 Miguel Tavares Rodrigues<br \/>\n<a href=\"http:\/\/www.snvba.net\/\" target=\"_blank\" rel=\"noopener noreferrer\">Saint-Nazaire VB Atlantique (Fran\u00e7a)<\/a> \u2013 Louren\u00e7o Martins<br \/>\n<a href=\"https:\/\/www.nicevolleyball.fr\/\">Nice Volley-Ball (Fran\u00e7a)<\/a> \u2013 Bruno Dias<br \/>\n<a href=\"https:\/\/www.volerolecannet.fr\/fr\/\">Volero Le Cannet (Fran\u00e7a)<\/a> \u2013 Nilda Hungulo Matuca<br \/>\n<a href=\"https:\/\/www.uspvolleyball.fr\/senior-feminine\/\">US Palaiseau (Fran\u00e7a)<\/a> \u2013 Sara Teodoro<br \/>\n<a href=\"https:\/\/www.rioduerovoley.com\/\">CDV R\u00edo Duero Soria (Espanha)<\/a> \u2013 Bruno Cunha<br \/>\n<a href=\"https:\/\/www.voleysanroque.com\/\">CV San Roque Bat\u00e1n (Espanha)<\/a> \u2013 Jos\u00e9 Pinto<br \/>\n<a href=\"https:\/\/clubvoleibolkiele.com\/\">CV Kiele Socu\u00e9llamos (Espanha)<\/a> \u2013 Andria Pr\u00edncipe<br \/>\n<a href=\"https:\/\/www.facebook.com\/clubvoleibolvalldhebron?locale=pt_PT\">Club Voleibol Vall D&#8217;Hebron (Espanha)<\/a> \u2013 Maria Patr\u00edcio Tavares<br \/>\n<a href=\"https:\/\/scmzalau.ro\/volei\/\">Sport Club Municipal Zalau (Rom\u00e9nia)<\/a> \u2013 Filip Cveticanin<br \/>\n<a href=\"https:\/\/okmaribor.si\/\">OK i-Vent Maribor (Eslov\u00e9nia)<\/a>\u00a0\u2013 Gustavo Cavalcanti<br \/>\n<a href=\"https:\/\/www.pallavoloconcorezzo.org\/\">Pallavolo Concorezzo (It\u00e1lia) <\/a>\u2013 J\u00falia Kavalenka<br \/>\n<a href=\"https:\/\/prismatarantovolley.it\/\">Prisma Taranto Volley (It\u00e1lia)<\/a> \u2013 Diogo Fevereiro<br \/>\n<a href=\"https:\/\/homeofgrizzlys.de\/\">Helios Grizzlys Giesen (Alemanha)<\/a>\u00a0\u2013 Miguel Sinfr\u00f3nio<br \/>\n<a href=\"http:\/\/www.vbc-kl.de\/\">VBC Kaiserslautern e.V. (Alemanha)<\/a> \u2013 J\u00e9ssica C\u00e2ndida Soares<br \/>\n<a href=\"https:\/\/le-volleys.de\/1damen\/\">L.E. Volleys e.V.<\/a> (Alemanha) \u2013 Lorena Matilde Silveira<br \/>\n<a href=\"https:\/\/www.lycurgus.nl\/\">Nova Technology Lycurgus BV (Pa\u00edses Baixos)<\/a> \u2013 Nuno Marques<br \/>\n<a href=\"https:\/\/kladno.volejbal.cz\/\">Kladno Volejbal cz (Ch\u00e9quia)<\/a> \u2013 Jos\u00e9 Neves<br \/>\n<a href=\"https:\/\/www.uvcgraz.at\/\">UVC Holding Graz (\u00c1ustria)<\/a>\u00a0\u2013 Jos\u00e9 Jardim<br \/>\n<a href=\"https:\/\/vcwolfurt.at\/\">Raiffeisen VC Wolfurt (\u00c1ustria)<\/a> \u2013 Cristiana Branco<br \/>\n<a href=\"https:\/\/lepimoos.at\/volleyball\/\">USV Leopoldskron-Moos<\/a> (\u00c1ustria) \u2013 Lara Bernardo dos Santos<br \/>\n<a href=\"https:\/\/brse.hu\/\">B\u00e9k\u00e9scsabai R\u00f6plabda SE (Hungria)<\/a>\u00a0\u2013 Marta Hurst<br \/>\n<a href=\"https:\/\/www.facebook.com\/nadialkhowildiah\/?checkpoint_src=any\">Al Khowildiah (Ar\u00e1bia Saudita<\/a>) \u2013 Jos\u00e9 Pedro Gomes<br \/>\n<a href=\"https:\/\/www.amagervolley.dk\/\">Amager VK (Dinamarca)<\/a> \u2013 Arthur Galipeau<br \/>\n<a href=\"https:\/\/www.hvk.dk\/\">Hvidovre Volleyball Klub (Dinamarca)<\/a> \u2013 Jos\u00e9 Casas<br \/>\n<a href=\"https:\/\/www.cosf-sports.com\/page\/1546914-accueil\">Club Omnisports de Saint-Fons (Fran\u00e7a<\/a>) \u2013 Natalia Herasymiv<br \/>\n<a href=\"https:\/\/plvpb-volley.org\/\">Association Sportive Villette Paul Bert (Fran\u00e7a)<\/a> \u2013 Laura Dias<br \/>\n<a href=\"https:\/\/www.facebook.com\/wissousvolley\/\">Union Sportive Wissous VB (Fran\u00e7a)<\/a>\u00a0\u2013 Joana Filipa Ferreira Lobo<br \/>\n<a href=\"https:\/\/rvb-volleyball.sportsregions.fr\/\">Rieux-Villers-Brenouille Volley (Fran\u00e7a)<\/a> \u2013 Mafalda Baptista Martins<br \/>\n<a href=\"https:\/\/djk-muenchen-ost.de\/home\/volleyball\/\">DJK M\u00fcnchen-Ost e.V. (Alemanha)<\/a> \u2013 Nuno Soares<br \/>\n<a href=\"https:\/\/www.fcschuettorf09.de\/\">FC Sch\u00fcttorf 09 (Alemanha)<\/a> \u2013 Jos\u00e9 Vinha<br \/>\n<a href=\"https:\/\/southamptonvolleyball.co.uk\/\">Southampton Volleyball Clube (Inglaterra)<\/a> \u2013 Dina Grosu<br \/>\n<a href=\"https:\/\/southamptonvolleyball.co.uk\/\">Southampton Volleyball Clube (Inglaterra)<\/a>\u00a0\u2013 Ema Sofia Carneiro<br \/>\n<a href=\"https:\/\/southamptonvolleyball.co.uk\/\">Southampton Volleyball Club (Inglaterra)<\/a>\u00a0\u2013 Maria Lima Antunes<br \/>\n<a href=\"https:\/\/www.richmondvolleyball.co.uk\/\">Richmond Volleyball (Inglaterra)<\/a> \u2013 Jo\u00e3o Alves<br \/>\n<a href=\"https:\/\/www.dartfordvolleyballclub.co.uk\/\">Dartford Volleyball Club (Inglaterra)<\/a> \u2013 Mariana Cruz Santos<br \/>\n<a href=\"http:\/\/www.darkstarvolleyball.com\/our-teams\/male-player\/\">Darkstar Derbyshire (Inglaterra)<\/a> \u2013 Marcelo Goulart<br \/>\n<a href=\"https:\/\/www.facebook.com\/CambridgeVC\/\">Cambridge VC (Inglaterra)<\/a> \u2013 Vasco Martins Lopes<br \/>\n<a href=\"https:\/\/www.vcs.lu\/\">VC Strassen (Luxemburgo)<\/a> \u2013 Ashley Rose Fantazia<br \/>\n<a href=\"https:\/\/www.facebook.com\/VolleyClubBelair\/?checkpoint_src=any\">Volleyball Club Belair (Luxemburgo)<\/a> \u2013 Carlos Castro<br \/>\n<a href=\"https:\/\/www.vopap.ch\/\">Volleyball Papierm\u00fchle (Su\u00ed\u00e7a)<\/a> \u2013 Maria Cristina Sousa<\/p>\n<p>(&#8230;)<\/p>\n<p><span style=\"text-decoration: underline;\"><span class=\"auto-style7\"><strong>Treinadores\/Scouters<\/strong><\/span><\/span>:<br \/>\n<a href=\"https:\/\/www.facebook.com\/toursvolleyball\">Tours VB (Fran\u00e7a)<\/a> \u2013 David Sousa<br \/>\n<a href=\"https:\/\/www.vnvb.fr\/\">Vand\u0153uvre Nancy Volley-Ball (Fran\u00e7a)<\/a> \u2013 Andr\u00e9 S\u00e1<br \/>\n<a href=\"https:\/\/clubvoleibolkiele.com\/\">CV Kiele Socu\u00e9llamos (Espanha)<\/a> \u2013 R\u00faben Fevereiro<br \/>\n<a href=\"https:\/\/www.volerolecannet.fr\/fr\/\">Volero Le Cannet (Fran\u00e7a)<\/a> \u2013 H\u00e9lder Louren\u00e7o<br \/>\n<a style=\"color: #001b2e;\" href=\"https:\/\/www.alsafa.sa\/\">Al Safa (Ar\u00e1bia Saudita)<\/a>\u00a0\u2013 Idner Martins<br \/>\n<a href=\"http:\/\/bvc-volei.org\/site\/\">Barueri Volleyball Club (Brasil)<\/a> \u2013 Bruno Leite<br \/>\n<a href=\"https:\/\/www.vbczu.ch\/home.php\">VBC Z\u00fcri Unterland (Su\u00ed\u00e7a)<\/a>\u00a0\u2013 Filipe Carrasco Soares<br \/>\n<a href=\"https:\/\/www.facebook.com\/ZESARVFM\/\">Volleyball Franches-Montagnes (Su\u00ed\u00e7a)<\/a> &#8211; Eduardo Faustino<br \/>\n<a href=\"https:\/\/www.facebook.com\/Cork-Volleyball-Academy-100484505416947\/\">Cork Volleyball Academy (Irlanda)<\/a> \u2013 Ant\u00f3nio Barros<\/p>\n<p style=\"text-align: center;\"><span style=\"text-decoration: underline;\"><strong>\u00c1rbitros portugueses em ac\u00e7\u00e3o<br \/>\nnas competi\u00e7\u00f5es internacionais<\/strong><\/span><\/p>\n<p><strong>Avelino Azevedo<\/strong><br \/>\nDelegado de Arbitragem no Jastrzebski Wegiel (Pol\u00f3nia) x Olympiacos Piraeus (Gr\u00e9cia), dos quartos-de-final da Liga dos Campe\u00f5es \u2013 masculinos, no dia 19 de Mar\u00e7o.<br \/>\nDelegado de Arbitragem na Pool E da 2.\u00aa Ronda do Campeonato da Europa de Sub-16 Femininos (Espanha, \u00c1ustria, Finl\u00e2ndia e It\u00e1lia), em Monforte de Lemos (Espanha), de 24 a 27 de Abril.<\/p>\n<p><strong>Sofia Costa<\/strong><br \/>\nPool B da 2.\u00aa Ronda do Campeonato da Europa de Sub-16 Femininos, de 25 a 27 de Abril, em Fran\u00e7a.<\/p>\n<p><strong>Ricardo Ferreira<\/strong><br \/>\nLiga das Na\u00e7\u00f5es de Voleibol (VNL) \u2013 masculinos, em Chicago, nos Estados Unidos da Am\u00e9rica, de 25 a 29 de Junho.<br \/>\nCro\u00e1cia x Espanha, da European Golden League &#8211; Femininos, no dia 6 de Junho.<br \/>\nSu\u00e9cia x Cro\u00e1cia, da European Golden League &#8211; Femininos, no dia 7 de Junho.<\/p>\n<p><strong>Raquel Portela<br \/>\n<\/strong>CS Volei Alba BLAJ (Rom\u00e9nia) x Igor Gorgonzola Novara (It\u00e1lia), Ta\u00e7a CEV &#8211; femininos, no dia 1 de Abril.<br \/>\nCampeonato do Mundo de Sub-19 Femininos, de 3 a 13 de Julho, na Cro\u00e1cia e na S\u00e9rvia.<br \/>\nCampeonato do Mundo de Sub-19 Masculinos, de 24 de Julho a 3 de Agosto, no Uzbequist\u00e3o.<\/p>\n<p style=\"text-align: center;\"><span style=\"text-decoration: underline;\"><strong>Voleibol de Praia<\/strong><\/span><\/p>\n<p><strong>Rui Carvalho<\/strong><br \/>\nBeach Pro Tour Challenge de Saquarema (Brasil), de 10 a 13 de Abril.<br \/>\nBeach Pro Tour Elite16 Bras\u00edlia (Brasil), de 16 a 20 de Abril.<br \/>\nBeach Pro Tour Elite16 Ostrava (Ch\u00e9quia), de 28 de Maio a 1 de Junho.<\/p>\n<p><strong>Sandra Deveza<\/strong><br \/>\nBeach Pro Tour Elite16 Gstaad (Su\u00ed\u00e7a), de 2 a 6 de Julho.<br \/>\nBeach Pro Tour Challenge Stare Jablonki (Pol\u00f3nia), de 21 a 24 de Agosto.<\/p>\n<p style=\"text-align: center;\">Mais informa\u00e7\u00f5es em\u00a0<a href=\"http:\/\/www.cev.eu\/\">cev.eu<\/a><\/p>\n","protected":false},"excerpt":{"rendered":"<p>Miguel Tavares Rodrigues brilha e conquista o t\u00edtulo de MVP na vit\u00f3ria hist\u00f3rica do Aluron Uma presta\u00e7\u00e3o absolutamente excepcional de Miguel Tavares Rodrigues foi o destaque da noite, coroada com [&hellip;]<\/p>\n","protected":false},"author":2,"featured_media":38975,"comment_status":"open","ping_status":"open","sticky":false,"template":"","format":"standard","meta":{"_monsterinsights_skip_tracking":false,"_monsterinsights_sitenote_active":false,"_monsterinsights_sitenote_note":"","_monsterinsights_sitenote_category":0,"footnotes":""},"categories":[13,8,9],"tags":[139,32,52],"class_list":{"0":"post-38973","1":"post","2":"type-post","3":"status-publish","4":"format-standard","5":"has-post-thumbnail","7":"category-arbitragem","8":"category-voleibol","9":"category-voleibol-de-praia","10":"tag-epoca-2024-2025","11":"tag-liga-dos-campeoes","12":"tag-portugueses-no-mundo","13":"czr-hentry"},"aioseo_notices":[],"_links":{"self":[{"href":"https:\/\/fpvoleibol.pt\/fpv\/wp-json\/wp\/v2\/posts\/38973","targetHints":{"allow":["GET"]}}],"collection":[{"href":"https:\/\/fpvoleibol.pt\/fpv\/wp-json\/wp\/v2\/posts"}],"about":[{"href":"https:\/\/fpvoleibol.pt\/fpv\/wp-json\/wp\/v2\/types\/post"}],"author":[{"embeddable":true,"href":"https:\/\/fpvoleibol.pt\/fpv\/wp-json\/wp\/v2\/users\/2"}],"replies":[{"embeddable":true,"href":"https:\/\/fpvoleibol.pt\/fpv\/wp-json\/wp\/v2\/comments?post=38973"}],"version-history":[{"count":10,"href":"https:\/\/fpvoleibol.pt\/fpv\/wp-json\/wp\/v2\/posts\/38973\/revisions"}],"predecessor-version":[{"id":38986,"href":"https:\/\/fpvoleibol.pt\/fpv\/wp-json\/wp\/v2\/posts\/38973\/revisions\/38986"}],"wp:featuredmedia":[{"embeddable":true,"href":"https:\/\/fpvoleibol.pt\/fpv\/wp-json\/wp\/v2\/media\/38975"}],"wp:attachment":[{"href":"https:\/\/fpvoleibol.pt\/fpv\/wp-json\/wp\/v2\/media?parent=38973"}],"wp:term":[{"taxonomy":"category","embeddable":true,"href":"https:\/\/fpvoleibol.pt\/fpv\/wp-json\/wp\/v2\/categories?post=38973"},{"taxonomy":"post_tag","embeddable":true,"href":"https:\/\/fpvoleibol.pt\/fpv\/wp-json\/wp\/v2\/tags?post=38973"}],"curies":[{"name":"wp","href":"https:\/\/api.w.org\/{rel}","templated":true}]}}