{"id":38416,"date":"2025-02-25T11:44:32","date_gmt":"2025-02-25T11:44:32","guid":{"rendered":"https:\/\/fpvoleibol.pt\/fpv\/?p=38416"},"modified":"2025-02-25T11:44:32","modified_gmt":"2025-02-25T11:44:32","slug":"c-efanor-x-cd-fiaes-na-volei-tv-e-a-bola-tv","status":"publish","type":"post","link":"https:\/\/fpvoleibol.pt\/fpv\/2025\/02\/25\/c-efanor-x-cd-fiaes-na-volei-tv-e-a-bola-tv\/","title":{"rendered":"C. EFANOR x CD FI\u00c3ES NA VOLEI TV E A BOLA TV"},"content":{"rendered":"<p><img loading=\"lazy\" decoding=\"async\" class=\"size-full wp-image-38418 aligncenter\" src=\"https:\/\/fpvoleibol.pt\/fpv\/wp-content\/uploads\/2025\/02\/22JORNADA_EFAxCDF_d.jpg\" alt=\"\" width=\"960\" height=\"540\" srcset=\"https:\/\/fpvoleibol.pt\/fpv\/wp-content\/uploads\/2025\/02\/22JORNADA_EFAxCDF_d.jpg 960w, https:\/\/fpvoleibol.pt\/fpv\/wp-content\/uploads\/2025\/02\/22JORNADA_EFAxCDF_d-300x169.jpg 300w, https:\/\/fpvoleibol.pt\/fpv\/wp-content\/uploads\/2025\/02\/22JORNADA_EFAxCDF_d-768x432.jpg 768w, https:\/\/fpvoleibol.pt\/fpv\/wp-content\/uploads\/2025\/02\/22JORNADA_EFAxCDF_d-528x297.jpg 528w\" sizes=\"auto, (max-width: 960px) 100vw, 960px\" \/>O <a href=\"https:\/\/fpv-web.dataproject.com\/MatchStatistics.aspx?mID=10118&amp;ID=107&amp;CID=360&amp;PID=149&amp;type=LegList\">PV\/Col\u00e9gio Efanor x Clube Desportivo de Fi\u00e3es<\/a>, da 22.\u00aa jornada da 1.\u00aa Fase da <a href=\"https:\/\/fpv-web.dataproject.com\/CompetitionHome.aspx?ID=107\"><span style=\"text-decoration: underline;\"><strong>Liga Solverde.pt<\/strong><\/span><\/a>, ser\u00e1 transmitido em directo na <a href=\"http:\/\/www.volei.tv\">Volei TV<\/a> e <span style=\"color: #ff0000;\">A Bola TV<\/span>.<\/p>\n<p>O jogo est\u00e1 agendado para o dia 2 de Mar\u00e7o (16h00) no Pavilh\u00e3o do Col\u00e9gio Efanor, e poder\u00e1 ser seguido, via <em>live streaming<\/em>, <a href=\"https:\/\/youtube.com\/live\/QInrwzO4X8Y\">AQUI<\/a><\/p>\n<p style=\"text-align: center;\"><span style=\"background-color: #000000; color: #ffffff;\">22.\u00aa Jornada*<\/span><\/p>\n<p><span style=\"text-decoration: underline;\"><strong>2.03.2025<\/strong><\/span><br \/>\n<strong>16h00<\/strong> \u2013 PV 2014\/Col\u00e9gio Efanor x CD Fi\u00e3es, no Pav. Col\u00e9gio Efanor \u2013 em directo na <a href=\"https:\/\/youtube.com\/live\/QInrwzO4X8Y\">Volei TV<\/a> e <span style=\"color: #ff0000;\">A Bola TV<\/span><br \/>\n<strong>16h00 locais<\/strong> \u2013 Clube Kair\u00f3s x SC Braga, no Pav. da Kair\u00f3s.<br \/>\n<strong>16h00<\/strong> \u2013 Sporting CP x GC Vilacondense, no Pav. Jo\u00e3o Rocha.<br \/>\n<strong>16h00<\/strong> \u2013 A. Avense 78 x Vit\u00f3ria SC, no Pav. Esc. S. Tom\u00e9 de Negrelos.<br \/>\n<strong>16h00<\/strong> \u2013 Leix\u00f5es SC x FC Porto, na Nave Il\u00eddio Ramos &#8211; CDC Matosinhos<br \/>\n<strong>16h00<\/strong> \u2013 SL Benfica x Cast\u00ealo da Maia GC, no Pav. N.\u00ba 2 do Est\u00e1dio da Luz<\/p>\n<p style=\"text-align: center;\"><span style=\"background-color: #000000; color: #ffffff;\">TODAS AS INFORMA\u00c7\u00d5ES<\/span><\/p>\n<p style=\"text-align: center;\"><strong>Resultados<\/strong>,<strong>\u00a0Live Streaming\u00a0<\/strong>e<strong>\u00a0Estat\u00edstica<\/strong>\u00a0em\u00a0<a href=\"https:\/\/fpv-web.dataproject.com\/CompetitionHome.aspx?ID=107\">https:\/\/fpv-web.dataproject.com\/CompetitionHome.aspx?ID=108<\/a><br \/>\n<strong>**Calend\u00e1rio\u00a0<\/strong>e<strong>\u00a0Classifica\u00e7\u00e3o<\/strong>\u00a0em\u00a0<a href=\"https:\/\/www.portugalvoleibol.com\/classificacao\/\">https:\/\/www.portugalvoleibol.com\/classificacao\/<\/a><br \/>\n<strong>\u00c1rbitros nomeados<\/strong>\u00a0(actualizado \u00e0 quinta-feira) em\u00a0<a href=\"https:\/\/fpvoleibol.pt\/fpv\/arbitragem\/nomeacoes\/\">https:\/\/fpvoleibol.pt\/fpv\/arbitragem\/nomeacoes\/<\/a><br \/>\n<strong>Regulamento de Seniores<\/strong>\u00a0<a href=\"https:\/\/www.fpvoleibol.pt\/regulamentos\/reg_esc_seniores_.pdf\">AQUI<\/a><br \/>\n<span style=\"font-size: 8pt;\"><strong>*Hor\u00e1rios poder\u00e3o sofrer altera\u00e7\u00f5es<\/strong><\/span><\/p>\n","protected":false},"excerpt":{"rendered":"<p>O PV\/Col\u00e9gio Efanor x Clube Desportivo de Fi\u00e3es, da 22.\u00aa jornada da 1.\u00aa Fase da Liga Solverde.pt, ser\u00e1 transmitido em directo na Volei TV e A Bola TV. O jogo [&hellip;]<\/p>\n","protected":false},"author":2,"featured_media":38419,"comment_status":"open","ping_status":"open","sticky":false,"template":"","format":"standard","meta":{"_monsterinsights_skip_tracking":false,"_monsterinsights_sitenote_active":false,"_monsterinsights_sitenote_note":"","_monsterinsights_sitenote_category":0,"footnotes":""},"categories":[13,8,31],"tags":[139,113],"class_list":{"0":"post-38416","1":"post","2":"type-post","3":"status-publish","4":"format-standard","5":"has-post-thumbnail","7":"category-arbitragem","8":"category-voleibol","9":"category-voleitv","10":"tag-epoca-2024-2025","11":"tag-liga-solverde-pt","12":"czr-hentry"},"aioseo_notices":[],"_links":{"self":[{"href":"https:\/\/fpvoleibol.pt\/fpv\/wp-json\/wp\/v2\/posts\/38416","targetHints":{"allow":["GET"]}}],"collection":[{"href":"https:\/\/fpvoleibol.pt\/fpv\/wp-json\/wp\/v2\/posts"}],"about":[{"href":"https:\/\/fpvoleibol.pt\/fpv\/wp-json\/wp\/v2\/types\/post"}],"author":[{"embeddable":true,"href":"https:\/\/fpvoleibol.pt\/fpv\/wp-json\/wp\/v2\/users\/2"}],"replies":[{"embeddable":true,"href":"https:\/\/fpvoleibol.pt\/fpv\/wp-json\/wp\/v2\/comments?post=38416"}],"version-history":[{"count":2,"href":"https:\/\/fpvoleibol.pt\/fpv\/wp-json\/wp\/v2\/posts\/38416\/revisions"}],"predecessor-version":[{"id":38420,"href":"https:\/\/fpvoleibol.pt\/fpv\/wp-json\/wp\/v2\/posts\/38416\/revisions\/38420"}],"wp:featuredmedia":[{"embeddable":true,"href":"https:\/\/fpvoleibol.pt\/fpv\/wp-json\/wp\/v2\/media\/38419"}],"wp:attachment":[{"href":"https:\/\/fpvoleibol.pt\/fpv\/wp-json\/wp\/v2\/media?parent=38416"}],"wp:term":[{"taxonomy":"category","embeddable":true,"href":"https:\/\/fpvoleibol.pt\/fpv\/wp-json\/wp\/v2\/categories?post=38416"},{"taxonomy":"post_tag","embeddable":true,"href":"https:\/\/fpvoleibol.pt\/fpv\/wp-json\/wp\/v2\/tags?post=38416"}],"curies":[{"name":"wp","href":"https:\/\/api.w.org\/{rel}","templated":true}]}}