{"id":38407,"date":"2025-02-26T11:00:24","date_gmt":"2025-02-26T11:00:24","guid":{"rendered":"https:\/\/fpvoleibol.pt\/fpv\/?p=38407"},"modified":"2025-02-26T11:09:56","modified_gmt":"2025-02-26T11:09:56","slug":"espinho-acolhe-final-da-taca-das-nacoes","status":"publish","type":"post","link":"https:\/\/fpvoleibol.pt\/fpv\/2025\/02\/26\/espinho-acolhe-final-da-taca-das-nacoes\/","title":{"rendered":"ESPINHO ACOLHE FINAL DA TA\u00c7A DAS NA\u00c7\u00d5ES"},"content":{"rendered":"<p><img loading=\"lazy\" decoding=\"async\" class=\"size-full wp-image-38410 aligncenter\" src=\"https:\/\/fpvoleibol.pt\/fpv\/wp-content\/uploads\/2025\/02\/Espinho_VPraia_dd2.jpg\" alt=\"\" width=\"960\" height=\"720\" srcset=\"https:\/\/fpvoleibol.pt\/fpv\/wp-content\/uploads\/2025\/02\/Espinho_VPraia_dd2.jpg 960w, https:\/\/fpvoleibol.pt\/fpv\/wp-content\/uploads\/2025\/02\/Espinho_VPraia_dd2-300x225.jpg 300w, https:\/\/fpvoleibol.pt\/fpv\/wp-content\/uploads\/2025\/02\/Espinho_VPraia_dd2-768x576.jpg 768w\" sizes=\"auto, (max-width: 960px) 100vw, 960px\" \/><\/p>\n<p>Espinho vai receber, de 17 a 20 de Julho, a Final da Ta\u00e7a das Na\u00e7\u00f5es de Voleibol de Praia!<\/p>\n<p>A importante competi\u00e7\u00e3o, organizada sob a \u00e9gide da Confedera\u00e7\u00e3o Europeia de Voleibol (CEV) pela Federa\u00e7\u00e3o Portuguesa de Voleibol (FPV) com a colabora\u00e7\u00e3o da C\u00e2mara Municipal de Espinho (CME) trar\u00e1 a Portugal duplas de cada g\u00e9nero de oito pa\u00edses, para disputarem o prestigiado t\u00edtulo.<\/p>\n<p>Espinho, conhecida pela sua tradi\u00e7\u00e3o na organiza\u00e7\u00e3o de grandes eventos desportivos internacionais, promete um ambiente vibrante e uma celebra\u00e7\u00e3o do melhor do Voleibol de Praia.<\/p>\n<p>A edi\u00e7\u00e3o de 2025 da Ta\u00e7a das Na\u00e7\u00f5es da CEV culminar\u00e1 em Portugal, onde sete duplas provenientes da fase de qualifica\u00e7\u00e3o, juntamente com as equipas portuguesas, competir\u00e3o pelo t\u00edtulo. Este evento, introduzido em 2022, visa expandir as oportunidades de competi\u00e7\u00e3o para atletas de Voleibol de Praia e capitalizar o sucesso da antiga Ta\u00e7a Continental da CEV, com o seu emocionante formato <em>pa\u00eds contra pa\u00eds.<\/em><\/p>\n<p>Recorde-se que, em 2022, a final decorreu em Viena, \u00c1ustria, com a Noruega e a Su\u00ed\u00e7a a conquistarem os t\u00edtulos masculinos e femininos, respetivamente. No ano passado, a final da Ta\u00e7a das Na\u00e7\u00f5es, realizada em Jurmala, na Let\u00f3nia, serviu como evento de qualifica\u00e7\u00e3o ol\u00edmpica, tendo as equipas da Fran\u00e7a e da Ch\u00e9quia garantido a sua participa\u00e7\u00e3o nos Jogos Ol\u00edmpicos de Paris 2024.<\/p>\n<p>No in\u00edcio de um novo ciclo ol\u00edmpico, a Ta\u00e7a das Na\u00e7\u00f5es regressa ao seu formato original, proporcionando aos melhores atletas europeus a oportunidade de representar os seus pa\u00edses numa competi\u00e7\u00e3o onde a for\u00e7a do coletivo faz a diferen\u00e7a. Esta competi\u00e7\u00e3o, em meados de Julho, marca o regresso de um grande evento de Voleibol de Praia da CEV a Portugal, <em>epopeia<\/em> que come\u00e7ou no primeiro Campeonato Europeu de feminino, realizado tamb\u00e9m em Espinho em 1994.<\/p>\n<p>&#8220;<em>Gostaria de expressar a minha sincera gratid\u00e3o \u00e0 Federa\u00e7\u00e3o Portuguesa de Voleibol pela sua prontid\u00e3o e compromisso em assegurar o sucesso deste evento. Este esfor\u00e7o n\u00e3o s\u00f3 garante que a Ta\u00e7a das Na\u00e7\u00f5es de Voleibol de Praia continue a prosperar e a crescer, como tamb\u00e9m refor\u00e7a a dedica\u00e7\u00e3o de Portugal ao desenvolvimento do Voleibol e do Voleibol de Praia no nosso continente<\/em>&#8220;, afirmou o <span style=\"text-decoration: underline;\">Presidente da CEV, <strong>Roko Sikiri\u0107<\/strong><\/span>.<\/p>\n<p>Uma ideia partilhada pela Federa\u00e7\u00e3o Portuguesa de Voleibol e pela C\u00e2mara Municipal de Espinho.<\/p>\n<p><img loading=\"lazy\" decoding=\"async\" class=\" wp-image-38422 alignleft\" src=\"https:\/\/fpvoleibol.pt\/fpv\/wp-content\/uploads\/2025\/02\/Espinho_VPraia_dd4.jpg\" alt=\"\" width=\"405\" height=\"270\" srcset=\"https:\/\/fpvoleibol.pt\/fpv\/wp-content\/uploads\/2025\/02\/Espinho_VPraia_dd4.jpg 960w, https:\/\/fpvoleibol.pt\/fpv\/wp-content\/uploads\/2025\/02\/Espinho_VPraia_dd4-300x200.jpg 300w, https:\/\/fpvoleibol.pt\/fpv\/wp-content\/uploads\/2025\/02\/Espinho_VPraia_dd4-768x512.jpg 768w\" sizes=\"auto, (max-width: 405px) 100vw, 405px\" \/>&#8220;<em>Gostaria de come\u00e7ar por agradecer a confian\u00e7a que a CEV depositou, uma vez mais, na Federa\u00e7\u00e3o Portuguesa de Voleibol para organizar um evento desta magnitude e expressar a nossa gratid\u00e3o \u00e0 C\u00e2mara Municipal de Espinho por continuar a ser nossa parceira na realiza\u00e7\u00e3o de importantes provas do calend\u00e1rio internacional.<\/em><br \/>\n<em>\u00c9 bom lembrar que n\u00f3s, Federa\u00e7\u00e3o, em colabora\u00e7\u00e3o com a C\u00e2mara de Espinho, organizamos desde os anos 90 [1995] eventos mundiais de Voleibol de Praia na Praia da Ba\u00eda. <\/em><br \/>\n<em>A Praia da Ba\u00eda funciona como um talism\u00e3 para as nossas sele\u00e7\u00f5es, que foram sempre muito acarinhadas na cidade da Costa Verde, e cremos que o modelo competitivo, que envolve duplas dos dois g\u00e9neros de diferentes na\u00e7\u00f5es tamb\u00e9m contribuir\u00e1 para um apoio ainda maior, sobretudo em Espinho, onde o p\u00fablico respira Voleibol de Praia e \u00e9 um profundo conhecedor da modalidade.\u00a0\u00a0 <\/em><br \/>\n<em>Desportivamente, esperamos que a competi\u00e7\u00e3o impulsione as nossas duplas no caminho ol\u00edmpico e que os atletas e demais intervenientes na final da Ta\u00e7a das Na\u00e7\u00f5es possam sentir a paix\u00e3o com que os portugueses vivem o Voleibol e o Voleibol de Praia.<\/em><br \/>\n<em>Para al\u00e9m disso, este evento \u00e9 importante para a divulga\u00e7\u00e3o da modalidade e para motivar mais jovens para a pr\u00e1tica do desporto, do Voleibol e do Voleibol de Praia a n\u00edvel mundial e nacional, ao mesmo tempo que divulgamos o nome de Portugal e da cidade.<\/em><br \/>\n<em>Espinho \u00e9 mundialmente conhecido pelos atletas que jogam o Circuito Mundial e as competi\u00e7\u00f5es internacionais, pois todos gostam de disputar aqui as competi\u00e7\u00f5es da sua modalidade favorita<\/em>.&#8221;, salientou\u00a0<span style=\"text-decoration: underline;\"><strong>Vicente Ara\u00fajo<\/strong>,\u00a0Presidente da FPV<\/span>.<\/p>\n<p>&#8220;\u00c9<em> com enorme satisfa\u00e7\u00e3o que Espinho recebe, de 17 a 20 de julho, a Final da Ta\u00e7a das Na\u00e7\u00f5es de Voleibol de Praia. A hist\u00f3ria e a tradi\u00e7\u00e3o de Espinho na organiza\u00e7\u00e3o de grandes competi\u00e7\u00f5es internacionais s\u00e3o um orgulho para o nosso concelho e uma refer\u00eancia a n\u00edvel nacional e europeu. Ao longo das \u00faltimas d\u00e9cadas, o nome de Espinho tornou-se indissoci\u00e1vel do voleibol, em particular do Voleibol de Praia, e este evento refor\u00e7a o nosso estatuto como um destino de excel\u00eancia para a modalidade.<\/em><br \/>\n<em>A realiza\u00e7\u00e3o desta final n\u00e3o s\u00f3 confirma a confian\u00e7a que as entidades internacionais depositam na nossa capacidade organizativa, como tamb\u00e9m nos permite continuar a projetar Espinho como um concelho de desporto, onde a pr\u00e1tica desportiva \u00e9 incentivada em todas as idades e onde grandes eventos servem de inspira\u00e7\u00e3o para novas gera\u00e7\u00f5es de atletas.<\/em><br \/>\n<em>Estamos preparados para acolher atletas e equipas de excel\u00eancia, proporcionando-lhes um ambiente vibrante e entusi\u00e1stico, digno da grande festa do Voleibol de Praia que aqui se vai viver. Agrade\u00e7o \u00e0 Confedera\u00e7\u00e3o Europeia de Voleibol e \u00e0 Federa\u00e7\u00e3o Portuguesa de Voleibol pela confian\u00e7a depositada em Espinho para receber este evento de prest\u00edgio.<\/em><br \/>\n<em>Convido todos os espinhenses e visitantes a juntarem-se a n\u00f3s e a testemunharem mais uma p\u00e1gina memor\u00e1vel da hist\u00f3ria do voleibol em Espinho. Que esta competi\u00e7\u00e3o inspire mais jovens a praticar desporto e contribua para refor\u00e7ar o estatuto de Espinho como uma refer\u00eancia incontorn\u00e1vel no panorama desportivo nacional e internacional<\/em>&#8220;, desejou <span style=\"text-decoration: underline;\"><strong>Maria Manuel Cruz<\/strong>, Presidente da CME<\/span>.<\/p>\n<p>Portugal aproveitar\u00e1 esta oportunidade \u00fanica para garantir que os seus jogadores adquiram valiosa experi\u00eancia internacional. O Voleibol de Praia continua a crescer no pa\u00eds, e no ano passado, Jo\u00e3o Nuno Pedrosa\/Hugo Campos tornou-se a primeira equipa portuguesa a competir no EuroBeachVolley em 20 anos.<\/p>\n<p style=\"text-align: left;\">Em Setembro, os tricampe\u00f5es portugueses subiram ao p\u00f3dio no <a href=\"https:\/\/beachsports2024.fisu-events.com\/\"><span style=\"text-decoration: underline;\">Campeonato Mundial Universit\u00e1rio de Praia<\/span><\/a> (<a href=\"https:\/\/beachsports2024.fisu-events.com\/\"><span style=\"text-decoration: underline;\">FISU World University Championship Beach Sports 2024<\/span><\/a>) \u2013 que decorreu nas praias de Botafogo e da Barra da Tijuca, no Rio de Janeiro, no Brasil.<\/p>\n<p>No <a href=\"https:\/\/eurobeachvolley.cev.eu\/en\/2024\/men\/\">Campeonato da Europa de Seniores<\/a>, competi\u00e7\u00e3o em que fez a sua estreia, a dupla orientada pelo Seleccionador <strong>Ricardo Rocha<\/strong> defrontou, na Pool E, em Apeldoorn, nos Pa\u00edses Baixos,\u00a0 as duplas <strong>Boersman\/De Groot<\/strong> (os neerlandeses foram vice-campe\u00f5es europeus em 2021 e 5.\u00bas classificados nos Jogos Ol\u00edmpicos de Paris 2024), <strong>Janiak\/Brozyniak<\/strong>, da Pol\u00f3nia, e <strong>Strankevicius\/Knasas<\/strong>, da Litu\u00e2nia.<\/p>\n<p class=\"\">Apesar da sua juventude,\u00a0<strong>Jo\u00e3o Pedrosa\u00a0<\/strong>e<strong>\u00a0Hugo Campos<\/strong>,\u00a0<a href=\"https:\/\/fpvoleibol.pt\/fpv\/2022\/09\/10\/pedrosa-campos-campeoes-mundiais-universitarios\/\">campe\u00f5es mundiais universit\u00e1rios 2022<\/a>, t\u00eam j\u00e1 um registo significativo nos \u00faltimos anos.<\/p>\n<p style=\"text-align: center;\"><span style=\"background-color: #000000; color: #ffffff;\"><img loading=\"lazy\" decoding=\"async\" class=\" wp-image-38408 alignleft\" src=\"https:\/\/fpvoleibol.pt\/fpv\/wp-content\/uploads\/2025\/02\/Espinho_VPraia_dd1.jpg\" alt=\"\" width=\"381\" height=\"286\" srcset=\"https:\/\/fpvoleibol.pt\/fpv\/wp-content\/uploads\/2025\/02\/Espinho_VPraia_dd1.jpg 960w, https:\/\/fpvoleibol.pt\/fpv\/wp-content\/uploads\/2025\/02\/Espinho_VPraia_dd1-300x225.jpg 300w, https:\/\/fpvoleibol.pt\/fpv\/wp-content\/uploads\/2025\/02\/Espinho_VPraia_dd1-768x576.jpg 768w\" sizes=\"auto, (max-width: 381px) 100vw, 381px\" \/>A COMPETI\u00c7\u00c3O<\/span><\/p>\n<p>A\u00a0Ta\u00e7a das Na\u00e7\u00f5es tem um formato de competi\u00e7\u00e3o peculiar que promove <em>batalhas<\/em> entre pa\u00edses. Cada na\u00e7\u00e3o \u00e9 representada por duas duplas e os <em>duelos<\/em> disputam-se \u00e0 melhor de tr\u00eas, sendo a decis\u00e3o quanto ao vencedor, se necess\u00e1rio, encontrada atrav\u00e9s de um <em>golden set<\/em> (set de desempate) de 15 pontos.<br \/>\nA Confedera\u00e7\u00e3o Europeia de Voleibol (CEV) lan\u00e7ou em 2022, em Viena, capital da \u00c1ustria, a Ta\u00e7a das Na\u00e7\u00f5es europeias (CEV BeachVolley Nations Cup), competi\u00e7\u00e3o que, na sua primeira edi\u00e7\u00e3o, se realizou entre 2 a 7 de Agosto, sendo disputada por oito na\u00e7\u00f5es em masculinos e igual n\u00famero em femininos.<br \/>\nOs oito pa\u00edses representados foram os sete melhores do Ranking da CEV mais a anfitri\u00e3 \u00c1ustria.<br \/>\nEm 2023, a segunda edi\u00e7\u00e3o da Ta\u00e7a das Na\u00e7\u00f5es envolveu duplas de 31 pa\u00edses e foi disputada nos meses de Maio e Junho. A segunda edi\u00e7\u00e3o da CEV Beach Volley Nations Cup ganhou ainda mais import\u00e2ncia pois representou um dos caminhos pelos quais um pa\u00eds poderia garantir uma (muito cobi\u00e7ada) presen\u00e7a nos Jogos Ol\u00edmpicos de Paris 2024.<br \/>\nA primeira edi\u00e7\u00e3o da BVNC, que se realizou na cidade austr\u00edaca de Viena h\u00e1 dois anos, foi vencida pela Noruega em masculinos e pela Su\u00ed\u00e7a em femininos.<br \/>\nNa 3.\u00aa edi\u00e7\u00e3o, em 2024, ano em que o primeiro lugar dava uma vaga para os Jogos Ol\u00edmpicos, quem venceu foram os franceses em masculinos e as neerlandesas em femininos. Portugal conseguiu um excelente 3.\u00ba lugar nos masculinos, que nos deixou muito pr\u00f3ximos de um apuramento para Paris.<\/p>\n<p style=\"text-align: center;\"><span style=\"background-color: #000000; color: #ffffff;\"><img loading=\"lazy\" decoding=\"async\" class=\"wp-image-38409 alignright\" src=\"https:\/\/fpvoleibol.pt\/fpv\/wp-content\/uploads\/2025\/02\/Espinho_VPraia_dd3.jpg\" alt=\"\" width=\"331\" height=\"248\" srcset=\"https:\/\/fpvoleibol.pt\/fpv\/wp-content\/uploads\/2025\/02\/Espinho_VPraia_dd3.jpg 960w, https:\/\/fpvoleibol.pt\/fpv\/wp-content\/uploads\/2025\/02\/Espinho_VPraia_dd3-300x225.jpg 300w, https:\/\/fpvoleibol.pt\/fpv\/wp-content\/uploads\/2025\/02\/Espinho_VPraia_dd3-768x576.jpg 768w\" sizes=\"auto, (max-width: 331px) 100vw, 331px\" \/><\/span><\/p>\n<p style=\"text-align: center;\"><span style=\"background-color: #000000; color: #ffffff;\">HISTORIAL de Espinho<\/span><\/p>\n<p>Desde 1995, data da primeira edi\u00e7\u00e3o do Espinho Open, Portugal acolheu 25 provas de \u00e2mbito mundial (organizadas sob a \u00e9gide da FIVB) e 6 de \u00e2mbito europeu (Confedera\u00e7\u00e3o Europeia de Voleibol \u2013 CEV) em masculinos e 20 provas FIVB e 6 CEV em femininos.<br \/>\nEm termos globais, em 2023 a edi\u00e7\u00e3o da etapa espinhense foi a 18.\u00aa de masculinos e a 13.\u00aa de femininos, mas a FPV organizou v\u00e1rias outras competi\u00e7\u00f5es internacionais em Cortega\u00e7a, Porto, Macedo de Cavaleiros, Porto Santo (Madeira) e Esposende, esta \u00faltima em 2001, onde a dupla portuguesa Jos\u00e9 Pedrosa\/Jos\u00e9 Teixeira se sagrou campe\u00e3 europeia de Sub-23.<\/p>\n<p style=\"text-align: center;\">Ver competi\u00e7\u00f5es internacionais de Voleibol de Praia organizadas em Portugal <a href=\"http:\/\/www.bvbinfo.com\/tournament.asp\">AQUI<\/a><\/p>\n<p style=\"text-align: center;\"><span style=\"text-decoration: underline;\"><strong>Mais informa\u00e7\u00f5es <a href=\"https:\/\/www.cev.eu\/articles\/beach-volleyball\/espinho-portugal-to-welcome-beach-volley-nations-cup-final-in-mid-july\/\">AQUI<\/a><\/strong><\/span><\/p>\n","protected":false},"excerpt":{"rendered":"<p>Espinho vai receber, de 17 a 20 de Julho, a Final da Ta\u00e7a das Na\u00e7\u00f5es de Voleibol de Praia! A importante competi\u00e7\u00e3o, organizada sob a \u00e9gide da Confedera\u00e7\u00e3o Europeia de [&hellip;]<\/p>\n","protected":false},"author":2,"featured_media":38411,"comment_status":"open","ping_status":"open","sticky":false,"template":"","format":"standard","meta":{"_monsterinsights_skip_tracking":false,"_monsterinsights_sitenote_active":false,"_monsterinsights_sitenote_note":"","_monsterinsights_sitenote_category":0,"footnotes":""},"categories":[20,9],"tags":[86],"class_list":{"0":"post-38407","1":"post","2":"type-post","3":"status-publish","4":"format-standard","5":"has-post-thumbnail","7":"category-destaque","8":"category-voleibol-de-praia","9":"tag-taca-das-nacoes-v-praia","10":"czr-hentry"},"aioseo_notices":[],"_links":{"self":[{"href":"https:\/\/fpvoleibol.pt\/fpv\/wp-json\/wp\/v2\/posts\/38407","targetHints":{"allow":["GET"]}}],"collection":[{"href":"https:\/\/fpvoleibol.pt\/fpv\/wp-json\/wp\/v2\/posts"}],"about":[{"href":"https:\/\/fpvoleibol.pt\/fpv\/wp-json\/wp\/v2\/types\/post"}],"author":[{"embeddable":true,"href":"https:\/\/fpvoleibol.pt\/fpv\/wp-json\/wp\/v2\/users\/2"}],"replies":[{"embeddable":true,"href":"https:\/\/fpvoleibol.pt\/fpv\/wp-json\/wp\/v2\/comments?post=38407"}],"version-history":[{"count":9,"href":"https:\/\/fpvoleibol.pt\/fpv\/wp-json\/wp\/v2\/posts\/38407\/revisions"}],"predecessor-version":[{"id":38444,"href":"https:\/\/fpvoleibol.pt\/fpv\/wp-json\/wp\/v2\/posts\/38407\/revisions\/38444"}],"wp:featuredmedia":[{"embeddable":true,"href":"https:\/\/fpvoleibol.pt\/fpv\/wp-json\/wp\/v2\/media\/38411"}],"wp:attachment":[{"href":"https:\/\/fpvoleibol.pt\/fpv\/wp-json\/wp\/v2\/media?parent=38407"}],"wp:term":[{"taxonomy":"category","embeddable":true,"href":"https:\/\/fpvoleibol.pt\/fpv\/wp-json\/wp\/v2\/categories?post=38407"},{"taxonomy":"post_tag","embeddable":true,"href":"https:\/\/fpvoleibol.pt\/fpv\/wp-json\/wp\/v2\/tags?post=38407"}],"curies":[{"name":"wp","href":"https:\/\/api.w.org\/{rel}","templated":true}]}}