{"id":38392,"date":"2025-02-24T17:24:18","date_gmt":"2025-02-24T17:24:18","guid":{"rendered":"https:\/\/fpvoleibol.pt\/fpv\/?p=38392"},"modified":"2025-03-10T11:53:32","modified_gmt":"2025-03-10T11:53:32","slug":"portugueses-no-mundo-137","status":"publish","type":"post","link":"https:\/\/fpvoleibol.pt\/fpv\/2025\/02\/24\/portugueses-no-mundo-137\/","title":{"rendered":"PORTUGUESES NO MUNDO"},"content":{"rendered":"<p><img loading=\"lazy\" decoding=\"async\" class=\"size-full wp-image-38394 aligncenter\" src=\"https:\/\/fpvoleibol.pt\/fpv\/wp-content\/uploads\/2025\/02\/Bruno_Dias_MVP_d3_d.jpg\" alt=\"\" width=\"960\" height=\"1200\" srcset=\"https:\/\/fpvoleibol.pt\/fpv\/wp-content\/uploads\/2025\/02\/Bruno_Dias_MVP_d3_d.jpg 960w, https:\/\/fpvoleibol.pt\/fpv\/wp-content\/uploads\/2025\/02\/Bruno_Dias_MVP_d3_d-240x300.jpg 240w, https:\/\/fpvoleibol.pt\/fpv\/wp-content\/uploads\/2025\/02\/Bruno_Dias_MVP_d3_d-819x1024.jpg 819w, https:\/\/fpvoleibol.pt\/fpv\/wp-content\/uploads\/2025\/02\/Bruno_Dias_MVP_d3_d-768x960.jpg 768w\" sizes=\"auto, (max-width: 960px) 100vw, 960px\" \/>Em Fran\u00e7a, o <a href=\"http:\/\/www.snvba.net\/\" target=\"_blank\" rel=\"noopener noreferrer\">Saint-Nazaire VB Atlantique,<\/a> de Louren\u00e7o Martins, perdeu (<a href=\"https:\/\/www.lnv.fr\/competitions\/ligue-a-masculine\">0-3: 20-25, 21-25 e 20-25<\/a>) na visita ao Tourcoing Lille M\u00e9tropole (4.\u00ba), antiga equipa de Carlos Teixeira, Miguel Tavares Rodrigues e&#8230; Louren\u00e7o Martins (\u00e9poca de 2020\/2021).<br \/>\nPara a equipa do zona 4 da Selec\u00e7\u00e3o Nacional, que foi eleito o melhor <span style=\"text-decoration: underline;\">jogador do m\u00eas de Janeiro<\/span>, isto significou o fim da hist\u00f3ria (<em>fin de l\u2019histoire<\/em>), j\u00e1 que o campe\u00e3o em t\u00edtulo, actualmente no 12.\u00ba e pen\u00faltimo lugar, ficou definitivamente afastado da disputa pelos Play-offs da <a href=\"https:\/\/www.lnv.fr\/competitions\/ligue-a-masculine\">Marmara SpikeLigue<\/a>, o principal campeonato gaul\u00eas.<br \/>\nNo dia 3 de Mar\u00e7o, o Saint-Nazaire recebe o AS Cannes (8.\u00ba).<br \/>\nNas competi\u00e7\u00f5es internacionais, os campe\u00f5es franceses do SNVBA, que perderam (1-3: 25-20, 20-25, 21-25 e 23-25) na recep\u00e7\u00e3o ao Olympiakos Piraeus, visitam a equipa grega no dia 27 de Fevereiro no Play-off da Liga dos Campe\u00f5es.<br \/>\nQuem ainda tem na <em>mira<\/em> os Play-offs reservados aos oito primeiros classificados do campeonato gaul\u00eas \u00e9 o <a href=\"https:\/\/www.nicevolleyball.fr\/\">Nice Volley-Ball<\/a>, de Bruno Dias, que foi vencer ao recinto do Arago de S\u00e8te por <a href=\"https:\/\/www.lnv.fr\/competitions\/ligue-a-masculine\">3-1 (25-22, 22-25, 25-23 e 26-24)<\/a>, com o distribuidor portugu\u00eas, autor de 3 ases, a ser considerado o MVP (Jogador Mais Valioso) do jogo. <span style=\"font-size: 10px;\"><strong>Imagens: <a href=\"https:\/\/www.facebook.com\/nicevolleyball06\/?checkpoint_src=any\">NVB<\/a><\/strong><\/span>.<br \/>\nNo dia 1 de Mar\u00e7o, o Nice (7.\u00ba) recebe o Plessis-Robinson, actualmente no 13.\u00ba e \u00faltimo lugar. Seguem-se o Narbonne (11.\u00ba, fora, 8 de Mar\u00e7o), Chaumont (1.\u00ba, casa, 15 de Mar\u00e7o) e Tours (4.\u00ba, fora, 22 de Mar\u00e7o) at\u00e9 ao final da fase regular.<\/p>\n<p>O <a href=\"https:\/\/www.aluroncmc.pl\/\" target=\"_blank\" rel=\"noopener noreferrer\">Aluron Warta Zawiercie<\/a>, de Miguel Tavares Rodrigues, derrotou (<a href=\"https:\/\/www.plusliga.pl\/ppcup\/gid\/119\/id\/10\/pagesId\/76.html\">3-0: 25-19, 26-24 e 25-20<\/a>) o CHKS Chelm e vai defrontar, no dia 12 de Abril, o Projekt Warszawa \u2013 actual 3.\u00ba classificado na PlusLiga \u2013 nas meias-finais da Ta\u00e7a da Pol\u00f3nia (<a href=\"https:\/\/www.plusliga.pl\/ppcup.html\">Tauron Pucharu Polski<\/a>), trof\u00e9u que ergueu na <a href=\"https:\/\/www.plusliga.pl\/ppcup\/id\/3.html\">\u00e9poca passada<\/a>. A final ser\u00e1 realizada na Arena Tauron, na cidade de Crac\u00f3via, de 12 a 13 de Abril.\u00a0<strong><span style=\"font-size: 10px;\"><br \/>\n<\/span><\/strong>Na 26.\u00aa jornada da <a href=\"https:\/\/www.plusliga.pl\/\">PlusLiga<\/a>, o Zawiercie recebeu e venceu o Slepsk Malow Suwalki (<a href=\"https:\/\/www.plusliga.pl\/games\/action\/show\/id\/1103796.html#stats\">3-0: 25-17, 25-15 e 25-19<\/a>) e ocupa isolado a vice-lideran\u00e7a da competi\u00e7\u00e3o.<br \/>\nNa 27.\u00aa jornada do principal campeonato polaco, agendada para o dia 2 de Mar\u00e7o, o Zawiercie visita o Zaksa Kedzierzyn-Kozle (5.\u00ba).<br \/>\nNas competi\u00e7\u00f5es europeias, a equipa do distribuidor da Selec\u00e7\u00e3o Nacional vai enfrentar nos quartos-de-final da Liga dos Campe\u00f5es, em casa no dia 18 de Mar\u00e7o, o vencedor da eliminat\u00f3ria a disputar no Play-off entre as equipas alem\u00e3s do LKH Arena Luneburg e do Berlin Recycling Volleys. No primeiro jogo, o Luneburg venceu por 3-2.<\/p>\n<p>O <a href=\"https:\/\/www.rioduerovoley.com\/\">CDV R\u00edo Duero Soria<\/a>, de <a href=\"https:\/\/rfevb-web.dataproject.com\/BestPlayerRankingComplete.aspx?ID=138&amp;rt=4\">Bruno Cunha<\/a>, entrou bem na disputa da <a href=\"https:\/\/www.rfevb.com\/copa-de-sm-el-rey-2025\">Copa do Rey (Ta\u00e7a do Rei)<\/a> ao vencer por\u00a0<a href=\"https:\/\/rfevb-web.dataproject.com\/MatchStatistics.aspx?mID=12472&amp;ID=140&amp;CID=337&amp;PID=173&amp;type=LegList\">3-0 (31-29, 25-22 e 25-22)<\/a> o CV Melilla, mas acabaria por cair (<a href=\"https:\/\/rfevb-web.dataproject.com\/MatchStatistics.aspx?mID=12475&amp;ID=140&amp;CID=337&amp;PID=173&amp;type=LegList\">0-3: 19-25, 18-25 e 28-30<\/a>) nas meias-finais diante do campe\u00e3o em t\u00edtulo, o CV Guaguas, equipa que ergueria o trof\u00e9u no dia seguinte.<br \/>\nO oposto portugu\u00eas contabilizou 19 pontos (18 ataques e 1 servi\u00e7o) no primeiro jogo e 19 pontos (17 ataques, 1 bloco e 1 servi\u00e7o) no segundo.<br \/>\nNa\u00a0<a href=\"https:\/\/www.rfevb.com\/superliga-masculina-clasificacion\">Superliga<\/a>, onde ocupa a vice-lideran\u00e7a isolada, a equipa do Soria visita no dia 1 de Mar\u00e7o o Club V\u00f3ley Palma, 12.\u00ba e \u00faltimo classificado.<br \/>\nNo mesmo dia, o <a href=\"https:\/\/www.voleysanroque.com\/\">Grupo Rafael Afonso San Roque<\/a>, de Jos\u00e9 Pinto, que ocupa o 8.\u00ba lugar no principal campeonato espanhol, visita o UPV Leleman Conqueridor (3.\u00ba).<\/p>\n<p>No Jap\u00e3o, o <a href=\"https:\/\/tokyo-greatbears.com\/\">Tokyo Great Bears,<\/a> de Alexandre Ferreira, dividiu as vit\u00f3rias com o Toray Arrows Shizuoka. Ap\u00f3s ter sido surpreendida no primeiro jogo (<a href=\"https:\/\/www.svleague.jp\/en\/form\/b\/32261\">2-3: 23-25, 25-18, 18-25, 25-19 e 13-15<\/a>), a equipa da capital nip\u00f3nica rectificou a m\u00e3o no segundo, triunfando pela margem m\u00e1xima: <a href=\"https:\/\/www.svleague.jp\/en\/form\/b\/32262\">3-0 (25-23, 25-21 e 25-22)<\/a>.<br \/>\nO capit\u00e3o da Selec\u00e7\u00e3o Nacional contabilizou 22 pontos (18 ataques, 3 blocos e 1 servi\u00e7o) no primeiro jogo e 10 pontos (9 ataques e 1 bloco) no segundo.<br \/>\nNos dias 1 e 2 de Mar\u00e7o, o Tokyo GB (4.\u00ba) recebe o Osaka Bluteon, equipa que lidera isolada a <a href=\"https:\/\/www.svleague.jp\/en\/sv_men\/match\/list\">SV League<\/a> e \u00e9 treinada pelo franc\u00eas Laurent Tillie.<\/p>\n<p>Na Rom\u00e9nia, o <a href=\"https:\/\/scmzalau.ro\/volei\/\">Sport Club Municipal Zalau<\/a>, de Filip Cveticanin, subiu ao 4.\u00ba lugar da fase regular do campeonato, ap\u00f3s vencer (<a href=\"https:\/\/frv-web.dataproject.com\/MatchStatistics.aspx?mID=3287&amp;ID=53&amp;CID=111&amp;PID=56&amp;type=LegList\">3-0: 34-32, 25-16 e 25-20<\/a>) na visita ao CS Unirea Dej e na recep\u00e7\u00e3o ao CS Arcada Galati (<a href=\"https:\/\/frv-web.dataproject.com\/MatchStatistics.aspx?mID=3300&amp;ID=53&amp;CID=111&amp;PID=56&amp;type=LegList\">3-1: 22-25, 25-21, 25-23 e 25-14<\/a>) nas duas derradeiras jornadas da <a href=\"https:\/\/frv-web.dataproject.com\/CompetitionMatches.aspx?ID=53&amp;PID=56\">Divizia A1<\/a>. O central portugu\u00eas, que \u00e9 5.\u00ba classificado no ranking dos <a href=\"https:\/\/frv-web.dataproject.com\/Statistics.aspx?ID=53&amp;PID=56\">melhores centrais\/blocadores<\/a>, rubricou respectivamente 6 (3 ataques e 3 blocos) e 9 pontos (8 ataques e 1 bloco).<br \/>\nNos Play-offs dos quartos-de-final, que arrancam no dia 1 de Mar\u00e7o, o Zalau volta a ser o anfitri\u00e3o do CS Arcada Galati, 5.\u00ba classificado na fase regular.<\/p>\n<p><img loading=\"lazy\" decoding=\"async\" class=\" wp-image-38404 alignleft\" src=\"https:\/\/fpvoleibol.pt\/fpv\/wp-content\/uploads\/2025\/02\/Sinfronio_MVP.jpg\" alt=\"\" width=\"403\" height=\"370\" srcset=\"https:\/\/fpvoleibol.pt\/fpv\/wp-content\/uploads\/2025\/02\/Sinfronio_MVP.jpg 960w, https:\/\/fpvoleibol.pt\/fpv\/wp-content\/uploads\/2025\/02\/Sinfronio_MVP-300x275.jpg 300w, https:\/\/fpvoleibol.pt\/fpv\/wp-content\/uploads\/2025\/02\/Sinfronio_MVP-768x705.jpg 768w\" sizes=\"auto, (max-width: 403px) 100vw, 403px\" \/>Na Alemanha, o <a href=\"https:\/\/homeofgrizzlys.de\/\">Helios Grizzlys Giesen (Alemanha)<\/a>, de Miguel Sinfr\u00f3nio, venceu na <a href=\"https:\/\/www.volleyball-bundesliga.de\/cms\/home\/1_bundesliga_maenner.xhtml\">1.Bundesliga<\/a> o ASV Dachau pela margem m\u00e1xima (<a href=\"https:\/\/www.volleyball-bundesliga.de\/uploads\/902a3945-5fec-44e8-ab0f-ed12f75314fe\">3-0: 26-24, 36-34 e 25-18<\/a>) e o central lusitano foi o MVP (Jogador Mais Valioso) do jogo. <span style=\"font-size: 10px;\"><strong>Imagem: <a href=\"https:\/\/www.volleyball-bundesliga.de\/\">VBD<\/a><\/strong><\/span>.<br \/>\nSinfr\u00f3nio <em>facturou<\/em> <a href=\"https:\/\/www.volleyball-bundesliga.de\/uploads\/902a3945-5fec-44e8-ab0f-ed12f75314fe\">15 pontos<\/a> (11 ataques + 4 blocos).<br \/>\nNo dia 7 de Mar\u00e7o, o Giesen (5.\u00ba) recebe o Baden Volleys SSC Karlsruhe (9.\u00ba).<\/p>\n<p>Em It\u00e1lia, e terminada a segunda volta da fase regular da <a href=\"https:\/\/www.legavolleyfemminile.it\/risultati\/?serie=2&amp;campionato=710315&amp;stagione=2024\">Serie A2 Tigot\u00e0 Girone B<\/a>, o <a href=\"https:\/\/www.pallavoloconcorezzo.org\/\">Imd Concorezzo<\/a>, de J\u00falia Kavalenka, est\u00e1 a lutar pela perman\u00eancia na <a href=\"https:\/\/www.legavolleyfemminile.it\/classifica\/?campionato=710320&amp;stagione=2024\">Pool Salvezza A2 Tigot\u00e0<\/a>. Nas 2.\u00aa e 3.\u00aa jornadas, o Concorezzo perdeu (<a href=\"https:\/\/www.legavolleyfemminile.it\/match-center\/747349\/\">0-3: 14-25, 21-25 e 13-25<\/a>) no recinto do Bam Mondov\u00ec e venceu na recep\u00e7\u00e3o (<a href=\"https:\/\/www.legavolleyfemminile.it\/match-center\/747352\/\">3-2: 25-16, 19-25, 25-22, 24-26 e 15-8<\/a>) ao Volleyball Casalmaggiore.<br \/>\nA oposta lusa contabilizou 10 pontos (9 ataques e 1 servi\u00e7o) no primeiro jogo e 23 (19 ataques, 3 blocos e 1 servi\u00e7o) no segundo.<br \/>\nNo dia 2 de Mar\u00e7o, o Imd Concorezzo (9.\u00ba) visita o Orocash Picco Lecco (6.\u00ba).<br \/>\nO <a href=\"https:\/\/prismatarantovolley.it\/\">Gioiella Prisma Taranto Volley (It\u00e1lia)<\/a>, de Diogo Fevereiro, saiu derrotado (<a href=\"https:\/\/www.legavolley.it\/match\/38329\">1-3: 15-25, 25-19, 21-25 e 23-25<\/a>) da\u00a0visita ao Valsa Group Modena e mant\u00e9m-se no 11.\u00ba e pen\u00faltimo lugar da tabela classificativa da fase regular da <a href=\"https:\/\/www.legavolley.it\/\">Superlega Pallavolo<\/a>, o principal campeonato de masculinos.<br \/>\nNo dia 2 de Mar\u00e7o, o Taranto recebe o Rana Verona (4.\u00ba).<\/p>\n<p>Nos Pa\u00edses Baixos, e depois de ter vencido a fase regular da\u00a0<a href=\"https:\/\/www.volleybal.nl\/volleybal\/eredivisie\/mannen\">Eredivisie<\/a> (I Divis\u00e3o), o <a href=\"https:\/\/www.lycurgus.nl\/\">Nova Technology Lycurgus BV<\/a>, de <span style=\"text-decoration: underline;\">Nuno Marques<\/span>, defrontou os belgas do Volley Haasrode Leuven, tendo perdido (1-3: 15-25, 25-19, 21-25 e 23-25) este jogo da <a href=\"https:\/\/www.volleybal.nl\/competitie\/poule\/nationale-competitie\/competitie-eredivisie\/nationale-competitie-ehb-3#program\">BeNe Conference<\/a> (B\u00e9lgica e Pa\u00edses Baixos).<br \/>\nNas meias-finais da <a href=\"https:\/\/www.volleybal.nl\/volleybal\/beker\/heren\">Ta\u00e7a neerlandesa<\/a>, disputadas a duas m\u00e3os, o Lycurgus vai enfrentar o Orions Stars, detentor do trof\u00e9u, hoje, em casa e a 1 de Mar\u00e7o (fora).<\/p>\n<p>Na Ch\u00e9quia, o <a href=\"https:\/\/kladno.volejbal.cz\/\">Kladno Volejbal cz,<\/a> de Jos\u00e9 Neves, triunfou (<a href=\"https:\/\/cvf-web.dataproject.com\/MatchStatistics.aspx?mID=4150&amp;ID=47\">3-1: 25-21, 27-29, 25-12 e 25-20<\/a>) na recep\u00e7\u00e3o ao SK Volejbal \u00dast\u00ed nad Labem, em jogo antecipado da 25.\u00aa jornada e mant\u00e9m-se no 3.\u00ba posto classificativo da <a href=\"https:\/\/www.cvf.cz\/extraliga-muzi\/\">Extraliga Masculina<\/a>.<br \/>\nA equipa do distribuidor portugu\u00eas folga na 24.\u00aa pr\u00f3xima jornada, agendada para o dia 27 de Fevereiro.<\/p>\n<p><span style=\"text-decoration: underline;\">Atletas \/ t\u00e9cnicos que actuam no estrangeiro e\/ou com<b> *inscri\u00e7\u00e3o iniciada em 2024\/2025<\/b>:<\/span><\/p>\n<p><strong><span style=\"text-decoration: underline;\">Processo conclu\u00eddo<\/span><\/strong><\/p>\n<p><a href=\"https:\/\/tokyo-greatbears.com\/\">Tokyo Great Bears (Jap\u00e3o)<\/a> \u2013 Alexandre Ferreira<br \/>\n<a href=\"https:\/\/www.aluroncmc.pl\/\" target=\"_blank\" rel=\"noopener noreferrer\">Aluron Warta Zawiercie (Pol\u00f3nia)<\/a> \u2013 Miguel Tavares Rodrigues<br \/>\n<a href=\"http:\/\/www.snvba.net\/\" target=\"_blank\" rel=\"noopener noreferrer\">Saint-Nazaire VB Atlantique (Fran\u00e7a)<\/a> \u2013 Louren\u00e7o Martins<br \/>\n<a href=\"https:\/\/www.nicevolleyball.fr\/\">Nice Volley-Ball (Fran\u00e7a)<\/a> \u2013 Bruno Dias<br \/>\n<a href=\"https:\/\/www.volerolecannet.fr\/fr\/\">Volero Le Cannet (Fran\u00e7a)<\/a> \u2013 Nilda Hungulo Matuca<br \/>\n<a href=\"https:\/\/www.uspvolleyball.fr\/senior-feminine\/\">US Palaiseau (Fran\u00e7a)<\/a> \u2013 Sara Teodoro<br \/>\n<a href=\"https:\/\/www.rioduerovoley.com\/\">CDV R\u00edo Duero Soria (Espanha)<\/a> \u2013 Bruno Cunha<br \/>\n<a href=\"https:\/\/www.voleysanroque.com\/\">CV San Roque Bat\u00e1n (Espanha)<\/a> \u2013 Jos\u00e9 Pinto<br \/>\n<a href=\"https:\/\/clubvoleibolkiele.com\/\">CV Kiele Socu\u00e9llamos (Espanha)<\/a> \u2013 Andria Pr\u00edncipe<br \/>\n<a href=\"https:\/\/www.facebook.com\/clubvoleibolvalldhebron?locale=pt_PT\">Club Voleibol Vall D&#8217;Hebron (Espanha)<\/a> \u2013 Maria Patr\u00edcio Tavares<br \/>\n<a href=\"https:\/\/scmzalau.ro\/volei\/\">Sport Club Municipal Zalau (Rom\u00e9nia)<\/a> \u2013 Filip Cveticanin<br \/>\n<a href=\"https:\/\/okmaribor.si\/\">OK i-Vent Maribor (Eslov\u00e9nia)<\/a>\u00a0\u2013 Gustavo Cavalcanti<br \/>\n<a href=\"https:\/\/www.pallavoloconcorezzo.org\/\">Pallavolo Concorezzo (It\u00e1lia) <\/a>\u2013 J\u00falia Kavalenka<br \/>\n<a href=\"https:\/\/prismatarantovolley.it\/\">Prisma Taranto Volley (It\u00e1lia)<\/a> \u2013 Diogo Fevereiro<br \/>\n<a href=\"https:\/\/homeofgrizzlys.de\/\">Helios Grizzlys Giesen (Alemanha)<\/a> \u2013 Miguel Sinfr\u00f3nio<br \/>\n<a href=\"http:\/\/www.vbc-kl.de\/\">VBC Kaiserslautern e.V. (Alemanha)<\/a> \u2013 J\u00e9ssica C\u00e2ndida Soares<br \/>\n<a href=\"https:\/\/le-volleys.de\/1damen\/\">L.E. Volleys e.V.<\/a> (Alemanha) \u2013 Lorena Matilde Silveira<br \/>\n<a href=\"https:\/\/www.lycurgus.nl\/\">Nova Technology Lycurgus BV (Pa\u00edses Baixos)<\/a> \u2013 Nuno Marques<br \/>\n<a href=\"https:\/\/kladno.volejbal.cz\/\">Kladno Volejbal cz (Ch\u00e9quia)<\/a> \u2013 Jos\u00e9 Neves<br \/>\n<a href=\"https:\/\/www.uvcgraz.at\/\">UVC Holding Graz (\u00c1ustria)<\/a>\u00a0\u2013 Jos\u00e9 Jardim<br \/>\n<a href=\"https:\/\/vcwolfurt.at\/\">Raiffeisen VC Wolfurt (\u00c1ustria)<\/a> \u2013 Cristiana Branco<br \/>\n<a href=\"https:\/\/lepimoos.at\/volleyball\/\">USV Leopoldskron-Moos<\/a> (\u00c1ustria) \u2013 Lara Bernardo dos Santos<br \/>\n<a href=\"https:\/\/brse.hu\/\">B\u00e9k\u00e9scsabai R\u00f6plabda SE (Hungria)<\/a>\u00a0\u2013 Marta Hurst<br \/>\n<a href=\"https:\/\/www.facebook.com\/nadialkhowildiah\/?checkpoint_src=any\">Al Khowildiah (Ar\u00e1bia Saudita<\/a>) \u2013 Jos\u00e9 Pedro Gomes<br \/>\n<a href=\"https:\/\/www.amagervolley.dk\/\">Amager VK (Dinamarca)<\/a> \u2013 Arthur Galipeau<br \/>\n<a href=\"https:\/\/www.hvk.dk\/\">Hvidovre Volleyball Klub (Dinamarca)<\/a> \u2013 Jos\u00e9 Casas<br \/>\n<a href=\"https:\/\/www.cosf-sports.com\/page\/1546914-accueil\">Club Omnisports de Saint-Fons (Fran\u00e7a<\/a>) \u2013 Natalia Herasymiv<br \/>\n<a href=\"https:\/\/plvpb-volley.org\/\">Association Sportive Villette Paul Bert (Fran\u00e7a)<\/a> \u2013 Laura Dias<br \/>\n<a href=\"https:\/\/www.facebook.com\/wissousvolley\/\">Union Sportive Wissous VB (Fran\u00e7a)<\/a>\u00a0\u2013 Joana Filipa Ferreira Lobo<br \/>\n<a href=\"https:\/\/rvb-volleyball.sportsregions.fr\/\">Rieux-Villers-Brenouille Volley (Fran\u00e7a)<\/a> \u2013 Mafalda Baptista Martins<br \/>\n<a href=\"https:\/\/djk-muenchen-ost.de\/home\/volleyball\/\">DJK M\u00fcnchen-Ost e.V. (Alemanha)<\/a> \u2013 Nuno Soares<br \/>\n<a href=\"https:\/\/www.fcschuettorf09.de\/\">FC Sch\u00fcttorf 09 (Alemanha)<\/a> \u2013 Jos\u00e9 Vinha<br \/>\n<a href=\"https:\/\/southamptonvolleyball.co.uk\/\">Southampton Volleyball Clube (Inglaterra)<\/a> \u2013 Dina Grosu<br \/>\n<a href=\"https:\/\/southamptonvolleyball.co.uk\/\">Southampton Volleyball Clube (Inglaterra)<\/a>\u00a0\u2013 Ema Sofia Carneiro<br \/>\n<a href=\"https:\/\/southamptonvolleyball.co.uk\/\">Southampton Volleyball Club (Inglaterra)<\/a>\u00a0\u2013 Maria Lima Antunes<br \/>\n<a href=\"https:\/\/www.richmondvolleyball.co.uk\/\">Richmond Volleyball (Inglaterra)<\/a> \u2013 Jo\u00e3o Alves<br \/>\n<a href=\"https:\/\/www.dartfordvolleyballclub.co.uk\/\">Dartford Volleyball Club (Inglaterra)<\/a> \u2013 Mariana Cruz Santos<br \/>\n<a href=\"http:\/\/www.darkstarvolleyball.com\/our-teams\/male-player\/\">Darkstar Derbyshire (Inglaterra)<\/a> \u2013 Marcelo Goulart<br \/>\n<a href=\"https:\/\/www.facebook.com\/CambridgeVC\/\">Cambridge VC (Inglaterra)<\/a> \u2013 Vasco Martins Lopes<br \/>\n<a href=\"https:\/\/www.vcs.lu\/\">VC Strassen (Luxemburgo)<\/a> \u2013 Ashley Rose Fantazia<br \/>\n<a href=\"https:\/\/www.facebook.com\/VolleyClubBelair\/?checkpoint_src=any\">Volleyball Club Belair (Luxemburgo)<\/a> \u2013 Carlos Castro<br \/>\n<a href=\"https:\/\/www.vopap.ch\/\">Volleyball Papierm\u00fchle (Su\u00ed\u00e7a)<\/a> \u2013 Maria Cristina Sousa<\/p>\n<p>(&#8230;)<\/p>\n<p><span style=\"text-decoration: underline;\"><span class=\"auto-style7\"><strong>Treinadores\/Scouters<\/strong><\/span><\/span>:<br \/>\n<a href=\"https:\/\/www.facebook.com\/toursvolleyball\">Tours VB (Fran\u00e7a)<\/a> \u2013 David Sousa<br \/>\n<a href=\"https:\/\/www.vnvb.fr\/\">Vand\u0153uvre Nancy Volley-Ball (Fran\u00e7a)<\/a> \u2013 Andr\u00e9 S\u00e1<br \/>\n<a href=\"https:\/\/clubvoleibolkiele.com\/\">CV Kiele Socu\u00e9llamos (Espanha)<\/a> \u2013 R\u00faben Fevereiro<br \/>\n<a href=\"https:\/\/www.volerolecannet.fr\/fr\/\">Volero Le Cannet (Fran\u00e7a)<\/a> \u2013 H\u00e9lder Louren\u00e7o<br \/>\n<a style=\"color: #001b2e;\" href=\"https:\/\/www.alsafa.sa\/\">Al Safa (Ar\u00e1bia Saudita)<\/a>\u00a0\u2013 Idner Martins<br \/>\n<a href=\"http:\/\/bvc-volei.org\/site\/\">Barueri Volleyball Club (Brasil)<\/a> \u2013 Bruno Leite<br \/>\n<a href=\"https:\/\/www.vbczu.ch\/home.php\">VBC Z\u00fcri Unterland (Su\u00ed\u00e7a)<\/a>\u00a0\u2013 Filipe Carrasco Soares<br \/>\n<a href=\"https:\/\/www.facebook.com\/ZESARVFM\/\">Volleyball Franches-Montagnes (Su\u00ed\u00e7a)<\/a> &#8211; Eduardo Faustino<br \/>\n<a href=\"https:\/\/www.facebook.com\/Cork-Volleyball-Academy-100484505416947\/\">Cork Volleyball Academy (Irlanda)<\/a> \u2013 Ant\u00f3nio Barros<\/p>\n<p style=\"text-align: center;\"><span style=\"text-decoration: underline;\"><strong>\u00c1rbitros portugueses em ac\u00e7\u00e3o<br \/>\nnas competi\u00e7\u00f5es internacionais<\/strong><\/span><\/p>\n<p><strong>Avelino Azevedo<\/strong><br \/>\nDelegado de Arbitragem no A. Carraro Imoco Conegliano (It\u00e1lia) x Vencedor da eliminat\u00f3ria Developres Rzeszow (Pol\u00f3nia)\u00a0<em>vs<\/em>\u00a0Allianz MTV Stuttgart (Alemanha), dos quartos-de-final da Liga dos Campe\u00f5es \u2013 femininos, no dia 12 de Mar\u00e7o.<br \/>\nDelegado de Arbitragem no Jastrzebski Wegiel (Pol\u00f3nia) x Vencedor da eliminat\u00f3ria Olympiacos Piraeus (Gr\u00e9cia)\u00a0<em>vs<\/em>\u00a0Saint-Nazaire VB Atlantique (Fran\u00e7a), dos quartos-de-final da Liga dos Campe\u00f5es \u2013 masculinos, no dia 19 de Mar\u00e7o.<br \/>\nDelegado de Arbitragem na Pool E da 2.\u00aa Ronda do Campeonato da Europa de Sub-16 Femininos (Espanha, \u00c1ustria, Finl\u00e2ndia e It\u00e1lia), em Monforte de Lemos (Espanha), de 24 a 27 de Abril.<\/p>\n<p><strong>V\u00edtor Gon\u00e7alves<\/strong><br \/>\nAluron CMC Warta Zawiercie (Pol\u00f3nia) x Vencedor do LKH Arena Luneburg (Alemanha) vs Berlin Recycling Volleys (Pol\u00f3nia), dos quartos-de-final da Liga dos Campe\u00f5es \u2013 masculinos, no dia 18 de Mar\u00e7o.<\/p>\n<p><strong>Sofia Costa<\/strong><br \/>\nPool B da 2.\u00aa Ronda do Campeonato da Europa de Sub-16 Femininos, de 25 a 27 de Abril, em Fran\u00e7a.<\/p>\n<p><strong>Raquel Portela<\/strong><br \/>\nTours VB (Fran\u00e7a) x Knack Roeselare (B\u00e9lgica), dos quartos-de-final da Ta\u00e7a CEV \u2013 masculinos, no dia 26 de Fevereiro.<\/p>\n<p><strong>Ricardo Ferreira<\/strong><br \/>\nLiga das Na\u00e7\u00f5es de Voleibol (VNL) \u2013 masculinos, em Chicago, nos Estados Unidos da Am\u00e9rica, de 25 a 29 de Junho.<\/p>\n<p style=\"text-align: center;\"><span style=\"text-decoration: underline;\"><strong>Voleibol de Praia<\/strong><\/span><\/p>\n<p><strong>Rui Carvalho<\/strong><br \/>\nBeach Pro Tour Challenge de Saquarema (Brasil), de 10 a 13 de Abril.<br \/>\nBeach Pro Tour Elite16 Bras\u00edlia (Brasil), de 16 a 20 de Abril.<br \/>\nBeach Pro Tour Elite16 Ostrava (Ch\u00e9quia), de 28 de Maio a 1 de Junho.<\/p>\n<p><strong>Sandra Deveza<\/strong><br \/>\nBeach Pro Tour Elite16 Gstaad (Su\u00ed\u00e7a), de 2 a 6 de Julho.<br \/>\nBeach Pro Tour Challenge Stare Jablonki (Pol\u00f3nia), de 21 a 24 de Agosto.<\/p>\n<p style=\"text-align: center;\">Mais informa\u00e7\u00f5es em\u00a0<a href=\"http:\/\/www.cev.eu\/\">cev.eu<\/a><\/p>\n","protected":false},"excerpt":{"rendered":"<p>Em Fran\u00e7a, o Saint-Nazaire VB Atlantique, de Louren\u00e7o Martins, perdeu (0-3: 20-25, 21-25 e 20-25) na visita ao Tourcoing Lille M\u00e9tropole (4.\u00ba), antiga equipa de Carlos Teixeira, Miguel Tavares Rodrigues [&hellip;]<\/p>\n","protected":false},"author":2,"featured_media":38395,"comment_status":"open","ping_status":"open","sticky":false,"template":"","format":"standard","meta":{"_monsterinsights_skip_tracking":false,"_monsterinsights_sitenote_active":false,"_monsterinsights_sitenote_note":"","_monsterinsights_sitenote_category":0,"footnotes":""},"categories":[13,8],"tags":[139,52],"class_list":{"0":"post-38392","1":"post","2":"type-post","3":"status-publish","4":"format-standard","5":"has-post-thumbnail","7":"category-arbitragem","8":"category-voleibol","9":"tag-epoca-2024-2025","10":"tag-portugueses-no-mundo","11":"czr-hentry"},"aioseo_notices":[],"_links":{"self":[{"href":"https:\/\/fpvoleibol.pt\/fpv\/wp-json\/wp\/v2\/posts\/38392","targetHints":{"allow":["GET"]}}],"collection":[{"href":"https:\/\/fpvoleibol.pt\/fpv\/wp-json\/wp\/v2\/posts"}],"about":[{"href":"https:\/\/fpvoleibol.pt\/fpv\/wp-json\/wp\/v2\/types\/post"}],"author":[{"embeddable":true,"href":"https:\/\/fpvoleibol.pt\/fpv\/wp-json\/wp\/v2\/users\/2"}],"replies":[{"embeddable":true,"href":"https:\/\/fpvoleibol.pt\/fpv\/wp-json\/wp\/v2\/comments?post=38392"}],"version-history":[{"count":15,"href":"https:\/\/fpvoleibol.pt\/fpv\/wp-json\/wp\/v2\/posts\/38392\/revisions"}],"predecessor-version":[{"id":38785,"href":"https:\/\/fpvoleibol.pt\/fpv\/wp-json\/wp\/v2\/posts\/38392\/revisions\/38785"}],"wp:featuredmedia":[{"embeddable":true,"href":"https:\/\/fpvoleibol.pt\/fpv\/wp-json\/wp\/v2\/media\/38395"}],"wp:attachment":[{"href":"https:\/\/fpvoleibol.pt\/fpv\/wp-json\/wp\/v2\/media?parent=38392"}],"wp:term":[{"taxonomy":"category","embeddable":true,"href":"https:\/\/fpvoleibol.pt\/fpv\/wp-json\/wp\/v2\/categories?post=38392"},{"taxonomy":"post_tag","embeddable":true,"href":"https:\/\/fpvoleibol.pt\/fpv\/wp-json\/wp\/v2\/tags?post=38392"}],"curies":[{"name":"wp","href":"https:\/\/api.w.org\/{rel}","templated":true}]}}