{"id":38347,"date":"2025-02-20T18:04:58","date_gmt":"2025-02-20T18:04:58","guid":{"rendered":"https:\/\/fpvoleibol.pt\/fpv\/?p=38347"},"modified":"2025-02-20T18:04:58","modified_gmt":"2025-02-20T18:04:58","slug":"romenas-voltam-a-vencer-na-taca-cev","status":"publish","type":"post","link":"https:\/\/fpvoleibol.pt\/fpv\/2025\/02\/20\/romenas-voltam-a-vencer-na-taca-cev\/","title":{"rendered":"ROMENAS VOLTAM A VENCER NA TA\u00c7A CEV"},"content":{"rendered":"<p><img loading=\"lazy\" decoding=\"async\" class=\"size-full wp-image-38069 aligncenter\" src=\"https:\/\/fpvoleibol.pt\/fpv\/wp-content\/uploads\/2025\/02\/fcpxblaj_news_d.jpg\" alt=\"\" width=\"960\" height=\"640\" srcset=\"https:\/\/fpvoleibol.pt\/fpv\/wp-content\/uploads\/2025\/02\/fcpxblaj_news_d.jpg 960w, https:\/\/fpvoleibol.pt\/fpv\/wp-content\/uploads\/2025\/02\/fcpxblaj_news_d-300x200.jpg 300w, https:\/\/fpvoleibol.pt\/fpv\/wp-content\/uploads\/2025\/02\/fcpxblaj_news_d-768x512.jpg 768w\" sizes=\"auto, (max-width: 960px) 100vw, 960px\" \/>A equipa de seniores femininos do <strong>FC Porto\u00a0<\/strong>perdeu hoje, por<a href=\"https:\/\/www-old.cev.eu\/Competition-Area\/MatchStatistics.aspx?ID=76534\"> 1-3 (13-25, 25-23, 9-25 e 22-25)<\/a>, com o <strong>CS Volei Alba Blaj<\/strong> em jogo da segunda m\u00e3o dos quartos-de-final da <a href=\"https:\/\/www.cev.eu\/club\/volleyball-cup\/2025\/women\/\">Ta\u00e7a CEV<\/a> e terminou a competi\u00e7\u00e3o no 5.\u00ba posto da tabela classificativa.<\/p>\n<p>Na primeira m\u00e3o, disputada no Drag\u00e3o Arena, o <span style=\"text-decoration: underline;\">Clubul Sportiv Municipal Volei Alba Blaj<\/span> \u2013 finalista da Liga dos Campe\u00f5es em 2018 e da Ta\u00e7a CEV em 2023 \u2013 tinha vencido pela margem m\u00e1xima (<a href=\"https:\/\/www-old.cev.eu\/Competition-Area\/MatchStatistics.aspx?ID=76520\">3-0: 25-22, 25-20 e 25-21)<\/a>, pelo que no segundo e decisivo jogo, as campe\u00e3s portuguesas teriam de derrotar as romenas por 3-0 ou 3-1 e, seguidamente, triunfar no <a href=\"https:\/\/fpvoleibol.pt\/fpv\/wp-content\/uploads\/2021\/10\/Golden_Set_Clubs.pdf\">Golden Set<\/a>.<\/p>\n<p>Hoje, na cidade romena de Blaj, as azuis e brancas at\u00e9 entraram bem no primeiro set (4-1), mas foram perdendo fulgor e viram as suas advers\u00e1rias ganharem cada vez mais confian\u00e7a (8-7, 16-11) at\u00e9 \u00e0 vit\u00f3ria por desequilibrados 25-13.<br \/>\nA equipa portuguesa n\u00e3o baixou os bra\u00e7os e no segundo parcial liderou quase sempre o marcador (16-11, 20-14). Embora tenha permitido a igualdade aos 21-21, conseguiu triunfar por 25-23.<br \/>\nNo terceiro set, o Volei Blaj tomou em m\u00e3os as r\u00e9deas do jogo e comandou sempre (3-0, 9-1, 18-6) a marcha do marcador at\u00e9 \u00e0 vit\u00f3ria por 25-9.<br \/>\nO quarto e \u00faltimo parcial foi mais equilibrado, com as portistas a conseguirem liderar (12-11, 18-17), mas as romenas a mostrarem-se mais fortes nos momentos finais e a conseguirem selar o triunfo por 3-1.<\/p>\n<p>A canadiana<strong> Shainah Joseph<\/strong>, com 16 pontos, e a azeri <strong>Yelyzaveta Ruban<\/strong>, com 14, foram as melhores pontuadoras respectivamente do FC Porto e do Blaj neste segundo jogo, que foi arbitrado por Jasmin Husejnovic (B\u00f3snia-Herzegovina) e Maciej Maciejewski\u00a0 (Pol\u00f3nia). Ver estat\u00edstica <a href=\"https:\/\/www-old.cev.eu\/Competition-Area\/MatchStatistics.aspx?ID=76534\">AQUI<\/a><\/p>\n<p><span style=\"text-decoration: underline;\">Historial da equipa de seniores femininos do FC Porto nas competi\u00e7\u00f5es europeias:<\/span><br \/>\nTa\u00e7a CEV 2025 \u2013 FC Porto \u2013 5.\u00ba lugar, proveniente da Liga dos Campe\u00f5es.<br \/>\nTa\u00e7a CEV 2024 \u2013 FC Porto \u2013 13.\u00ba lugar.<br \/>\n<span style=\"text-decoration: underline;\"><strong>Como AJM\/FC Porto<\/strong><\/span><br \/>\nChallenge Cup 2021 \u2013 AJM\/FC Porto \u2013 9.\u00ba lugar<br \/>\nTa\u00e7a CEV 2022 \u2013 AJM\/FC Porto \u2013 9.\u00ba lugar<br \/>\nChallenge Cup 2023 \u2013 AJM\/FC Porto \u2013 5.\u00ba lugar<\/p>\n<p>As portistas disputaram a Ta\u00e7a CEV provenientes da fase de grupos da Liga dos Campe\u00f5es, que conclu\u00edram no 3.\u00ba lugar da Pool C.<br \/>\nNa Pool C da <a href=\"https:\/\/championsleague.cev.eu\/en\/women\/#body-tab-6c6ff31f-d638-4cf2-a14c-07aeb1970719-2\">4.\u00aa Ronda da Liga dos Campe\u00f5es<\/a>, o FC Porto defrontou (0-3 e 0-3) as italianas do Vero Volley Milano, equipa de Paola Egonu (MVP em Paris 2024) \u2013 considerada por muitos a melhor oposta da actualidade \u2013, as turcas do VakifBank Istanbul (0-3 e 0-3) e as eslovenas do Calcit Kamnik (3-0 e 3-2).<br \/>\nAs portistas atingiram a fase de grupos ap\u00f3s eliminarem as campe\u00e3s espanholas do Hidramar Gran Canaria na 3.\u00aa Ronda da Liga dos Campe\u00f5es, com vit\u00f3rias por 3-0 (casa) e 3-2 (fora).<br \/>\nO Voleibol feminino voltou assim a ter uma equipa lusitana na <em>Champions League<\/em> 19 anos depois. O Sporting Clube de Espinho foi o primeiro a disputar a Ta\u00e7a dos Campe\u00f5es Europeus, em 1960\/1961 \u2013 seguido do CDUL e do SL Benfica, que foi o primeiro a atingir os quartos-de-final (1968, 1970 e 1973) \u2013, e o Clube Acad\u00e9mico da Trofa foi a primeira equipa portuguesa de seniores femininos a disputar a actual Liga dos Campe\u00f5es, em 2005\/2006, tendo sido 6.\u00ba classificado na Pool A da fase de grupos.<\/p>\n<p>No caminho at\u00e9 aos quartos-de-final da Ta\u00e7a CEV, o CS Volei Alba Blaj eliminou as maced\u00f3nias do Rabotnicki Skopje (3-0 e 3-0), as checas do Prostejov (3-1 e 3-2) e, nos oitavos-de-final, as espanholas do Avarca de Menorca (3-0 e 3-0).<\/p>\n<p><img loading=\"lazy\" decoding=\"async\" class=\"size-full wp-image-37911 aligncenter\" src=\"https:\/\/fpvoleibol.pt\/fpv\/wp-content\/uploads\/2025\/01\/holtexsportingcp.jpg\" alt=\"\" width=\"960\" height=\"640\" srcset=\"https:\/\/fpvoleibol.pt\/fpv\/wp-content\/uploads\/2025\/01\/holtexsportingcp.jpg 960w, https:\/\/fpvoleibol.pt\/fpv\/wp-content\/uploads\/2025\/01\/holtexsportingcp-300x200.jpg 300w, https:\/\/fpvoleibol.pt\/fpv\/wp-content\/uploads\/2025\/01\/holtexsportingcp-768x512.jpg 768w\" sizes=\"auto, (max-width: 960px) 100vw, 960px\" \/>Em masculinos,\u00a0o <strong>Sporting Clube de Portugal<\/strong> tamb\u00e9m est\u00e1 obrigado a ir \u00e0 Pol\u00f3nia (26 de Fevereiro) vencer por 3-0 ou 3-1, j\u00e1 que perdeu (<a href=\"https:\/\/www-old.cev.eu\/Competition-Area\/MatchStatistics.aspx?ID=76726\">0-3: 18-25, 21-25 e 18-25<\/a>) na recep\u00e7\u00e3o aos polacos do <a href=\"https:\/\/lkpslublin.pl\/klub\/\">Bogdanka Luk Lublin<\/a>, no jogo da primeira m\u00e3o das meias-finais da Challenge Cup.<\/p>\n<p>Com este resultado, os <em>le\u00f5es<\/em> ter\u00e3o de vencer por 3-0 ou 3-1 e, ainda, ganhar um eventual <a href=\"https:\/\/fpvoleibol.pt\/fpv\/wp-content\/uploads\/2021\/10\/Golden_Set_Clubs.pdf\">Golden Set<\/a>, enquanto a antiga equipa do capit\u00e3o da Selec\u00e7\u00e3o Nacional, Alexandre Ferreira, apenas precisa de somar dois sets. Ver mais informa\u00e7\u00f5es <a href=\"https:\/\/www.cev.eu\/match-centres\/2025-european-cups\/cev-volleyball-challenge-cup-2025-men\/chcm-90-bogdanka-luk-lublin-v-sporting-cp-lisboa\/\">AQUI<\/a><\/p>\n<p>O Bogdanka Luk Lublin ocupa actualmente o 5.\u00ba lugar na <a href=\"https:\/\/www.plusliga.pl\/\">PlusLiga<\/a>, o principal campeonato polaco, e Wilfredo Leon Venero, cubano naturalizado polaco, \u00e9 uma das estrelas da equipa e um dos melhores jogadores mundiais da \u00faltima d\u00e9cada.<\/p>\n<p>Em 2019, o Sporting subiu ao \u00faltimo degrau do p\u00f3dio da Challenge Cup ao ser eliminado nas meias-finais pelos italianos do Vero Volley Monza: ap\u00f3s uma excelente vit\u00f3ria (<a href=\"https:\/\/www-old.cev.eu\/Competition-Area\/MatchPage.aspx?mID=31723&amp;ID=1116&amp;CID=6066&amp;PID=1616\">3-2<\/a>) em It\u00e1lia, os <em>le\u00f5es<\/em> acabariam por ceder pela margem m\u00e1xima em Lisboa.<\/p>\n<p>Na segunda m\u00e3o dos quartos-de-final, a equipa orientada por Jo\u00e3o Coelho confirmou a qualifica\u00e7\u00e3o para as <em>meias<\/em> ap\u00f3s vencer 3-1 (25-22, 30-28, 25-27 e 25-14), no Pavilh\u00e3o Jo\u00e3o Rocha, os belgas do <span style=\"text-decoration: underline;\">Decospan VT Menen<\/span>, depois de ter superado, fora, este mesmo advers\u00e1rio por esclarecedores <a href=\"https:\/\/www-old.cev.eu\/Competition-Area\/MatchStatistics.aspx?ID=76709\">3-0 (25-18, 25-21 e 25-21)<\/a> no jogo da primeira m\u00e3o.<br \/>\nOs <em>le\u00f5es<\/em> de Alvalade elevaram assim para 27 as vit\u00f3rias 19 consecutivas) em 28 jogos nas competi\u00e7\u00f5es (Liga Una Seguros, Ta\u00e7a de Portugal e Challenge Cup) disputadas esta temporada.<br \/>\nDepois de vencer a II Ta\u00e7a Ib\u00e9rica, a equipa sportinguista tem assim mais um p\u00f3dio internacional na mira&#8230;<br \/>\nNos oitavos-de-final, os <em>le\u00f5es<\/em> receberam e derrotaram, pela margem m\u00e1xima (<a href=\"https:\/\/www-old.cev.eu\/Competition-Area\/MatchStatistics.aspx?ID=76696\">3-0: 25-22, 25-16 e 25-21<\/a>), os finlandeses do <a href=\"https:\/\/www.cev.eu\/team\/13644-akaa-volley\">Akaa Volle<\/a>y, depois de no primeiro jogo terem vencido na Finl\u00e2ndia por <a href=\"https:\/\/www-old.cev.eu\/Competition-Area\/MatchStatistics.aspx?ID=76682\">3-1 (21-25, 25-22, 25-23 e 25-21<\/a>).<br \/>\nNos 16 avos-de-final, os <em>le\u00f5es<\/em> de Alvalade, actuais l\u00edderes da Liga Una Seguros, vencedores da Superta\u00e7a 2024 e da II Ta\u00e7a Ib\u00e9rica, tinham afastado os checos do <a href=\"https:\/\/kladno.volejbal.cz\/\">Kladno Volejbal cz<\/a>\u00a0\u2013 equipa do distribuidor <span style=\"text-decoration: underline;\">Jos\u00e9 Neves<\/span> \u2013 vencendo em Lisboa por <a href=\"https:\/\/www-old.cev.eu\/Competition-Area\/MatchStatistics.aspx?ID=76633\">3-0 (25-20, 25-21 e 25-15<\/a>) e seguidamente em Kladno por <a href=\"https:\/\/www-old.cev.eu\/Competition-Area\/MatchStatistics.aspx?ID=76659\">3-2 (25-21, 18-25, 25-18, 26-28 e 15-9)<\/a>.<br \/>\nEm 2019, a forma\u00e7\u00e3o leonina classificou-se no 3.\u00ba lugar na Challenge Cup, tendo ainda registado na competi\u00e7\u00e3o um 5.\u00ba lugar (2023), e dois 9.\u00ba lugares (2021 e 2022) nos \u00faltimos anos.<\/p>\n<p style=\"text-align: center;\"><span style=\"background-color: #000000; color: #ffffff;\">Clubes estrangeiros<br \/>\ncom portugueses<\/span><\/p>\n<p class=\"\">Os polacos do <a href=\"https:\/\/www.aluroncmc.pl\/\" target=\"_blank\" rel=\"noopener noreferrer\">Aluron Warta Zawiercie<\/a>, de Miguel Tavares Rodrigues, terminaram invictos a Pool C da 4.\u00aa Ronda da Liga dos Campe\u00f5es, ap\u00f3s receberem e vencerem (3-0: 25-22, 25-21 e 25-19) os italianos do Allianz Milano (2.\u00ba) na sexta e \u00faltima jornada da fase de grupos.<br \/>\nNos quartos-de-final, a equipa do distribuidor da Selec\u00e7\u00e3o Nacional vai enfrentar o vencedor da eliminat\u00f3ria a disputar no Play-off entre as equipas alem\u00e3s do LKH Arena Luneburg e do Berlin Recycling Volleys. No primeiro jogo, o Luneburg venceu por 3-2.<\/p>\n<p>Os campe\u00f5es franceses do <a href=\"http:\/\/www.snvba.net\/\" target=\"_blank\" rel=\"noopener noreferrer\">Saint-Nazaire VB Atlantique,<\/a> de Louren\u00e7o Martins, que perderam (<a href=\"https:\/\/www-old.cev.eu\/Competition-Area\/MatchStatistics.aspx?ID=76770\">1-3: 25-20, 20-25, 21-25 e 23-25<\/a>) na recep\u00e7\u00e3o ao Olympiakos Piraeus, visitam a equipa grega no dia 27 de Fevereiro no Play-off da Liga dos Campe\u00f5es.<\/p>\n<p style=\"text-align: center;\"><span style=\"text-decoration: underline;\"><strong>\u00c1rbitros portugueses em ac\u00e7\u00e3o<br \/>\nnas competi\u00e7\u00f5es internacionais<\/strong><\/span><\/p>\n<p><strong>Avelino Azevedo<\/strong><br \/>\nDelegado de Arbitragem no A. Carraro Imoco Conegliano (It\u00e1lia) x Vencedor da eliminat\u00f3ria Developres Rzeszow (Pol\u00f3nia) <em>vs<\/em> Allianz MTV Stuttgart (Alemanha), dos quartos-de-final da Liga dos Campe\u00f5es &#8211; femininos, no dia 12 de Mar\u00e7o.<br \/>\nDelegado de Arbitragem no Jastrzebski Wegiel (Pol\u00f3nia) x Vencedor da eliminat\u00f3ria Olympiacos Piraeus (Gr\u00e9cia) <em>vs<\/em> Saint-Nazaire VB Atlantique (Fran\u00e7a), dos quartos-de-final da Liga dos Campe\u00f5es &#8211; masculinos, no dia 19 de Mar\u00e7o.<br \/>\nDelegado de Arbitragem na Pool E da 2.\u00aa Ronda do Campeonato da Europa de Sub-16 Femininos (Espanha, \u00c1ustria, Finl\u00e2ndia e It\u00e1lia), em Monforte de Lemos (Espanha), de 24 a 27 de Abril.<\/p>\n<p><strong>V\u00edtor Gon\u00e7alves<\/strong><br \/>\nAluron CMC Warta Zawiercie (Pol\u00f3nia) x Vencedor do LKH Arena Luneburg (Alemanha) vs Berlin Recycling Volleys (Pol\u00f3nia), dos quartos-de-final da Liga dos Campe\u00f5es &#8211; masculinos, no dia 18 de Mar\u00e7o.<\/p>\n<p><strong>Sofia Costa<\/strong><br \/>\nPool B da 2.\u00aa Ronda do Campeonato da Europa de Sub-16 Femininos, de 25 a 27 de Abril, em Fran\u00e7a.<\/p>\n<p><strong>Raquel Portela<\/strong><br \/>\nTours VB (Fran\u00e7a) x Knack Roeselare (B\u00e9lgica), dos quartos-de-final da Ta\u00e7a CEV &#8211; masculinos, no dia 26 de Fevereiro.<\/p>\n<p><strong>Ricardo Ferreira<\/strong><br \/>\nLiga das Na\u00e7\u00f5es de Voleibol (VNL) \u2013 masculinos, em Chicago, nos Estados Unidos da Am\u00e9rica, de 25 a 29 de Junho.<\/p>\n<p style=\"text-align: center;\"><span style=\"text-decoration: underline;\"><strong>Voleibol de Praia<\/strong><\/span><\/p>\n<p><strong>Rui Carvalho<\/strong><br \/>\nBeach Pro Tour Challenge de Saquarema (Brasil), de 10 a 13 de Abril.<br \/>\nBeach Pro Tour Elite16 Bras\u00edlia (Brasil), de 16 a 20 de Abril.<br \/>\nBeach Pro Tour Elite16 Ostrava (Ch\u00e9quia), de 28 de Maio a 1 de Junho.<\/p>\n<p><strong>Sandra Deveza<\/strong><br \/>\nBeach Pro Tour Elite16 Gstaad (Su\u00ed\u00e7a), de 2 a 6 de Julho.<br \/>\nBeach Pro Tour Challenge Stare Jablonki (Pol\u00f3nia), de 21 a 24 de Agosto.<\/p>\n<p style=\"text-align: center;\">Mais informa\u00e7\u00f5es em\u00a0<a href=\"http:\/\/www.cev.eu\/\">cev.eu<\/a><\/p>\n","protected":false},"excerpt":{"rendered":"<p>A equipa de seniores femininos do FC Porto\u00a0perdeu hoje, por 1-3 (13-25, 25-23, 9-25 e 22-25), com o CS Volei Alba Blaj em jogo da segunda m\u00e3o dos quartos-de-final da [&hellip;]<\/p>\n","protected":false},"author":2,"featured_media":38068,"comment_status":"open","ping_status":"open","sticky":false,"template":"","format":"standard","meta":{"_monsterinsights_skip_tracking":false,"_monsterinsights_sitenote_active":false,"_monsterinsights_sitenote_note":"","_monsterinsights_sitenote_category":0,"footnotes":""},"categories":[13,8,9],"tags":[54,139,32,53],"class_list":{"0":"post-38347","1":"post","2":"type-post","3":"status-publish","4":"format-standard","5":"has-post-thumbnail","7":"category-arbitragem","8":"category-voleibol","9":"category-voleibol-de-praia","10":"tag-challenge-cup","11":"tag-epoca-2024-2025","12":"tag-liga-dos-campeoes","13":"tag-taca-cev","14":"czr-hentry"},"aioseo_notices":[],"_links":{"self":[{"href":"https:\/\/fpvoleibol.pt\/fpv\/wp-json\/wp\/v2\/posts\/38347","targetHints":{"allow":["GET"]}}],"collection":[{"href":"https:\/\/fpvoleibol.pt\/fpv\/wp-json\/wp\/v2\/posts"}],"about":[{"href":"https:\/\/fpvoleibol.pt\/fpv\/wp-json\/wp\/v2\/types\/post"}],"author":[{"embeddable":true,"href":"https:\/\/fpvoleibol.pt\/fpv\/wp-json\/wp\/v2\/users\/2"}],"replies":[{"embeddable":true,"href":"https:\/\/fpvoleibol.pt\/fpv\/wp-json\/wp\/v2\/comments?post=38347"}],"version-history":[{"count":8,"href":"https:\/\/fpvoleibol.pt\/fpv\/wp-json\/wp\/v2\/posts\/38347\/revisions"}],"predecessor-version":[{"id":38362,"href":"https:\/\/fpvoleibol.pt\/fpv\/wp-json\/wp\/v2\/posts\/38347\/revisions\/38362"}],"wp:featuredmedia":[{"embeddable":true,"href":"https:\/\/fpvoleibol.pt\/fpv\/wp-json\/wp\/v2\/media\/38068"}],"wp:attachment":[{"href":"https:\/\/fpvoleibol.pt\/fpv\/wp-json\/wp\/v2\/media?parent=38347"}],"wp:term":[{"taxonomy":"category","embeddable":true,"href":"https:\/\/fpvoleibol.pt\/fpv\/wp-json\/wp\/v2\/categories?post=38347"},{"taxonomy":"post_tag","embeddable":true,"href":"https:\/\/fpvoleibol.pt\/fpv\/wp-json\/wp\/v2\/tags?post=38347"}],"curies":[{"name":"wp","href":"https:\/\/api.w.org\/{rel}","templated":true}]}}