{"id":38250,"date":"2025-02-18T11:47:46","date_gmt":"2025-02-18T11:47:46","guid":{"rendered":"https:\/\/fpvoleibol.pt\/fpv\/?p=38250"},"modified":"2025-02-18T11:47:46","modified_gmt":"2025-02-18T11:47:46","slug":"vitoria-sc-x-sl-benfica-na-volei-tv-e-a-bola-tv-2","status":"publish","type":"post","link":"https:\/\/fpvoleibol.pt\/fpv\/2025\/02\/18\/vitoria-sc-x-sl-benfica-na-volei-tv-e-a-bola-tv-2\/","title":{"rendered":"VIT\u00d3RIA SC x SL BENFICA NA VOLEI TV E A BOLA TV"},"content":{"rendered":"<p><img loading=\"lazy\" decoding=\"async\" class=\"size-full wp-image-38251 aligncenter\" src=\"https:\/\/fpvoleibol.pt\/fpv\/wp-content\/uploads\/2025\/02\/21JORNADA_VSCxSLB_d.jpg\" alt=\"\" width=\"960\" height=\"540\" srcset=\"https:\/\/fpvoleibol.pt\/fpv\/wp-content\/uploads\/2025\/02\/21JORNADA_VSCxSLB_d.jpg 960w, https:\/\/fpvoleibol.pt\/fpv\/wp-content\/uploads\/2025\/02\/21JORNADA_VSCxSLB_d-300x169.jpg 300w, https:\/\/fpvoleibol.pt\/fpv\/wp-content\/uploads\/2025\/02\/21JORNADA_VSCxSLB_d-768x432.jpg 768w, https:\/\/fpvoleibol.pt\/fpv\/wp-content\/uploads\/2025\/02\/21JORNADA_VSCxSLB_d-528x297.jpg 528w\" sizes=\"auto, (max-width: 960px) 100vw, 960px\" \/> O <a href=\"https:\/\/fpv-web.dataproject.com\/MatchStatistics.aspx?mID=10116&amp;ID=107&amp;CID=360&amp;PID=149&amp;type=LegList\">Vit\u00f3ria Sport Clube x Sport Lisboa e Benfica<\/a>, da 21.\u00aa jornada da 1.\u00aa Fase da <a href=\"https:\/\/fpv-web.dataproject.com\/CompetitionHome.aspx?ID=107\"><span style=\"text-decoration: underline;\"><strong>Liga Solverde.pt<\/strong><\/span><\/a>, ser\u00e1 transmitido em directo na <a href=\"http:\/\/www.volei.tv\">Volei TV<\/a> e <span style=\"color: #ff0000;\">A Bola TV<\/span>.<\/p>\n<p>O jogo est\u00e1 agendado para o dia 23 de Fevereiro (15h00) no Pavilh\u00e3o Desportivo Unidade Vimaranense, e poder\u00e1 ser seguido, via <em>live streaming<\/em>, <a href=\"https:\/\/www.youtube.com\/watch?v=zDHjapRiIkg\">AQUI<\/a><\/p>\n<p style=\"text-align: center;\"><span style=\"background-color: #000000; color: #ffffff;\">21.\u00aa Jornada*<\/span><\/p>\n<p><span style=\"text-decoration: underline;\"><strong>18.02.2025<\/strong><\/span><br \/>\n<strong>20h00<\/strong> \u2013 CD Fi\u00e3es x Clube Kair\u00f3s, no Pav. Municipal de Fi\u00e3es.<br \/>\n<span style=\"text-decoration: underline;\"><strong>23.02.2025<\/strong><\/span><br \/>\n<strong>15h00<\/strong> \u2013 SC Braga x A. Avense 78, no AMCO Arena.<br \/>\n<strong>15h00<\/strong> \u2013 Vit\u00f3ria SC x SL Benfica, no Pav. Desp. Unid. Vimaranense \u2013 em directo na <a href=\"https:\/\/www.youtube.com\/watch?v=GqBXZ7f7vGg\">Volei TV<\/a> e <span style=\"color: #ff0000;\">A Bola TV<\/span><br \/>\n<strong>16h00<\/strong> \u2013 PV 2014\/Col\u00e9gio Efanor x GC Vilacondense, no Pav. Col\u00e9gio Efanor.<br \/>\n<strong>16h00<\/strong> \u2013 Leix\u00f5es SC\/Mercainox x Cast\u00ealo da Maia GC, na Nave Il\u00eddio Ramos \u2013 CDC Matosinhos<br \/>\n<span style=\"text-decoration: underline;\"><strong>24.02.2025<\/strong><\/span><br \/>\n<strong>19h30<\/strong> \u2013 Sporting CP x FC Porto, no Pav. Jo\u00e3o Rocha<\/p>\n<p style=\"text-align: center;\"><span style=\"background-color: #000000; color: #ffffff;\">TODAS AS INFORMA\u00c7\u00d5ES<\/span><\/p>\n<p style=\"text-align: center;\"><strong>Resultados<\/strong>,<strong>\u00a0Live Streaming\u00a0<\/strong>e<strong>\u00a0Estat\u00edstica<\/strong>\u00a0em\u00a0<a href=\"https:\/\/fpv-web.dataproject.com\/CompetitionHome.aspx?ID=107\">https:\/\/fpv-web.dataproject.com\/CompetitionHome.aspx?ID=108<\/a><br \/>\n<strong>**Calend\u00e1rio\u00a0<\/strong>e<strong>\u00a0Classifica\u00e7\u00e3o<\/strong>\u00a0em\u00a0<a href=\"https:\/\/www.portugalvoleibol.com\/classificacao\/\">https:\/\/www.portugalvoleibol.com\/classificacao\/<\/a><br \/>\n<strong>\u00c1rbitros nomeados<\/strong>\u00a0(actualizado \u00e0 quinta-feira) em\u00a0<a href=\"https:\/\/fpvoleibol.pt\/fpv\/arbitragem\/nomeacoes\/\">https:\/\/fpvoleibol.pt\/fpv\/arbitragem\/nomeacoes\/<\/a><br \/>\n<strong>Regulamento de Seniores<\/strong>\u00a0<a href=\"https:\/\/www.fpvoleibol.pt\/regulamentos\/reg_esc_seniores_.pdf\">AQUI<\/a><br \/>\n<span style=\"font-size: 8pt;\"><strong>*Hor\u00e1rios poder\u00e3o sofrer altera\u00e7\u00f5es<\/strong><\/span><\/p>\n","protected":false},"excerpt":{"rendered":"<p>O Vit\u00f3ria Sport Clube x Sport Lisboa e Benfica, da 21.\u00aa jornada da 1.\u00aa Fase da Liga Solverde.pt, ser\u00e1 transmitido em directo na Volei TV e A Bola TV. O [&hellip;]<\/p>\n","protected":false},"author":2,"featured_media":38252,"comment_status":"open","ping_status":"open","sticky":false,"template":"","format":"standard","meta":{"_monsterinsights_skip_tracking":false,"_monsterinsights_sitenote_active":false,"_monsterinsights_sitenote_note":"","_monsterinsights_sitenote_category":0,"footnotes":""},"categories":[13,20,8,31],"tags":[139,113],"class_list":{"0":"post-38250","1":"post","2":"type-post","3":"status-publish","4":"format-standard","5":"has-post-thumbnail","7":"category-arbitragem","8":"category-destaque","9":"category-voleibol","10":"category-voleitv","11":"tag-epoca-2024-2025","12":"tag-liga-solverde-pt","13":"czr-hentry"},"aioseo_notices":[],"_links":{"self":[{"href":"https:\/\/fpvoleibol.pt\/fpv\/wp-json\/wp\/v2\/posts\/38250","targetHints":{"allow":["GET"]}}],"collection":[{"href":"https:\/\/fpvoleibol.pt\/fpv\/wp-json\/wp\/v2\/posts"}],"about":[{"href":"https:\/\/fpvoleibol.pt\/fpv\/wp-json\/wp\/v2\/types\/post"}],"author":[{"embeddable":true,"href":"https:\/\/fpvoleibol.pt\/fpv\/wp-json\/wp\/v2\/users\/2"}],"replies":[{"embeddable":true,"href":"https:\/\/fpvoleibol.pt\/fpv\/wp-json\/wp\/v2\/comments?post=38250"}],"version-history":[{"count":2,"href":"https:\/\/fpvoleibol.pt\/fpv\/wp-json\/wp\/v2\/posts\/38250\/revisions"}],"predecessor-version":[{"id":38254,"href":"https:\/\/fpvoleibol.pt\/fpv\/wp-json\/wp\/v2\/posts\/38250\/revisions\/38254"}],"wp:featuredmedia":[{"embeddable":true,"href":"https:\/\/fpvoleibol.pt\/fpv\/wp-json\/wp\/v2\/media\/38252"}],"wp:attachment":[{"href":"https:\/\/fpvoleibol.pt\/fpv\/wp-json\/wp\/v2\/media?parent=38250"}],"wp:term":[{"taxonomy":"category","embeddable":true,"href":"https:\/\/fpvoleibol.pt\/fpv\/wp-json\/wp\/v2\/categories?post=38250"},{"taxonomy":"post_tag","embeddable":true,"href":"https:\/\/fpvoleibol.pt\/fpv\/wp-json\/wp\/v2\/tags?post=38250"}],"curies":[{"name":"wp","href":"https:\/\/api.w.org\/{rel}","templated":true}]}}