{"id":3807,"date":"2021-03-06T21:32:44","date_gmt":"2021-03-06T20:32:44","guid":{"rendered":"https:\/\/fpvoleibol.pt\/fpv\/?p=3807"},"modified":"2021-03-06T21:35:27","modified_gmt":"2021-03-06T20:35:27","slug":"um-classico-benfica-x-sporting-na-final-da-taca-de-portugal","status":"publish","type":"post","link":"https:\/\/fpvoleibol.pt\/fpv\/2021\/03\/06\/um-classico-benfica-x-sporting-na-final-da-taca-de-portugal\/","title":{"rendered":"UM CL\u00c1SSICO BENFICA x SPORTING NA FINAL DA TA\u00c7A DE PORTUGAL"},"content":{"rendered":"<p><img loading=\"lazy\" decoding=\"async\" class=\"alignnone size-full wp-image-3836\" src=\"https:\/\/fpvoleibol.pt\/fpv\/wp-content\/uploads\/2021\/03\/leixoesxsporting_d.jpg\" alt=\"\" width=\"960\" height=\"640\" srcset=\"https:\/\/fpvoleibol.pt\/fpv\/wp-content\/uploads\/2021\/03\/leixoesxsporting_d.jpg 960w, https:\/\/fpvoleibol.pt\/fpv\/wp-content\/uploads\/2021\/03\/leixoesxsporting_d-300x200.jpg 300w, https:\/\/fpvoleibol.pt\/fpv\/wp-content\/uploads\/2021\/03\/leixoesxsporting_d-768x512.jpg 768w\" sizes=\"auto, (max-width: 960px) 100vw, 960px\" \/><\/p>\n<p style=\"text-align: right;\"><span style=\"font-size: 10pt;\"><strong>Fotos: Jorge Cabral<\/strong><\/span><\/p>\n<p><span style=\"display: inline !important; float: none; background-color: #ffffff; color: #333333; cursor: text; font-family: Georgia,'Times New Roman','Bitstream Charter',Times,serif; font-size: 16px; font-style: normal; font-variant: normal; font-weight: 400; letter-spacing: normal; orphans: 2; text-align: left; text-decoration: none; text-indent: 0px; text-transform: none; -webkit-text-stroke-width: 0px; white-space: normal; word-spacing: 0px;\">SL Benfica e Sporting CP defrontam-se amanh\u00e3 (16h00) na final da Ta\u00e7a de Portugal &#8211; masculinos, a disputar no Pavilh\u00e3o Municipal de Santo Tirso, com transmiss\u00e3o em directo na Sport TV.<\/span><\/p>\n<p style=\"text-align: center;\"><a href=\"https:\/\/fpv-web.dataproject.com\/MatchStatistics.aspx?mID=3723&amp;ID=37&amp;CID=149&amp;PID=55&amp;type=LegList\"><span style=\"text-decoration: underline;\"><strong>Leix\u00f5es SC x Sporting CP, 0-3 (11-25, 18-25 e 18-25)<\/strong><\/span><\/a><\/p>\n<p><strong>1.\u00ba Set<\/strong><br \/>\n<em>Entrada de le\u00e3o<\/em> (3-0) e resposta pronta, atrav\u00e9s de um servi\u00e7o de Andr\u00e9 Rosa, do Leix\u00f5es SC (3-2).<br \/>\nNova acelera\u00e7\u00e3o no jogo de ataque da equipa de Gerson Amorim e novo distanciamento pontual (10-5), num ataque concretizado por Paulo Victor, a obrigar o t\u00e9cnico Jo\u00e3o Pedro Vieira a reunir com os jogadores matosinhenses.<br \/>\nMas a situa\u00e7\u00e3o n\u00e3o se alterou (13-5) e o Leix\u00f5es SC come\u00e7ou a perder terreno: 16-6, concretizado atrav\u00e9s de um bloco de Renan Purifica\u00e7\u00e3o.<br \/>\n\u00c0 entrada para a recta final do parcial, a diferen\u00e7a continuava a ser de 10 pontos (20-10), pelo que foi com naturalidade que a forma\u00e7\u00e3o leonina selou o set com o resultado desnivelado de 25-11 atrav\u00e9s de um bloco do distribuidor Bruno Alves.<\/p>\n<p><strong>2.\u00ba Set<\/strong><br \/>\nIn\u00edcio equilibrado (2-2) e chegada \u00e0 lideran\u00e7a do marcador (6-5), atrav\u00e9s de um ataque de Alexandre Pereira, logo seguido de um bloco e de um servi\u00e7o directo de Marcus Borlini.<br \/>\nO Sporting CP deu a volta \u00e0 situa\u00e7\u00e3o com dois blocos de \u00c9der Kock (11-8), mas a equipa capitaneada por Bruno Sousa n\u00e3o deitou a toalha ao ch\u00e3o e chegou novamente \u00e0 igualdade com um servi\u00e7o de Phelps Martins (13-13).<br \/>\nO bra\u00e7o-de-ferro manteve-se, com a aguerrida forma\u00e7\u00e3o leixonense a festejar todos os pontos com enorme efusividade (17-17).<br \/>\nEm desvantagem num momento crucial (18-21), Jo\u00e3o Pedro Vieira <em>pediu tempo<\/em> para dar novo f\u00f4lego ao Leix\u00f5es SC. Contudo, a defesa alta leonina manteve-se inultrapass\u00e1vel e o Sporting CP fechou o set com novo triunfo; 25-18.<\/p>\n<p><strong>3.\u00ba Set<\/strong><br \/>\nCom Andr\u00e9 Rosa no servi\u00e7o, o Leix\u00f5es SC adiantou-se no marcador (3-1) e procurou manter a lideran\u00e7a (7-5), mas <span style=\"display: inline !important; float: none; background-color: #ffffff; color: #333333; cursor: text; font-family: Georgia,'Times New Roman','Bitstream Charter',Times,serif; font-size: 16px; font-style: normal; font-variant: normal; font-weight: 400; letter-spacing: normal; orphans: 2; text-align: left; text-decoration: none; text-indent: 0px; text-transform: none; -webkit-text-stroke-width: 0px; white-space: normal; word-spacing: 0px;\">\u00c9der Kock <\/span>mostrava-se intranspon\u00edvel no bloco e os sportinguistas ganharam motiva\u00e7\u00e3o e vantagem (10-7).<br \/>\nFi\u00e9is \u00e0 sua garra matosinhense, os pupilos de Jo\u00e3o Pedro Vieira voltaram \u00e0 carga, pressionando com um servi\u00e7o mais agressivo e arriscado (16-15).<br \/>\nNova igualdade (16-16) conseguida com um bloco de \u00c9der Kock\/Robinson Dvoranen.<br \/>\nA partir da\u00ed, o Sporting dominou completamente as opera\u00e7\u00f5es, carimbando o bilhete para a final da Ta\u00e7a de Portugal: 25-18.<\/p>\n<p>Paulo Silva (Sporting CP), com 16 pontos, e\u00a0Marcus Borlini (Leix\u00f5es SC), com 14, cotaram-se como os melhores pontuadores das respectivas equipas.<\/p>\n<p><strong>Jo\u00e3o Pedro Vieira, Treinador do Leix\u00f5es SC<\/strong>:<br \/>\n&#8220;<em>A nossa entrada foi muito ap\u00e1tica, sem capacidade de pressionar o Sporting, e o nosso bloco tardou em perceber o ritmo do jogo.<\/em><br \/>\n<em>A partir do segundo set, conseguimos entrar no jogo, com um servi\u00e7o pressionante e uma defesa agressiva. No terceiro set, a nossa postura foi semelhante, mas depois quebr\u00e1mos, sobretudo por causa de uma boa marca\u00e7\u00e3o do bloco do Sporting.<\/em><br \/>\n<em>Ontem fiquei satisfeito, pois realiz\u00e1mos um grande jogo; hoje n\u00e3o porque queria estar na final<\/em>&#8220;.<\/p>\n<p><strong>Gerson Amorim, Treinador do Sporting CP:<br \/>\n<\/strong>&#8220;<em>Est\u00e1vamos \u00e0 espera que o Leix\u00f5es SC apresentasse uma atitude bem aguerrida, como a que evidenciou ontem, quando fez um excelente jogo frente ao Viana.<\/em><br \/>\n<em>Entr\u00e1mos a tentar servir bem e conseguimos ser felizes nessa estrat\u00e9gia, qualificando-nos para a final. Tenho a felicidade de ter dois bons distribuidores e o Bruno Alves hoje cumpriu bem a estrat\u00e9gia que lhe era pedida, conseguindo fazer tr\u00eas blocos e travar o ataque do Leix\u00f5es.<\/em><br \/>\n<em>Agora vamos tentar vencer a final e erguer a ta\u00e7a<\/em>&#8220;.<strong><br \/>\n<\/strong><\/p>\n<p><strong>Miguel Maia, Capit\u00e3o leonino<\/strong>:<br \/>\n&#8220;<em>Est\u00e1vamos avisados depois da vit\u00f3ria do Leix\u00f5es frente ao Viana e come\u00e7\u00e1mos da melhor maneira o jogo, n\u00e3o dando hip\u00f3teses ao nosso advers\u00e1rio. Depois, com a garra que se lhes conhece e com a qualidade que tem este distribuidor, eles conseguiram ter momentos muito bons e criar-nos dificuldades. Contudo, acab\u00e1mos por ser superiores nas alturas cruciais, sobretudo devido \u00e0 efic\u00e1cia do nosso bloco.<\/em><br \/>\n<em>Objectivo cumprido: estamos na final para vence<\/em>r&#8221;.<\/p>\n<p><span style=\"display: inline !important; float: none; background-color: #ffffff; color: #333333; cursor: text; font-family: Georgia,'Times New Roman','Bitstream Charter',Times,serif; font-size: 16px; font-style: normal; font-variant: normal; font-weight: 400; letter-spacing: normal; orphans: 2; text-align: left; text-decoration: none; text-indent: 0px; text-transform: none; -webkit-text-stroke-width: 0px; white-space: normal; word-spacing: 0px;\">Informa\u00e7\u00f5es sobre este jogo: <\/span><a href=\"https:\/\/fpv-web.dataproject.com\/MatchStatistics.aspx?mID=3723&amp;ID=37&amp;CID=149&amp;PID=55&amp;type=LegList\">estat\u00edstica aqui<\/a><\/p>\n<p><img loading=\"lazy\" decoding=\"async\" class=\"alignnone size-full wp-image-3854\" src=\"https:\/\/fpvoleibol.pt\/fpv\/wp-content\/uploads\/2021\/03\/slbenficaxajfbastado_d.jpg\" alt=\"\" width=\"960\" height=\"640\" srcset=\"https:\/\/fpvoleibol.pt\/fpv\/wp-content\/uploads\/2021\/03\/slbenficaxajfbastado_d.jpg 960w, https:\/\/fpvoleibol.pt\/fpv\/wp-content\/uploads\/2021\/03\/slbenficaxajfbastado_d-300x200.jpg 300w, https:\/\/fpvoleibol.pt\/fpv\/wp-content\/uploads\/2021\/03\/slbenficaxajfbastado_d-768x512.jpg 768w\" sizes=\"auto, (max-width: 960px) 100vw, 960px\" \/><\/p>\n<p style=\"text-align: center;\"><strong>SL Benfica x AJF Bastardo, 3-1 (27-25, 25-17, 22-25 e 25-15)<\/strong><\/p>\n<p><strong>1.\u00ba Set<\/strong><br \/>\nCome\u00e7o de jogo com um ritmo acelerado, com os dois ataques a conseguirem sobrepor-se \u00e0 defesa alta, o que motivava uma altern\u00e2ncia na lideran\u00e7a do marcador. Contudo, ao arriscarem tudo, as equipas tamb\u00e9m cometiam erros, sobretudo no servi\u00e7o (5-5).<br \/>\nO SL Benfica adiantou-se (7-5) atrav\u00e9s de ataque ao primeiro toque de Andr\u00e9 Aleixo. A press\u00e3o que os encarnados faziam com o servi\u00e7o ficou bem patente nos dois pontos consecutivos (10-6) que adiantaram a equipa: primeiro num ataque ao primeiro toque de Tiago Violas e o segundo num servi\u00e7o directo de<br \/>\nPeter Wohlfahrstatter.<br \/>\nA equipa orientada por Marcel Matz conseguiu conservar essa diferen\u00e7a ao longo do set (15-11) e mesmo dar-lhe um volume maior (18-13).<br \/>\nA AJF Bastardo sentiu o perigo e mostrou-se mais agressiva no ataque e na defesa alta, sendo recompensada com a redu\u00e7\u00e3o da dist\u00e2ncia pontual (18-16).<br \/>\nO SL Benfica respondeu \u00e0 altura e Fl\u00e1vio Soares (Zel\u00e3o), com um bloco, recuperou a diferen\u00e7a de cinco pontos (21-17).<br \/>\nA resposta dos a\u00e7orianos n\u00e3o tardou: tr\u00eas blocos consecutivos reaproximaram a AJF Bastardo (22-23) e dois erros no ataque encarnado catapultaram-na para a lideran\u00e7a do marcador (24-23).<br \/>\nZel\u00e3o igualou (24-24), mas Andr\u00e9 Aleixo falhou o servi\u00e7o\u2026 Bruno Cunha fez o mesmo. Os nervos imperavam e isso tornou-se evidente quando o SL Benfica fez o 26-25, um ponto muito contestado pelos a\u00e7orianos.<br \/>\n<span style=\"display: inline !important; float: none; background-color: #ffffff; color: #333333; cursor: text; font-family: Georgia,'Times New Roman','Bitstream Charter',Times,serif; font-size: 16px; font-style: normal; font-variant: normal; font-weight: 400; letter-spacing: normal; orphans: 2; text-align: left; text-decoration: none; text-indent: 0px; text-transform: none; -webkit-text-stroke-width: 0px; white-space: normal; word-spacing: 0px;\">Com um bloco, Peter Wohlfahrstatter fixou o resultado em 27-25.<\/span><\/p>\n<p><strong>2.\u00ba Set<\/strong><br \/>\nO SL Benfica entrou de rompante no segundo set, com Theo Lopes a facturar no ataque e servi\u00e7o (4-1).<br \/>\nUm servi\u00e7o potente de Peter Wohlfahrstatter, e mal recepcionado, possibilitou a Tiago Violas atacar ao primeiro toque (8-3).<br \/>\nA reac\u00e7\u00e3o da forma\u00e7\u00e3o orientada por Jo\u00e3o Coelho equilibrou a contenda (13-11, 16-14), mas os ataques de Theo,\u00a0 Raphael Oliveira e Andr\u00e9 Aleixo deram a volta ao jogo (21-16).<br \/>\nUm bloco triplo e um servi\u00e7o directo de Rapha acabaram com as esperan\u00e7as da equipa a\u00e7oriana (24-16) e o SL Benfica selou novo triunfo: 25-17, com um ataque de Andr\u00e9 Aleixo.<\/p>\n<p><strong>3.\u00ba Set<\/strong><br \/>\nIn\u00edcio equilibrado, mas sempre com pendor para o lado da equipa insular (7-5, 10-7).<br \/>\nA reac\u00e7\u00e3o benfiquista surtiu efeito e Rapha igualou, com um bloco, aos 11 pontos. Antony Gon\u00e7alves respondeu na mesma moeda e adiantou novamente a AJF Bastardo, que fez o 14-11 e motivou um toque a reunir por parte do treinador benfiquista.<br \/>\nUm servi\u00e7o directo de Ca\u00edque Silva engordou a diferen\u00e7a para quatro pontos (15-11). Um \u00ab\u00e1s\u00bb de <span style=\"display: inline !important; float: none; background-color: #ffffff; color: #333333; cursor: text; font-family: Georgia,'Times New Roman','Bitstream Charter',Times,serif; font-size: 16px; font-style: normal; font-variant: normal; font-weight: 400; letter-spacing: normal; orphans: 2; text-align: left; text-decoration: none; text-indent: 0px; text-transform: none; -webkit-text-stroke-width: 0px; white-space: normal; word-spacing: 0px;\">Bruno Jesus<\/span>, seguido de um bloco, colocaram o SL Benfica a seis pontos de dist\u00e2ncia (18-12).<br \/>\nRecupera\u00e7\u00e3o dos encarnados (19-21) a deixar tudo em aberto\u2026 mas o capit\u00e3o Ca\u00edque a voltar a\u00a0 galvanizar a sua equipa (23-19) rumo ao triunfo por 25-22.<\/p>\n<p><strong>4.\u00ba Set<\/strong><br \/>\nO SL Benfica voltou a entrar em for\u00e7a e Rapha Oliveira, com um amorti, distanciou a sua equipa (5-1).<br \/>\nPaulatinamente, a AJF Bastardo foi conseguindo esbater a diferen\u00e7a, mas quando se aproximou em demasia, o SL Benfica logrou concretizar dois pontos consecutivos (14-10). Um ataque da autoria de Theo aumentou a dist\u00e2ncia (16-11)\u2026 e Rapha dilatou-a ainda mais (19-13).<br \/>\nUm bloco de Zel\u00e3o, seguido de um servi\u00e7o directo de <span style=\"display: inline !important; float: none; background-color: #ffffff; color: #333333; cursor: text; font-family: Georgia,'Times New Roman','Bitstream Charter',Times,serif; font-size: 16px; font-style: normal; font-variant: normal; font-weight: 400; letter-spacing: normal; orphans: 2; text-align: left; text-decoration: none; text-indent: 0px; text-transform: none; -webkit-text-stroke-width: 0px; white-space: normal; word-spacing: 0px;\">Peter Wohlfahrstatter<\/span>,\u00a0 foi o toque final (22-14).<br \/>\nVit\u00f3ria do SL Benfica por 25-15 e presen\u00e7a na final para defender o trof\u00e9u da Ta\u00e7a de Portugal.<\/p>\n<p>Theo Lopes (SL Benfica), com 26 pontos, e Ca\u00edque Silva (AJF Bastardo), com 17, foram os melhores pontuadores das respectivas equipas.<\/p>\n<p><strong>Jo\u00e3o Coelho, Treinador da AJF Bastardo<\/strong>:<br \/>\n&#8220;Entr\u00e1mos bem nos momentos iniciais, mas sofremos com a agressividade dos servi\u00e7os do SL Benfica. Cometemos muitos erros quando arrisc\u00e1mos para pressionar. Tivemos uma recupera\u00e7\u00e3o fant\u00e1stica , mas acus\u00e1mos o toque de n\u00e3o conseguirmos fechar o set e ressentimo-nos no parcial seguinte por termos deixado fugir essa hip\u00f3tese.<br \/>\nPrecisamos de ser mais resilientes neste tipo de jogos. O nosso advers\u00e1rio foi inteligente porque soube ser mais paciente. Pod\u00edamos ter feito melhor porque temos capacidade para nivelar sempre neste tipo de jogos e n\u00e3o apenas equilibrarmos aos repel\u00f5es.<br \/>\nN\u00e3o estivemos ao nosso n\u00edvel, mas isso aconteceu por m\u00e9rito de um advers\u00e1rio que tem uma equipa experiente e com grandes valores&#8221;.<\/p>\n<p><strong>Marcel Matz, Treinador do SL Benfica:<\/strong><br \/>\n&#8220;Este era um jogo-chave para n\u00f3s, porque temos um play-off complicado pela frente e se sofr\u00eassemos uma terceira derrota \u00e0s m\u00e3os do mesmo advers\u00e1rio (o que nunca aconteceu comigo na mesma \u00e9poca), seria aborrecido para n\u00f3s.<br \/>\nMas a ta\u00e7a ainda n\u00e3o \u00e9 nossa. Amanh\u00e3 temos um cl\u00e1ssico e temos de suar para vencer. O estudo do advers\u00e1rio est\u00e1 pronto; agora\u00a0 vamos descansar para estarmos preparados para lutar pela vit\u00f3ria&#8221;.<\/p>\n<p>Informa\u00e7\u00f5es sobre este jogo: <a href=\"https:\/\/fpv-web.dataproject.com\/MatchStatistics.aspx?mID=3724&amp;ID=37&amp;CID=149&amp;PID=55&amp;type=LegList\">estat\u00edstica aqui<\/a><\/p>\n<p class=\"descricaonoticia\" align=\"justify\">A pandemia de Covid-19 obrigou a que fossem\u00a0<a href=\"http:\/\/www.fpvoleibol.pt\/regulamentos\/reg_retoma_competicoes.pdf\" target=\"_blank\" rel=\"noopener noreferrer\">aplicadas medidas que limitam<\/a>\u00a0o n\u00famero de pessoas presentes em eventos desportivos e condicionou o contacto entre os representantes da Comunica\u00e7\u00e3o Social e o Departamento de Informa\u00e7\u00e3o da FPV.<\/p>\n<p class=\"descricaonoticia\" align=\"justify\">Assim, e no sentido de facilitar o trabalho dos jornalistas na cobertura da <strong>Ta\u00e7a de Portugal 2021 de seniores masculinos<\/strong>, disponibilizamos aqui informa\u00e7\u00f5es mais detalhadas sobre as equipas em competi\u00e7\u00e3o, que poder\u00e1 ser seguida atrav\u00e9s do(s) site(s) <a href=\"https:\/\/fpv-web.dataproject.com\/MainHome.aspx\">https:\/\/fpv-web.dataproject.com\/MainHome.aspx<\/a> \/ <a href=\"https:\/\/fpvoleibol.pt\/fpv\/competicoes\/taca-de-portugal-2021\/\">https:\/\/fpvoleibol.pt\/fpv\/competicoes\/taca-de-portugal-2021<\/a>\/ \/ na <strong><a href=\"https:\/\/www.volei.tv\/\">Volei TV<\/a><\/strong> (Sexta-feira: jogos no Pav. Mun. Santo Tirso) e na <strong>Sport TV<\/strong> (S\u00e1bado e Domingo).<\/p>\n<p class=\"descricaonoticia\" align=\"justify\"><span class=\"auto-style2\">Regulamento para a Retoma da Pr\u00e1tica Competitiva<\/span>\u00a0<a href=\"https:\/\/www.fpvoleibol.pt\/regulamentos\/reg_retoma_competicoes.pdf\" target=\"_blank\" rel=\"noopener noreferrer\">aqui<\/a><\/p>\n<p class=\"descricaonoticia\" align=\"justify\"><span class=\"auto-style2\">Parte mais espec\u00edfica para jornalistas<\/span><a href=\"http:\/\/www.fpvoleibol.pt\/regulamentos\/reg_retoma_competicoes.pdf\" target=\"_blank\" rel=\"noopener noreferrer\">\u00a0aqui<\/a><\/p>\n<p class=\"descricaonoticia\" align=\"justify\">A acredita\u00e7\u00e3o dos jornalistas que solicitaram credenciais \u00e9 efectuada \u00e0 entrada para o pavilh\u00e3o.<\/p>\n<p class=\"auto-style1\" style=\"text-align: center;\"><strong><a href=\"https:\/\/www.fpvoleibol.pt\/noticias\/2020\/Vencedores_da_Supertaca_v.pdf\" target=\"_blank\" rel=\"noopener noreferrer\">Ta\u00e7a de masculinos &#8211; Final 8<\/a> (plant\u00e9is &#8211; detalhados)<\/strong><\/p>\n<p class=\"descricaonoticia\" style=\"text-align: center;\" align=\"justify\"><a href=\"https:\/\/fpvoleibol.pt\/fpv\/wp-content\/uploads\/2021\/03\/TP2021_M_AASM.pdf\" target=\"_blank\" rel=\"noopener noreferrer\">AA S. Mamede<\/a>\u00a0\/<a href=\"https:\/\/fpvoleibol.pt\/fpv\/wp-content\/uploads\/2021\/03\/TP2021_M_SLB.pdf\" target=\"_blank\" rel=\"noopener noreferrer\">\u00a0SL Benfica<\/a> \/\u00a0<a href=\"https:\/\/fpvoleibol.pt\/fpv\/wp-content\/uploads\/2021\/03\/TP2021_M_AAE.pdf\" target=\"_blank\" rel=\"noopener noreferrer\">AA Espinho<\/a>\u00a0\/\u00a0<a href=\"https:\/\/fpvoleibol.pt\/fpv\/wp-content\/uploads\/2021\/03\/TP2021_M_LSC.pdf\" target=\"_blank\" rel=\"noopener noreferrer\">Leix\u00f5es SC<\/a>\u00a0\/<br \/>\n<a href=\"https:\/\/fpvoleibol.pt\/fpv\/wp-content\/uploads\/2021\/03\/TP2021_M_AJFB.pdf\" target=\"_blank\" rel=\"noopener noreferrer\">AJF Bastardo<\/a>\u00a0\/<a href=\"https:\/\/fpvoleibol.pt\/fpv\/wp-content\/uploads\/2021\/03\/TP2021_M_SCP.pdf\" target=\"_blank\" rel=\"noopener noreferrer\">\u00a0Sporting CP<\/a> \/ <a href=\"https:\/\/fpvoleibol.pt\/fpv\/wp-content\/uploads\/2021\/03\/TP2021_M_VCV.pdf\">Viana VC<\/a> \/ <a href=\"https:\/\/fpvoleibol.pt\/fpv\/wp-content\/uploads\/2021\/03\/TP2021_M_SCC.pdf\">SC Caldas<\/a><\/p>\n<p>&nbsp;<\/p>\n<p><strong>Resultados dos oitavos-de-final\u00a0<\/strong><\/p>\n<p><span class=\"fontstyle0\">SC Espinho x <strong>SL Benfica,<\/strong> 0-3 (20-25, 18-25 e 17-25)<br \/>\nC. Condeixa x <strong>VC Viana\/Casa Peixoto<\/strong>, 0-3 (19-25, 16-25e 18-25)<br \/>\n<strong>AA S. Mamede<\/strong> x CN Gin\u00e1stica, 3-0 (25-18, 26-24 e 25-23)<br \/>\nCast\u00ealo da Maia GC x <strong>Leix\u00f5es SC,<\/strong> 1-3 (26\/28, 25\/27, 25\/22 e 18\/25)<br \/>\nVit\u00f3ria SC x <strong>Sporting CP<\/strong>, 0-3 (20-25, 20-25 e 20-25)<br \/>\n<\/span><span class=\"fontstyle0\">Esmoriz GC x <strong>AJ Fonte do Bastardo<\/strong>, 1-3 (25-23, 20-25, 22-25 e 16-25)<br \/>\nAla Nun&#8217;\u00c1lvares de Gondomar x <strong>SC Caldas<\/strong>, 1-3 (25-19, 17-25, 21-25 e 17-25)<br \/>\n<\/span><span class=\"fontstyle0\"><strong>AA Espinho<\/strong> x CS Mar\u00edtimo**<br \/>\n<\/span><strong>** N\u00e3o se realizou: apurada a AA Espinho (decis\u00e3o em 11.02.2021)<\/strong><\/p>\n<p><strong>Todos os resultados<\/strong> em <a href=\"https:\/\/fpv-web.dataproject.com\/MainHome.aspx\">https:\/\/fpv-web.dataproject.com\/MainHome.aspx<\/a> \/ Hist\u00f3rico <a href=\"https:\/\/fpvoleibol.pt\/fpv\/menu-voleibol\/historico-taca-de-portugal\/\">aqui<\/a><\/p>\n<p>Em 2020 n\u00e3o houve <a href=\"https:\/\/fpvoleibol.pt\/fpv\/menu-voleibol\/historico-taca-de-portugal\/\">vencedor da Ta\u00e7a de Portugal<\/a>, devido \u00e0 pandemia de COVID-19 (ver <a href=\"http:\/\/www.fpvoleibol.pt\/noticias\/2020\/20200213-1514_TPm_sort.html\">not\u00edcia<\/a>), mas em 2019, a equipa de seniores masculinos do SL Benfica ergueu o seu 18.\u00ba trof\u00e9u de vencedor da Ta\u00e7a de Portugal ao vencer, por 3-1 (26-28, 25-16,25-22 e 25-20), a AJ Fonte do Bastardo, na final disputada no Multiusos de Sines.<\/p>\n<p>O SL Benfica \u00e9 a equipa com mais t\u00edtulos conquistados (18) na prova, o primeiro em 1965\/1966 e o \u00faltimo em 2018\/2019, tendo erguido o trof\u00e9u por seis vezes nas \u00faltimas onze finais.<br \/>\nO SC Espinho \u00e9 o segundo clube com maior n\u00famero de ta\u00e7as (12). Foi o primeiro vencedor da competi\u00e7\u00e3o, em 1964\/1965, e det\u00e9m o recorde de maior n\u00famero de ta\u00e7as conquistadas consecutivamente (6), entre a \u00e9poca de 1995\/1996 e de 2000\/2001.<\/p>\n<p><strong>Em 55 edi\u00e7\u00f5es<\/strong>: SL Benfica (18), SC Espinho (12), C. Maia GC e FC Porto (6), Leix\u00f5es SC (5), Sporting CP (3) e AJF Bastardo, Vit\u00f3ria SC, Esmoriz GC, ISEF e IS T\u00e9cnico.<\/p>\n<p><strong>Resultados das \u00faltimas 13 finais<\/strong><br \/>\n2019 \u2013 SL Benfica x AJF Bastardo, 3-1<br \/>\n2018 \u2013 SL Benfica x Cast\u00ealo da Maia GC, 3-1<br \/>\n2017 \u2013 SC Espinho x SL Benfica, 3-0<br \/>\n2016 \u2013 SL Benfica x AJF Bastardo, 3-1<br \/>\n2015 \u2013 SL Benfica x SC Espinho, 3-0<br \/>\n2104 \u2013 Castelo da Maia GC x AJF Bastardo, 3-2<br \/>\n2013 \u2013 AJF Bastardo x Vit\u00f3ria SC, 3-0<br \/>\n2012 \u2013 SL Benfica x AA Espinho, 3-1<br \/>\n2011 \u2013 SL Benfica x SC Espinho, 3-0<br \/>\n2010 \u2013 Castelo da Maia GC x SL Benfica, 3-1<br \/>\n2009 \u2013 Vit\u00f3ria SC x SC Espinho, 3-2<br \/>\n2008 \u2013 SC Espinho x Vit\u00f3ria SC, 3-0<br \/>\n2007 \u2013 SL Benfica x Castelo da Maia GC, 3-0<\/p>\n","protected":false},"excerpt":{"rendered":"<p>Fotos: Jorge Cabral SL Benfica e Sporting CP defrontam-se amanh\u00e3 (16h00) na final da Ta\u00e7a de Portugal &#8211; masculinos, a disputar no Pavilh\u00e3o Municipal de Santo Tirso, com transmiss\u00e3o em [&hellip;]<\/p>\n","protected":false},"author":2,"featured_media":3835,"comment_status":"open","ping_status":"open","sticky":false,"template":"","format":"standard","meta":{"_monsterinsights_skip_tracking":false,"_monsterinsights_sitenote_active":false,"_monsterinsights_sitenote_note":"","_monsterinsights_sitenote_category":0,"footnotes":""},"categories":[20,8],"tags":[],"class_list":{"0":"post-3807","1":"post","2":"type-post","3":"status-publish","4":"format-standard","5":"has-post-thumbnail","7":"category-destaque","8":"category-voleibol","9":"czr-hentry"},"aioseo_notices":[],"_links":{"self":[{"href":"https:\/\/fpvoleibol.pt\/fpv\/wp-json\/wp\/v2\/posts\/3807","targetHints":{"allow":["GET"]}}],"collection":[{"href":"https:\/\/fpvoleibol.pt\/fpv\/wp-json\/wp\/v2\/posts"}],"about":[{"href":"https:\/\/fpvoleibol.pt\/fpv\/wp-json\/wp\/v2\/types\/post"}],"author":[{"embeddable":true,"href":"https:\/\/fpvoleibol.pt\/fpv\/wp-json\/wp\/v2\/users\/2"}],"replies":[{"embeddable":true,"href":"https:\/\/fpvoleibol.pt\/fpv\/wp-json\/wp\/v2\/comments?post=3807"}],"version-history":[{"count":49,"href":"https:\/\/fpvoleibol.pt\/fpv\/wp-json\/wp\/v2\/posts\/3807\/revisions"}],"predecessor-version":[{"id":3862,"href":"https:\/\/fpvoleibol.pt\/fpv\/wp-json\/wp\/v2\/posts\/3807\/revisions\/3862"}],"wp:featuredmedia":[{"embeddable":true,"href":"https:\/\/fpvoleibol.pt\/fpv\/wp-json\/wp\/v2\/media\/3835"}],"wp:attachment":[{"href":"https:\/\/fpvoleibol.pt\/fpv\/wp-json\/wp\/v2\/media?parent=3807"}],"wp:term":[{"taxonomy":"category","embeddable":true,"href":"https:\/\/fpvoleibol.pt\/fpv\/wp-json\/wp\/v2\/categories?post=3807"},{"taxonomy":"post_tag","embeddable":true,"href":"https:\/\/fpvoleibol.pt\/fpv\/wp-json\/wp\/v2\/tags?post=3807"}],"curies":[{"name":"wp","href":"https:\/\/api.w.org\/{rel}","templated":true}]}}