{"id":37979,"date":"2025-01-29T20:44:32","date_gmt":"2025-01-29T20:44:32","guid":{"rendered":"https:\/\/fpvoleibol.pt\/fpv\/?p=37979"},"modified":"2025-01-30T09:58:36","modified_gmt":"2025-01-30T09:58:36","slug":"leoes-nas-meias-finais-da-challenge-cup","status":"publish","type":"post","link":"https:\/\/fpvoleibol.pt\/fpv\/2025\/01\/29\/leoes-nas-meias-finais-da-challenge-cup\/","title":{"rendered":"LE\u00d5ES NAS MEIAS-FINAIS DA CHALLENGE CUP"},"content":{"rendered":"<p><img loading=\"lazy\" decoding=\"async\" class=\"size-full wp-image-37982 aligncenter\" src=\"https:\/\/fpvoleibol.pt\/fpv\/wp-content\/uploads\/2025\/01\/scp_cev-08_d.jpg\" alt=\"\" width=\"960\" height=\"640\" srcset=\"https:\/\/fpvoleibol.pt\/fpv\/wp-content\/uploads\/2025\/01\/scp_cev-08_d.jpg 960w, https:\/\/fpvoleibol.pt\/fpv\/wp-content\/uploads\/2025\/01\/scp_cev-08_d-300x200.jpg 300w, https:\/\/fpvoleibol.pt\/fpv\/wp-content\/uploads\/2025\/01\/scp_cev-08_d-768x512.jpg 768w\" sizes=\"auto, (max-width: 960px) 100vw, 960px\" \/>A equipa de seniores masculinos do <strong>Sporting Clube de Portugal<\/strong> vai defrontar os polacos do Bogdanka Luk Lublin, antiga equipa do capit\u00e3o da Selec\u00e7\u00e3o Nacional Alexandre Ferreira, no dia 11, 12 ou 13 de Fevereiro (casa) e 25, 26 ou 27 de Fevereiro na Pol\u00f3nia, nas meias-finais da Challenge Cup.<br \/>\nEm 2019, o Sporting subiu ao \u00faltimo degrau do p\u00f3dio da Challenge Cup ao ser eliminado nas meias-finais pelos italianos do Vero Volley Monza: ap\u00f3s uma excelente vit\u00f3ria (<a href=\"https:\/\/www-old.cev.eu\/Competition-Area\/MatchPage.aspx?mID=31723&amp;ID=1116&amp;CID=6066&amp;PID=1616\">3-2<\/a>) em It\u00e1lia, os <em>le\u00f5es<\/em> acabariam por ceder pela margem m\u00e1xima em Lisboa.<\/p>\n<p>Hoje, na segunda m\u00e3o dos quartos-de-final, a equipa orientada por Jo\u00e3o Coelho confirmou a qualifica\u00e7\u00e3o para as <em>meias<\/em> ap\u00f3s vencer 3-1 (25-22, 30-28, 25-27 e 25-14), no Pavilh\u00e3o Jo\u00e3o Rocha, os belgas do <span style=\"text-decoration: underline;\">Decospan VT Menen<\/span>, depois de ter superado, fora, este mesmo advers\u00e1rio por esclarecedores <a href=\"https:\/\/www-old.cev.eu\/Competition-Area\/MatchStatistics.aspx?ID=76709\">3-0 (25-18, 25-21 e 25-21)<\/a> no jogo da primeira m\u00e3o.<\/p>\n<p><strong>Gr\u00e9gory Gempin (Menen) <\/strong>e<strong> Edson Val\u00eancia (Sporting)<\/strong>, respectivamente com 20 e 13 pontos, foram os\u00a0<img loading=\"lazy\" decoding=\"async\" class=\" wp-image-37984 alignleft\" src=\"https:\/\/fpvoleibol.pt\/fpv\/wp-content\/uploads\/2025\/01\/scp_cev-06_d.jpg\" alt=\"\" width=\"327\" height=\"218\" srcset=\"https:\/\/fpvoleibol.pt\/fpv\/wp-content\/uploads\/2025\/01\/scp_cev-06_d.jpg 960w, https:\/\/fpvoleibol.pt\/fpv\/wp-content\/uploads\/2025\/01\/scp_cev-06_d-300x200.jpg 300w, https:\/\/fpvoleibol.pt\/fpv\/wp-content\/uploads\/2025\/01\/scp_cev-06_d-768x512.jpg 768w\" sizes=\"auto, (max-width: 327px) 100vw, 327px\" \/>melhores pontuadores do jogo. Ver estat\u00edstica <a href=\"https:\/\/www-old.cev.eu\/Competition-Area\/MatchStatistics.aspx?ID=76720\">AQUI<\/a><\/p>\n<p>Os <em>le\u00f5es<\/em> de Alvalade elevaram assim para 27 as vit\u00f3rias 19 consecutivas) em 28 jogos nas competi\u00e7\u00f5es (Liga Una Seguros, Ta\u00e7a de Portugal e Challenge Cup) disputadas esta temporada.<br \/>\nDepois de vencer a II Ta\u00e7a Ib\u00e9rica, a equipa sportinguista tem assim mais um p\u00f3dio internacional na mira&#8230;<\/p>\n<p>Nos oitavos-de-final, os <em>le\u00f5es<\/em> receberam e derrotaram, pela margem m\u00e1xima (<a href=\"https:\/\/www-old.cev.eu\/Competition-Area\/MatchStatistics.aspx?ID=76696\">3-0: 25-22, 25-16 e 25-21<\/a>), os finlandeses do <a href=\"https:\/\/www.cev.eu\/team\/13644-akaa-volley\">Akaa Volle<\/a>y, depois de no primeiro jogo terem vencido na Finl\u00e2ndia por <a href=\"https:\/\/www-old.cev.eu\/Competition-Area\/MatchStatistics.aspx?ID=76682\">3-1 (21-25, 25-22, 25-23 e 25-21<\/a>).<br \/>\nNos 16 avos-de-final, os <em>le\u00f5es<\/em> de Alvalade, actuais l\u00edderes da Liga Una Seguros, vencedores da Superta\u00e7a 2024 e da II Ta\u00e7a Ib\u00e9rica, tinham afastado os checos do <a href=\"https:\/\/kladno.volejbal.cz\/\">Kladno Volejbal cz<\/a>\u00a0\u2013 equipa do distribuidor <span style=\"text-decoration: underline;\">Jos\u00e9 Neves<\/span> \u2013 vencendo em Lisboa por <a href=\"https:\/\/www-old.cev.eu\/Competition-Area\/MatchStatistics.aspx?ID=76633\">3-0 (25-20, 25-21 e 25-15<\/a>) e seguidamente em Kladno por <a href=\"https:\/\/www-old.cev.eu\/Competition-Area\/MatchStatistics.aspx?ID=76659\">3-2 (25-21, 18-25, 25-18, 26-28 e 15-9)<\/a>.<br \/>\nEm 2019, a forma\u00e7\u00e3o leonina classificou-se no 3.\u00ba lugar na Challenge Cup, tendo ainda registado na competi\u00e7\u00e3o um 5.\u00ba lugar (2023), e dois 9.\u00ba lugares (2021 e 2022) nos \u00faltimos anos.<\/p>\n<p style=\"text-align: center;\"><span style=\"background-color: #000000; color: #ffffff;\">Ta\u00e7a CEV<\/span><\/p>\n<p><img loading=\"lazy\" decoding=\"async\" class=\" wp-image-37912 alignleft\" src=\"https:\/\/fpvoleibol.pt\/fpv\/wp-content\/uploads\/2025\/01\/calcitxfcporto_2mao.jpg\" alt=\"\" width=\"371\" height=\"247\" srcset=\"https:\/\/fpvoleibol.pt\/fpv\/wp-content\/uploads\/2025\/01\/calcitxfcporto_2mao.jpg 960w, https:\/\/fpvoleibol.pt\/fpv\/wp-content\/uploads\/2025\/01\/calcitxfcporto_2mao-300x200.jpg 300w, https:\/\/fpvoleibol.pt\/fpv\/wp-content\/uploads\/2025\/01\/calcitxfcporto_2mao-768x512.jpg 768w\" sizes=\"auto, (max-width: 371px) 100vw, 371px\" \/>A equipa de seniores femininos do <strong>FC Porto<\/strong> vai disputar os quartos-de-final da <a href=\"https:\/\/www.cev.eu\/club\/volleyball-cup\/2025\/women\/\">Ta\u00e7a CEV<\/a>, onde ir\u00e1 enfrentar, nos dias 4 (Drag\u00e3o Arena, 20h30) e 20 de Fevereiro (fora, 18h00 locais), as romenas do CS Volei Alba Blaj, finalista da Liga dos Campe\u00f5es em 2018.<\/p>\n<p>No caminho at\u00e9 aos quartos-de-final da Ta\u00e7a CEV, o CS Volei Alba Blaj eliminou as maced\u00f3nias do Rabotnicki Skopje (3-0 e 3-0), as checas do Prostejov (3-1 e 3-2) e, nos oitavos-de-final, as espanholas do Avarca de Menorca (3-0 e 3-0).<\/p>\n<p>Na Pool C da <a href=\"https:\/\/championsleague.cev.eu\/en\/women\/#body-tab-6c6ff31f-d638-4cf2-a14c-07aeb1970719-2\">4.\u00aa Ronda da Liga dos Campe\u00f5es<\/a>, o FC Porto defrontou (0-3 e 0-3) as italianas do Vero Volley Milano, equipa de Paola Egonu (MVP em Paris 2024) \u2013 considerada por muitos a melhor oposta da actualidade \u2013, as turcas do VakifBank Istanbul (0-3 e 0-3) e as eslovenas do Calcit Kamnik (3-0 e 3-2).<br \/>\nAs portistas atingiram a fase de grupos ap\u00f3s eliminarem as campe\u00e3s espanholas do Hidramar Gran Canaria na 3.\u00aa Ronda da Liga dos Campe\u00f5es, com vit\u00f3rias por 3-0 (casa) e 3-2 (fora).<br \/>\nO Voleibol feminino voltou assim a ter uma equipa lusitana na <em>Champions League<\/em> 19 anos depois. O Sporting Clube de Espinho foi o primeiro a disputar a Ta\u00e7a dos Campe\u00f5es Europeus, em 1960\/1961 \u2013 seguido do CDUL e do SL Benfica, que foi o primeiro a atingir os quartos-de-final (1968, 1970 e 1973) \u2013, e o Clube Acad\u00e9mico da Trofa foi a primeira equipa portuguesa de seniores femininos a disputar a actual Liga dos Campe\u00f5es, em 2005\/2006, tendo sido 6.\u00ba classificado na Pool A da fase de grupos.<\/p>\n<p style=\"text-align: center;\"><span style=\"background-color: #000000; color: #ffffff;\">Clubes estrangeiros<br \/>\ncom portugueses<\/span><\/p>\n<p class=\"\">Os polacos do <a href=\"https:\/\/www.aluroncmc.pl\/\" target=\"_blank\" rel=\"noopener noreferrer\">Aluron Warta Zawiercie<\/a>, de Miguel Tavares Rodrigues, terminaram invictos a Pool C da 4.\u00aa Ronda da Liga dos Campe\u00f5es, ap\u00f3s recebem e vencerem hoje (3-0: 25-22, 25-21 e 25-19) os italianos do Allianz Milano (2.\u00ba) na sexta e \u00faltima jornada da fase de grupos.<\/p>\n<p>Na 4.\u00aa Ronda da Liga dos Campe\u00f5es, os alem\u00e3es do <a href=\"https:\/\/homeofgrizzlys.de\/\">Helios Grizzlys Giesen (Alemanha)<\/a>, de Miguel Sinfr\u00f3nio, encerraram em Monza com uma derrota (1-3:\u00a0 25-23, 22-25, 19-25 e 22-25) a participa\u00e7\u00e3o na Pool B.<\/p>\n<p>Os campe\u00f5es franceses do <a href=\"http:\/\/www.snvba.net\/\" target=\"_blank\" rel=\"noopener noreferrer\">Saint-Nazaire VB Atlantique,<\/a> de Louren\u00e7o Martins, receberam e venceram (3-0: 25-19, 25-18 e 25-18) os checos do Jihostroj Ceske Budejovice (em jogo arbitrado pelo portugu\u00eas <strong>Pedro Pinto<\/strong>), na sexta e \u00faltima jornada da fase de grupos.<\/p>\n<p>Os neerlandeses do <a href=\"https:\/\/www.lycurgus.nl\/\">Nova Technology Lycurgus BV<\/a>, de Nuno Marques, foram eliminados nos quartos-de-final da Challenge Cup ao perderem hoje (0-3: 16-25, 13-25 e 14-25) em It\u00e1lia com o Lube Civitanova, depois de terem cedido (<a href=\"https:\/\/www-old.cev.eu\/Competition-Area\/MatchStatistics.aspx?ID=76713\">1-3: 21-25, 25-23, 18-25 e 27-29<\/a>) em casa no jogo da primeira m\u00e3o .<\/p>\n<p style=\"text-align: center;\"><span style=\"text-decoration: underline;\"><strong>Supervisores e \u00e1rbitros portugueses em ac\u00e7\u00e3o<br \/>\nnas competi\u00e7\u00f5es internacionais<\/strong><\/span><\/p>\n<p><strong>Teodemiro Carvalho<\/strong><br \/>\nSupervisor CEV no Tours VB (Fran\u00e7a) x Volley Amriswil (Su\u00ed\u00e7a), no Play-off da Ta\u00e7a CEV &#8211; masculinos, no dia 29 de Janeiro.<\/p>\n<p><strong>Pedro Pinto<\/strong><br \/>\nSaint-Nazaire VB Atlantique (Fran\u00e7a) x Jihostroj Cesk\u00e9 Budejovice (Ch\u00e9quia), da Pool D da 4.\u00aa Ronda da Liga dos Campe\u00f5es \u2013 masculinos, no dia 29 de Janeiro.<\/p>\n<p><strong>Ricardo Ferreira<\/strong><br \/>\nPGE Grot Budowlani Lodz (Pol\u00f3nia) x Tent Obrenovac (S\u00e9rvia), no Play-off da Liga dos Campe\u00f5es &#8211; femininos, em data a definir.<\/p>\n<p><strong>V\u00edtor Gon\u00e7alves<\/strong><br \/>\n\u00c1rbitro de reserva no FC Porto x CS Volei Alba Blaj (Rom\u00e9nia), dos quartos-de-final da Ta\u00e7a CEV &#8211; femininos, no dia 4 de Fevereiro.<\/p>\n<p style=\"text-align: center;\"><span style=\"text-decoration: underline;\"><strong>Voleibol de Praia<\/strong><\/span><\/p>\n<p><strong>Rui Carvalho<\/strong><br \/>\nBeach Pro Tour Challenge de Saquarema (Brasil), de 10 a 13 de Abril.<br \/>\nBeach Pro Tour Elite16 Bras\u00edlia (Brasil), de 16 a 20 de Abril.<br \/>\nBeach Pro Tour Elite16 Ostrava (Ch\u00e9quia), de 28 de Maio a 1 de Junho.<\/p>\n<p><strong>Sandra Deveza<\/strong><br \/>\nBeach Pro Tour Elite16 Gstaad (Su\u00ed\u00e7a), de 2 a 6 de Julho.<br \/>\nBeach Pro Tour Challenge Stare Jablonki (Pol\u00f3nia), de 21 a 24 de Agosto.<\/p>\n<p style=\"text-align: center;\">Mais informa\u00e7\u00f5es em\u00a0<a href=\"http:\/\/www.cev.eu\/\">cev.eu<\/a><\/p>\n","protected":false},"excerpt":{"rendered":"<p>A equipa de seniores masculinos do Sporting Clube de Portugal vai defrontar os polacos do Bogdanka Luk Lublin, antiga equipa do capit\u00e3o da Selec\u00e7\u00e3o Nacional Alexandre Ferreira, no dia 11, [&hellip;]<\/p>\n","protected":false},"author":2,"featured_media":37983,"comment_status":"open","ping_status":"open","sticky":false,"template":"","format":"standard","meta":{"_monsterinsights_skip_tracking":false,"_monsterinsights_sitenote_active":false,"_monsterinsights_sitenote_note":"","_monsterinsights_sitenote_category":0,"footnotes":""},"categories":[13,8,9],"tags":[54,139,53],"class_list":{"0":"post-37979","1":"post","2":"type-post","3":"status-publish","4":"format-standard","5":"has-post-thumbnail","7":"category-arbitragem","8":"category-voleibol","9":"category-voleibol-de-praia","10":"tag-challenge-cup","11":"tag-epoca-2024-2025","12":"tag-taca-cev","13":"czr-hentry"},"aioseo_notices":[],"_links":{"self":[{"href":"https:\/\/fpvoleibol.pt\/fpv\/wp-json\/wp\/v2\/posts\/37979","targetHints":{"allow":["GET"]}}],"collection":[{"href":"https:\/\/fpvoleibol.pt\/fpv\/wp-json\/wp\/v2\/posts"}],"about":[{"href":"https:\/\/fpvoleibol.pt\/fpv\/wp-json\/wp\/v2\/types\/post"}],"author":[{"embeddable":true,"href":"https:\/\/fpvoleibol.pt\/fpv\/wp-json\/wp\/v2\/users\/2"}],"replies":[{"embeddable":true,"href":"https:\/\/fpvoleibol.pt\/fpv\/wp-json\/wp\/v2\/comments?post=37979"}],"version-history":[{"count":9,"href":"https:\/\/fpvoleibol.pt\/fpv\/wp-json\/wp\/v2\/posts\/37979\/revisions"}],"predecessor-version":[{"id":37991,"href":"https:\/\/fpvoleibol.pt\/fpv\/wp-json\/wp\/v2\/posts\/37979\/revisions\/37991"}],"wp:featuredmedia":[{"embeddable":true,"href":"https:\/\/fpvoleibol.pt\/fpv\/wp-json\/wp\/v2\/media\/37983"}],"wp:attachment":[{"href":"https:\/\/fpvoleibol.pt\/fpv\/wp-json\/wp\/v2\/media?parent=37979"}],"wp:term":[{"taxonomy":"category","embeddable":true,"href":"https:\/\/fpvoleibol.pt\/fpv\/wp-json\/wp\/v2\/categories?post=37979"},{"taxonomy":"post_tag","embeddable":true,"href":"https:\/\/fpvoleibol.pt\/fpv\/wp-json\/wp\/v2\/tags?post=37979"}],"curies":[{"name":"wp","href":"https:\/\/api.w.org\/{rel}","templated":true}]}}