{"id":37736,"date":"2025-01-17T09:49:05","date_gmt":"2025-01-17T09:49:05","guid":{"rendered":"https:\/\/fpvoleibol.pt\/fpv\/?p=37736"},"modified":"2025-01-17T09:49:05","modified_gmt":"2025-01-17T09:49:05","slug":"partilhas-do-sucesso-com-as-seleccoes","status":"publish","type":"post","link":"https:\/\/fpvoleibol.pt\/fpv\/2025\/01\/17\/partilhas-do-sucesso-com-as-seleccoes\/","title":{"rendered":"\u00abPARTILHAS DO SUCESSO\u00bb COM AS SELEC\u00c7\u00d5ES"},"content":{"rendered":"<p><img loading=\"lazy\" decoding=\"async\" class=\"size-full wp-image-37738 aligncenter\" src=\"https:\/\/fpvoleibol.pt\/fpv\/wp-content\/uploads\/2025\/01\/antv_4sessao_d.jpg\" alt=\"\" width=\"960\" height=\"960\" srcset=\"https:\/\/fpvoleibol.pt\/fpv\/wp-content\/uploads\/2025\/01\/antv_4sessao_d.jpg 960w, https:\/\/fpvoleibol.pt\/fpv\/wp-content\/uploads\/2025\/01\/antv_4sessao_d-300x300.jpg 300w, https:\/\/fpvoleibol.pt\/fpv\/wp-content\/uploads\/2025\/01\/antv_4sessao_d-150x150.jpg 150w, https:\/\/fpvoleibol.pt\/fpv\/wp-content\/uploads\/2025\/01\/antv_4sessao_d-768x768.jpg 768w, https:\/\/fpvoleibol.pt\/fpv\/wp-content\/uploads\/2025\/01\/antv_4sessao_d-510x510.jpg 510w\" sizes=\"auto, (max-width: 960px) 100vw, 960px\" \/>A <span style=\"text-decoration: underline;\">4.\u00aa Sess\u00e3o das \u00abPartilhas do Sucesso\u00bb<\/span> 3.0 da <strong>Associa\u00e7\u00e3o Nacional de Treinadores de Voleibol (ANTV)<\/strong> realiza-se no dia 19 de Janeiro (domingo) \u00e0s 21h00 \u2013 online via Zoom \u2013 e junta tr\u00eas dos seleccionadores nacionais.<\/p>\n<p><strong>Jo\u00e3o Jos\u00e9<\/strong>, Treinador Principal da Selec\u00e7\u00e3o Nacional de Seniores Masculinos e Coordenador das Selec\u00e7\u00f5es Nacionais Jovens, e <strong>Beatriz Santos <\/strong>e<strong> Diogo Rosa<\/strong>, respectivamente treinadores principais da Selec\u00e7\u00e3o Nacional de Sub-17 Femininos e Sub-17 Masculinos, foram convidados pela ANTV &#8220;<em>a partilharem as suas experi\u00eancias e perspectivas sobre os contextos, factores de sucesso, dificuldades e op\u00e7\u00f5es que marcaram o seu trabalho e contribu\u00edram para o sucesso do Voleibol nacional em competi\u00e7\u00f5es internacionais<\/em>&#8220;.<\/p>\n<p style=\"text-align: center;\"><span style=\"text-decoration: underline;\">Inscri\u00e7\u00f5es em <a href=\"https:\/\/bit.ly\/partilhasdesucesso2425_4\">https:\/\/bit.ly\/partilhasdesucesso2425_4<\/a> e mais informa\u00e7\u00f5es <a href=\"https:\/\/www.facebook.com\/ANTV.org\">AQUI<\/a><\/span><\/p>\n","protected":false},"excerpt":{"rendered":"<p>A 4.\u00aa Sess\u00e3o das \u00abPartilhas do Sucesso\u00bb 3.0 da Associa\u00e7\u00e3o Nacional de Treinadores de Voleibol (ANTV) realiza-se no dia 19 de Janeiro (domingo) \u00e0s 21h00 \u2013 online via Zoom \u2013 [&hellip;]<\/p>\n","protected":false},"author":2,"featured_media":37737,"comment_status":"open","ping_status":"open","sticky":false,"template":"","format":"standard","meta":{"_monsterinsights_skip_tracking":false,"_monsterinsights_sitenote_active":false,"_monsterinsights_sitenote_note":"","_monsterinsights_sitenote_category":0,"footnotes":""},"categories":[20,15,11,8],"tags":[139],"class_list":{"0":"post-37736","1":"post","2":"type-post","3":"status-publish","4":"format-standard","5":"has-post-thumbnail","7":"category-destaque","8":"category-diversos","9":"category-formacao","10":"category-voleibol","11":"tag-epoca-2024-2025","12":"czr-hentry"},"aioseo_notices":[],"_links":{"self":[{"href":"https:\/\/fpvoleibol.pt\/fpv\/wp-json\/wp\/v2\/posts\/37736","targetHints":{"allow":["GET"]}}],"collection":[{"href":"https:\/\/fpvoleibol.pt\/fpv\/wp-json\/wp\/v2\/posts"}],"about":[{"href":"https:\/\/fpvoleibol.pt\/fpv\/wp-json\/wp\/v2\/types\/post"}],"author":[{"embeddable":true,"href":"https:\/\/fpvoleibol.pt\/fpv\/wp-json\/wp\/v2\/users\/2"}],"replies":[{"embeddable":true,"href":"https:\/\/fpvoleibol.pt\/fpv\/wp-json\/wp\/v2\/comments?post=37736"}],"version-history":[{"count":3,"href":"https:\/\/fpvoleibol.pt\/fpv\/wp-json\/wp\/v2\/posts\/37736\/revisions"}],"predecessor-version":[{"id":37741,"href":"https:\/\/fpvoleibol.pt\/fpv\/wp-json\/wp\/v2\/posts\/37736\/revisions\/37741"}],"wp:featuredmedia":[{"embeddable":true,"href":"https:\/\/fpvoleibol.pt\/fpv\/wp-json\/wp\/v2\/media\/37737"}],"wp:attachment":[{"href":"https:\/\/fpvoleibol.pt\/fpv\/wp-json\/wp\/v2\/media?parent=37736"}],"wp:term":[{"taxonomy":"category","embeddable":true,"href":"https:\/\/fpvoleibol.pt\/fpv\/wp-json\/wp\/v2\/categories?post=37736"},{"taxonomy":"post_tag","embeddable":true,"href":"https:\/\/fpvoleibol.pt\/fpv\/wp-json\/wp\/v2\/tags?post=37736"}],"curies":[{"name":"wp","href":"https:\/\/api.w.org\/{rel}","templated":true}]}}