{"id":37676,"date":"2025-01-15T12:13:06","date_gmt":"2025-01-15T12:13:06","guid":{"rendered":"https:\/\/fpvoleibol.pt\/fpv\/?p=37676"},"modified":"2025-01-20T17:10:05","modified_gmt":"2025-01-20T17:10:05","slug":"liga-solverde-pt-27","status":"publish","type":"post","link":"https:\/\/fpvoleibol.pt\/fpv\/2025\/01\/15\/liga-solverde-pt-27\/","title":{"rendered":"LIGA SOLVERDE.pt"},"content":{"rendered":"<p><img loading=\"lazy\" decoding=\"async\" class=\"size-full wp-image-28511 aligncenter\" src=\"https:\/\/fpvoleibol.pt\/fpv\/wp-content\/uploads\/2023\/10\/website_ligasolverde2_d.jpg\" alt=\"\" width=\"960\" height=\"542\" srcset=\"https:\/\/fpvoleibol.pt\/fpv\/wp-content\/uploads\/2023\/10\/website_ligasolverde2_d.jpg 960w, https:\/\/fpvoleibol.pt\/fpv\/wp-content\/uploads\/2023\/10\/website_ligasolverde2_d-300x169.jpg 300w, https:\/\/fpvoleibol.pt\/fpv\/wp-content\/uploads\/2023\/10\/website_ligasolverde2_d-768x434.jpg 768w, https:\/\/fpvoleibol.pt\/fpv\/wp-content\/uploads\/2023\/10\/website_ligasolverde2_d-528x297.jpg 528w\" sizes=\"auto, (max-width: 960px) 100vw, 960px\" \/>Com a desloca\u00e7\u00e3o do agora l\u00edder SL Benfica a Matosinhos para defrontar o Leix\u00f5es SC\/Mercainox (10.\u00ba), o destaque da 16.\u00aa jornada da 1.\u00aa Fase da <a href=\"https:\/\/fpv-web.dataproject.com\/CompetitionHome.aspx?ID=107\"><span style=\"text-decoration: underline;\"><strong>Liga Solverde.pt<\/strong><\/span><\/a> vai para a luta pelo quinto lugar, protagonizada pelo PV 2014\/Col\u00e9gio Efanor (6.\u00ba) e o Clube Kair\u00f3s (5.\u00ba).<br \/>\nAs benfiquistas alcan\u00e7aram a lideran\u00e7a no passado fim-de-semana e ap\u00f3s 11 vit\u00f3rias consecutivas no campeonato e apenas uma derrota (na Challenge Cup) nos 12 \u00faltimos jogos.<\/p>\n<p>O <a href=\"https:\/\/fpv-web.dataproject.com\/MatchStatistics.aspx?mID=10059&amp;ID=107&amp;CID=360&amp;PID=149&amp;type=LegList\">Leix\u00f5es SC\/Mercainox x SL Benfica<\/a> ter\u00e1 transmiss\u00e3o em directo na <a href=\"http:\/\/www.volei.tv\">Volei TV<\/a> e n&#8217;<span style=\"color: #ff0000;\">A Bola TV<\/span>.\u00a0O jogo est\u00e1 agendado para as 16h00 do dia 19 de Janeiro (domingo), na Nave Il\u00eddio Ramos do Centro de Desportos e Congressos de Matosinhos, e poder\u00e1 ser seguido, via <em>live streaming<\/em>, <a href=\"https:\/\/www.youtube.com\/watch?v=UJi1AYr4KkQ\">AQUI<\/a><\/p>\n<p style=\"text-align: center;\"><span style=\"background-color: #000000; color: #ffffff;\"><img loading=\"lazy\" decoding=\"async\" class=\"alignnone size-full wp-image-37669\" src=\"https:\/\/fpvoleibol.pt\/fpv\/wp-content\/uploads\/2025\/01\/16JORNADA_LSCxSLB_d.jpg\" alt=\"\" width=\"960\" height=\"540\" srcset=\"https:\/\/fpvoleibol.pt\/fpv\/wp-content\/uploads\/2025\/01\/16JORNADA_LSCxSLB_d.jpg 960w, https:\/\/fpvoleibol.pt\/fpv\/wp-content\/uploads\/2025\/01\/16JORNADA_LSCxSLB_d-300x169.jpg 300w, https:\/\/fpvoleibol.pt\/fpv\/wp-content\/uploads\/2025\/01\/16JORNADA_LSCxSLB_d-768x432.jpg 768w, https:\/\/fpvoleibol.pt\/fpv\/wp-content\/uploads\/2025\/01\/16JORNADA_LSCxSLB_d-528x297.jpg 528w\" sizes=\"auto, (max-width: 960px) 100vw, 960px\" \/><br \/>\n16.\u00aa Jornada*<\/span><\/p>\n<p><span style=\"text-decoration: underline;\"><strong>16.01.2025<\/strong><\/span><br \/>\n<strong>21h30<\/strong> \u2013 SC Braga x GC Vilacondense, na AMCO Arena.<br \/>\n<span style=\"text-decoration: underline;\"><strong>19.01.2025<\/strong><\/span><br \/>\n<strong>15h00<\/strong> \u2013 Vit\u00f3ria SC x FC Porto, no Pav. Desp. Unidade Vimaranense.<br \/>\n<strong>16h00<\/strong> \u2013 Cast\u00ealo da Maia GC x CD Fi\u00e3es, no Pav. Castelo Maia GC.<br \/>\n<strong>16h00<\/strong> \u2013 Leix\u00f5es SC\/Mercainox x SL Benfica, na Nave Il\u00eddio Ramos &#8211; CDC Matosinhos \u2013 em directo na <a href=\"https:\/\/www.youtube.com\/watch?v=UJi1AYr4KkQ\">Volei TV<\/a> e <span style=\"background-color: #ffffff; color: #ff0000;\">A Bola TV<\/span>.<br \/>\n<strong>16h00<\/strong> \u2013 PV 2014\/Col\u00e9gio Efanor x Clube Kair\u00f3s, no Pav. Col\u00e9gio Efanor.<br \/>\n<strong>18h00<\/strong> \u2013 Sporting CP x A. Avense 78, no Pav. Jo\u00e3o Rocha.<\/p>\n<p style=\"text-align: center;\"><span style=\"background-color: #000000; color: #ffffff;\">13.\u00aa Jornada<\/span><\/p>\n<p><span style=\"text-decoration: underline;\"><strong>15.01.2025<\/strong><\/span><br \/>\n<strong>20h30<\/strong> \u2013 FC Porto x A. Avense 78, no Drag\u00e3o Arena.<br \/>\n<span style=\"text-decoration: underline;\"><strong>21.01.2025<\/strong><\/span><br \/>\n<strong>21h15<\/strong> \u2013 Cast\u00ealo da Maia GC x Clube Kair\u00f3s, no Pav. C. Maia GC.<\/p>\n<p style=\"text-align: center;\"><span style=\"background-color: #000000; color: #ffffff;\">TODAS AS INFORMA\u00c7\u00d5ES<\/span><\/p>\n<p style=\"text-align: center;\"><strong>Resultados<\/strong>,<strong>\u00a0Live Streaming\u00a0<\/strong>e<strong>\u00a0Estat\u00edstica<\/strong>\u00a0em\u00a0<a href=\"https:\/\/fpv-web.dataproject.com\/CompetitionHome.aspx?ID=107\">https:\/\/fpv-web.dataproject.com\/CompetitionHome.aspx?ID=108<\/a><br \/>\n<strong>**Calend\u00e1rio\u00a0<\/strong>e<strong>\u00a0Classifica\u00e7\u00e3o<\/strong>\u00a0em\u00a0<a href=\"https:\/\/www.portugalvoleibol.com\/classificacao\/\">https:\/\/www.portugalvoleibol.com\/classificacao\/<\/a><br \/>\n<strong>\u00c1rbitros nomeados<\/strong>\u00a0(actualizado \u00e0 quinta-feira) em\u00a0<a href=\"https:\/\/fpvoleibol.pt\/fpv\/arbitragem\/nomeacoes\/\">https:\/\/fpvoleibol.pt\/fpv\/arbitragem\/nomeacoes\/<\/a><br \/>\n<strong>Regulamento de Seniores<\/strong>\u00a0<a href=\"https:\/\/www.fpvoleibol.pt\/regulamentos\/reg_esc_seniores_.pdf\">AQUI<\/a><br \/>\n<span style=\"font-size: 8pt;\"><strong>*Hor\u00e1rios poder\u00e3o sofrer altera\u00e7\u00f5es<\/strong><\/span><\/p>\n","protected":false},"excerpt":{"rendered":"<p>Com a desloca\u00e7\u00e3o do agora l\u00edder SL Benfica a Matosinhos para defrontar o Leix\u00f5es SC\/Mercainox (10.\u00ba), o destaque da 16.\u00aa jornada da 1.\u00aa Fase da Liga Solverde.pt vai para a [&hellip;]<\/p>\n","protected":false},"author":2,"featured_media":28213,"comment_status":"open","ping_status":"open","sticky":false,"template":"","format":"standard","meta":{"_monsterinsights_skip_tracking":false,"_monsterinsights_sitenote_active":false,"_monsterinsights_sitenote_note":"","_monsterinsights_sitenote_category":0,"footnotes":""},"categories":[13,8,31],"tags":[139,113],"class_list":{"0":"post-37676","1":"post","2":"type-post","3":"status-publish","4":"format-standard","5":"has-post-thumbnail","7":"category-arbitragem","8":"category-voleibol","9":"category-voleitv","10":"tag-epoca-2024-2025","11":"tag-liga-solverde-pt","12":"czr-hentry"},"aioseo_notices":[],"_links":{"self":[{"href":"https:\/\/fpvoleibol.pt\/fpv\/wp-json\/wp\/v2\/posts\/37676","targetHints":{"allow":["GET"]}}],"collection":[{"href":"https:\/\/fpvoleibol.pt\/fpv\/wp-json\/wp\/v2\/posts"}],"about":[{"href":"https:\/\/fpvoleibol.pt\/fpv\/wp-json\/wp\/v2\/types\/post"}],"author":[{"embeddable":true,"href":"https:\/\/fpvoleibol.pt\/fpv\/wp-json\/wp\/v2\/users\/2"}],"replies":[{"embeddable":true,"href":"https:\/\/fpvoleibol.pt\/fpv\/wp-json\/wp\/v2\/comments?post=37676"}],"version-history":[{"count":4,"href":"https:\/\/fpvoleibol.pt\/fpv\/wp-json\/wp\/v2\/posts\/37676\/revisions"}],"predecessor-version":[{"id":37823,"href":"https:\/\/fpvoleibol.pt\/fpv\/wp-json\/wp\/v2\/posts\/37676\/revisions\/37823"}],"wp:featuredmedia":[{"embeddable":true,"href":"https:\/\/fpvoleibol.pt\/fpv\/wp-json\/wp\/v2\/media\/28213"}],"wp:attachment":[{"href":"https:\/\/fpvoleibol.pt\/fpv\/wp-json\/wp\/v2\/media?parent=37676"}],"wp:term":[{"taxonomy":"category","embeddable":true,"href":"https:\/\/fpvoleibol.pt\/fpv\/wp-json\/wp\/v2\/categories?post=37676"},{"taxonomy":"post_tag","embeddable":true,"href":"https:\/\/fpvoleibol.pt\/fpv\/wp-json\/wp\/v2\/tags?post=37676"}],"curies":[{"name":"wp","href":"https:\/\/api.w.org\/{rel}","templated":true}]}}