{"id":37667,"date":"2025-01-14T12:17:03","date_gmt":"2025-01-14T12:17:03","guid":{"rendered":"https:\/\/fpvoleibol.pt\/fpv\/?p=37667"},"modified":"2025-01-20T17:10:51","modified_gmt":"2025-01-20T17:10:51","slug":"leixoes-sc-x-sl-benfica-em-directo-na-volei-tv-2","status":"publish","type":"post","link":"https:\/\/fpvoleibol.pt\/fpv\/2025\/01\/14\/leixoes-sc-x-sl-benfica-em-directo-na-volei-tv-2\/","title":{"rendered":"LEIX\u00d5ES SC x SL BENFICA EM DIRECTO NA VOLEI TV"},"content":{"rendered":"<p><img loading=\"lazy\" decoding=\"async\" class=\"size-full wp-image-37669 aligncenter\" src=\"https:\/\/fpvoleibol.pt\/fpv\/wp-content\/uploads\/2025\/01\/16JORNADA_LSCxSLB_d.jpg\" alt=\"\" width=\"960\" height=\"540\" srcset=\"https:\/\/fpvoleibol.pt\/fpv\/wp-content\/uploads\/2025\/01\/16JORNADA_LSCxSLB_d.jpg 960w, https:\/\/fpvoleibol.pt\/fpv\/wp-content\/uploads\/2025\/01\/16JORNADA_LSCxSLB_d-300x169.jpg 300w, https:\/\/fpvoleibol.pt\/fpv\/wp-content\/uploads\/2025\/01\/16JORNADA_LSCxSLB_d-768x432.jpg 768w, https:\/\/fpvoleibol.pt\/fpv\/wp-content\/uploads\/2025\/01\/16JORNADA_LSCxSLB_d-528x297.jpg 528w\" sizes=\"auto, (max-width: 960px) 100vw, 960px\" \/> O <a href=\"https:\/\/fpv-web.dataproject.com\/MatchStatistics.aspx?mID=10059&amp;ID=107&amp;CID=360&amp;PID=149&amp;type=LegList\">Leix\u00f5es SC\/Mercainox x SL Benfica<\/a>, da 16.\u00aa jornada da 1.\u00aa Fase da <a href=\"https:\/\/fpv-web.dataproject.com\/CompetitionHome.aspx?ID=107\"><span style=\"text-decoration: underline;\"><strong>Liga Solverde.pt<\/strong><\/span><\/a>, ser\u00e1 transmitido em directo na <a href=\"http:\/\/www.volei.tv\">Volei TV<\/a> e n&#8217;<span style=\"color: #ff0000;\">A Bola TV<\/span>.<\/p>\n<p>O jogo est\u00e1 agendado para as 16h00 do dia 19 de Janeiro (domingo), na Nave Il\u00eddio Ramos do Centro de Desportos e Congressos de Matosinhos, e poder\u00e1 ser seguido, via <em>live streaming<\/em>, <a href=\"https:\/\/www.youtube.com\/watch?v=UJi1AYr4KkQ\">AQUI<\/a><\/p>\n<p style=\"text-align: center;\"><span style=\"background-color: #000000; color: #ffffff;\">16.\u00aa Jornada*<\/span><\/p>\n<p><span style=\"text-decoration: underline;\"><strong>16.01.2025<\/strong><\/span><br \/>\n<strong>21h30<\/strong> \u2013 SC Braga x GC Vilacondense, na AMCO Arena.<br \/>\n<span style=\"text-decoration: underline;\"><strong>19.01.2025<\/strong><\/span><br \/>\n<strong>15h00<\/strong> \u2013 Vit\u00f3ria SC x FC Porto, no Pav. Desp. Unidade Vimaranense.<br \/>\n<strong>16h00<\/strong> \u2013 Cast\u00ealo da Maia GC x CD Fi\u00e3es, no Pav. Castelo Maia GC.<br \/>\n<strong>16h00<\/strong> \u2013 Leix\u00f5es SC\/Mercainox x SL Benfica, na Nave Il\u00eddio Ramos &#8211; CDC Matosinhos \u2013 em directo na <a href=\"https:\/\/www.youtube.com\/watch?v=UJi1AYr4KkQ\">Volei TV<\/a> e <span style=\"background-color: #ffffff; color: #ff0000;\">A Bola TV<\/span>.<br \/>\n<strong>16h00<\/strong> \u2013 PV 2014\/Col\u00e9gio Efanor x Clube Kair\u00f3s, no Pav. Col\u00e9gio Efanor.<br \/>\n<strong>18h00<\/strong> \u2013 Sporting CP x A. Avense 78, no Pav. Jo\u00e3o Rocha.<\/p>\n<p style=\"text-align: center;\"><span style=\"background-color: #000000; color: #ffffff;\">TODAS AS INFORMA\u00c7\u00d5ES<\/span><\/p>\n<p style=\"text-align: center;\"><strong>Resultados<\/strong>,<strong>\u00a0Live Streaming\u00a0<\/strong>e<strong>\u00a0Estat\u00edstica<\/strong>\u00a0em\u00a0<a href=\"https:\/\/fpv-web.dataproject.com\/CompetitionHome.aspx?ID=107\">https:\/\/fpv-web.dataproject.com\/CompetitionHome.aspx?ID=108<\/a><br \/>\n<strong>**Calend\u00e1rio\u00a0<\/strong>e<strong>\u00a0Classifica\u00e7\u00e3o<\/strong>\u00a0em\u00a0<a href=\"https:\/\/www.portugalvoleibol.com\/classificacao\/\">https:\/\/www.portugalvoleibol.com\/classificacao\/<\/a><br \/>\n<strong>\u00c1rbitros nomeados<\/strong>\u00a0(actualizado \u00e0 quinta-feira) em\u00a0<a href=\"https:\/\/fpvoleibol.pt\/fpv\/arbitragem\/nomeacoes\/\">https:\/\/fpvoleibol.pt\/fpv\/arbitragem\/nomeacoes\/<\/a><br \/>\n<strong>Regulamento de Seniores<\/strong>\u00a0<a href=\"https:\/\/www.fpvoleibol.pt\/regulamentos\/reg_esc_seniores_.pdf\">AQUI<\/a><br \/>\n<span style=\"font-size: 8pt;\"><strong>*Hor\u00e1rios poder\u00e3o sofrer altera\u00e7\u00f5es<\/strong><\/span><\/p>\n","protected":false},"excerpt":{"rendered":"<p>O Leix\u00f5es SC\/Mercainox x SL Benfica, da 16.\u00aa jornada da 1.\u00aa Fase da Liga Solverde.pt, ser\u00e1 transmitido em directo na Volei TV e n&#8217;A Bola TV. O jogo est\u00e1 agendado [&hellip;]<\/p>\n","protected":false},"author":2,"featured_media":37670,"comment_status":"open","ping_status":"open","sticky":false,"template":"","format":"standard","meta":{"_monsterinsights_skip_tracking":false,"_monsterinsights_sitenote_active":false,"_monsterinsights_sitenote_note":"","_monsterinsights_sitenote_category":0,"footnotes":""},"categories":[13,20,8,31],"tags":[],"class_list":{"0":"post-37667","1":"post","2":"type-post","3":"status-publish","4":"format-standard","5":"has-post-thumbnail","7":"category-arbitragem","8":"category-destaque","9":"category-voleibol","10":"category-voleitv","11":"czr-hentry"},"aioseo_notices":[],"_links":{"self":[{"href":"https:\/\/fpvoleibol.pt\/fpv\/wp-json\/wp\/v2\/posts\/37667","targetHints":{"allow":["GET"]}}],"collection":[{"href":"https:\/\/fpvoleibol.pt\/fpv\/wp-json\/wp\/v2\/posts"}],"about":[{"href":"https:\/\/fpvoleibol.pt\/fpv\/wp-json\/wp\/v2\/types\/post"}],"author":[{"embeddable":true,"href":"https:\/\/fpvoleibol.pt\/fpv\/wp-json\/wp\/v2\/users\/2"}],"replies":[{"embeddable":true,"href":"https:\/\/fpvoleibol.pt\/fpv\/wp-json\/wp\/v2\/comments?post=37667"}],"version-history":[{"count":5,"href":"https:\/\/fpvoleibol.pt\/fpv\/wp-json\/wp\/v2\/posts\/37667\/revisions"}],"predecessor-version":[{"id":37824,"href":"https:\/\/fpvoleibol.pt\/fpv\/wp-json\/wp\/v2\/posts\/37667\/revisions\/37824"}],"wp:featuredmedia":[{"embeddable":true,"href":"https:\/\/fpvoleibol.pt\/fpv\/wp-json\/wp\/v2\/media\/37670"}],"wp:attachment":[{"href":"https:\/\/fpvoleibol.pt\/fpv\/wp-json\/wp\/v2\/media?parent=37667"}],"wp:term":[{"taxonomy":"category","embeddable":true,"href":"https:\/\/fpvoleibol.pt\/fpv\/wp-json\/wp\/v2\/categories?post=37667"},{"taxonomy":"post_tag","embeddable":true,"href":"https:\/\/fpvoleibol.pt\/fpv\/wp-json\/wp\/v2\/tags?post=37667"}],"curies":[{"name":"wp","href":"https:\/\/api.w.org\/{rel}","templated":true}]}}