{"id":37655,"date":"2025-01-14T10:56:26","date_gmt":"2025-01-14T10:56:26","guid":{"rendered":"https:\/\/fpvoleibol.pt\/fpv\/?p=37655"},"modified":"2025-01-14T11:03:03","modified_gmt":"2025-01-14T11:03:03","slug":"medida-parceria-2025","status":"publish","type":"post","link":"https:\/\/fpvoleibol.pt\/fpv\/2025\/01\/14\/medida-parceria-2025\/","title":{"rendered":"\u00abMEDIDA PARCERIA\u00bb 2025"},"content":{"rendered":"<p><img loading=\"lazy\" decoding=\"async\" class=\"size-full wp-image-37657 aligncenter\" src=\"https:\/\/fpvoleibol.pt\/fpv\/wp-content\/uploads\/2025\/01\/medidaparceria_01_d.jpg\" alt=\"\" width=\"960\" height=\"812\" srcset=\"https:\/\/fpvoleibol.pt\/fpv\/wp-content\/uploads\/2025\/01\/medidaparceria_01_d.jpg 960w, https:\/\/fpvoleibol.pt\/fpv\/wp-content\/uploads\/2025\/01\/medidaparceria_01_d-300x254.jpg 300w, https:\/\/fpvoleibol.pt\/fpv\/wp-content\/uploads\/2025\/01\/medidaparceria_01_d-768x650.jpg 768w\" sizes=\"auto, (max-width: 960px) 100vw, 960px\" \/>Est\u00e3o abertas, at\u00e9 7 de Fevereiro, as candidaturas \u00e0 edi\u00e7\u00e3o 2025 da <span style=\"text-decoration: underline;\">\u00ab<strong>Medida Parceria<\/strong>\u00bb do <a href=\"http:\/\/clubetop.ipdj.gov.pt\">Programa CLUBE TOP<\/a><\/span>, iniciativa do Instituto Portugu\u00eas do Desporto e Juventude (IPDJ) que visa \u201c<em>explorar o potencial transformador do programa, apoiando financeiramente e institucionalmente projetos que melhorem o desempenho dos clubes desportivos<\/em>\u201d.<\/p>\n<p>Os projetos candidatos devem promover sinergias entre diferentes <em>stakeholders<\/em> do sector desportivo, visando incrementar e qualificar a fun\u00e7\u00e3o social e desportiva dos clubes, e que contribuam para o cumprimento dos objetivos estrat\u00e9gicos do <a href=\"http:\/\/clubetop.ipdj.gov.pt\">Programa CLUBE TOP<\/a>.<\/p>\n<p>Para al\u00e9m disso, ser\u00e3o financiadas \u201c<em>iniciativas que se destaquem pela sua relev\u00e2ncia e qualidade, contribuindo para os objectivos estrat\u00e9gicos do programa, tais como a capacita\u00e7\u00e3o de dirigentes e gestores dos clubes desportivos e\/ou a cria\u00e7\u00e3o e divulga\u00e7\u00e3o de conhecimento que favore\u00e7a a adop\u00e7\u00e3o de boas pr\u00e1ticas na gest\u00e3o e administra\u00e7\u00e3o dos clubes<\/em>\u201d.<\/p>\n<p>A informa\u00e7\u00e3o sobre a edi\u00e7\u00e3o 2025 da Medida Parceria est\u00e1 dispon\u00edvel no <a href=\"https:\/\/clubetop.ipdj.gov.pt\/ProgramaClubeTOP\/MedidaContexto.aspx?MeasureId=6&amp;ProfileId=15\">Portal do CLUBE TOP<\/a>.<\/p>\n","protected":false},"excerpt":{"rendered":"<p>Est\u00e3o abertas, at\u00e9 7 de Fevereiro, as candidaturas \u00e0 edi\u00e7\u00e3o 2025 da \u00abMedida Parceria\u00bb do Programa CLUBE TOP, iniciativa do Instituto Portugu\u00eas do Desporto e Juventude (IPDJ) que visa \u201cexplorar [&hellip;]<\/p>\n","protected":false},"author":2,"featured_media":37658,"comment_status":"open","ping_status":"open","sticky":false,"template":"","format":"standard","meta":{"_monsterinsights_skip_tracking":false,"_monsterinsights_sitenote_active":false,"_monsterinsights_sitenote_note":"","_monsterinsights_sitenote_category":0,"footnotes":""},"categories":[15],"tags":[139],"class_list":{"0":"post-37655","1":"post","2":"type-post","3":"status-publish","4":"format-standard","5":"has-post-thumbnail","7":"category-diversos","8":"tag-epoca-2024-2025","9":"czr-hentry"},"aioseo_notices":[],"_links":{"self":[{"href":"https:\/\/fpvoleibol.pt\/fpv\/wp-json\/wp\/v2\/posts\/37655","targetHints":{"allow":["GET"]}}],"collection":[{"href":"https:\/\/fpvoleibol.pt\/fpv\/wp-json\/wp\/v2\/posts"}],"about":[{"href":"https:\/\/fpvoleibol.pt\/fpv\/wp-json\/wp\/v2\/types\/post"}],"author":[{"embeddable":true,"href":"https:\/\/fpvoleibol.pt\/fpv\/wp-json\/wp\/v2\/users\/2"}],"replies":[{"embeddable":true,"href":"https:\/\/fpvoleibol.pt\/fpv\/wp-json\/wp\/v2\/comments?post=37655"}],"version-history":[{"count":3,"href":"https:\/\/fpvoleibol.pt\/fpv\/wp-json\/wp\/v2\/posts\/37655\/revisions"}],"predecessor-version":[{"id":37660,"href":"https:\/\/fpvoleibol.pt\/fpv\/wp-json\/wp\/v2\/posts\/37655\/revisions\/37660"}],"wp:featuredmedia":[{"embeddable":true,"href":"https:\/\/fpvoleibol.pt\/fpv\/wp-json\/wp\/v2\/media\/37658"}],"wp:attachment":[{"href":"https:\/\/fpvoleibol.pt\/fpv\/wp-json\/wp\/v2\/media?parent=37655"}],"wp:term":[{"taxonomy":"category","embeddable":true,"href":"https:\/\/fpvoleibol.pt\/fpv\/wp-json\/wp\/v2\/categories?post=37655"},{"taxonomy":"post_tag","embeddable":true,"href":"https:\/\/fpvoleibol.pt\/fpv\/wp-json\/wp\/v2\/tags?post=37655"}],"curies":[{"name":"wp","href":"https:\/\/api.w.org\/{rel}","templated":true}]}}