{"id":37651,"date":"2025-01-15T09:39:46","date_gmt":"2025-01-15T09:39:46","guid":{"rendered":"https:\/\/fpvoleibol.pt\/fpv\/?p=37651"},"modified":"2025-01-15T09:39:46","modified_gmt":"2025-01-15T09:39:46","slug":"premio-desporto-com-etica","status":"publish","type":"post","link":"https:\/\/fpvoleibol.pt\/fpv\/2025\/01\/15\/premio-desporto-com-etica\/","title":{"rendered":"PR\u00c9MIO \u00abDESPORTO COM \u00c9TICA\u00bb"},"content":{"rendered":"<p><img loading=\"lazy\" decoding=\"async\" class=\"size-full wp-image-37664 aligncenter\" src=\"https:\/\/fpvoleibol.pt\/fpv\/wp-content\/uploads\/2025\/01\/premio_imprensa_desportocometica_d2.jpg\" alt=\"\" width=\"960\" height=\"960\" srcset=\"https:\/\/fpvoleibol.pt\/fpv\/wp-content\/uploads\/2025\/01\/premio_imprensa_desportocometica_d2.jpg 960w, https:\/\/fpvoleibol.pt\/fpv\/wp-content\/uploads\/2025\/01\/premio_imprensa_desportocometica_d2-300x300.jpg 300w, https:\/\/fpvoleibol.pt\/fpv\/wp-content\/uploads\/2025\/01\/premio_imprensa_desportocometica_d2-150x150.jpg 150w, https:\/\/fpvoleibol.pt\/fpv\/wp-content\/uploads\/2025\/01\/premio_imprensa_desportocometica_d2-768x768.jpg 768w, https:\/\/fpvoleibol.pt\/fpv\/wp-content\/uploads\/2025\/01\/premio_imprensa_desportocometica_d2-510x510.jpg 510w\" sizes=\"auto, (max-width: 960px) 100vw, 960px\" \/>No \u00e2mbito da implementa\u00e7\u00e3o do Plano Nacional de \u00c9tica no Desporto (PNED), o <a href=\"https:\/\/pned.ipdj.gov.pt\/concurso?titulo=pr%C3%A9mio-de-imprensa-desporto-com-%C3%89tica-xiii-edi%C3%A7%C3%A3o\">Instituto Portugu\u00eas do Desporto e Juventude, IP (IPDJ)<\/a> e o <span style=\"text-decoration: underline;\">Clube Nacional de Imprensa Desportiva\/Associa\u00e7\u00e3o dos Jornalistas de Desporto (CNID)<\/span>\u00a0promovem o <strong>XIII Pr\u00e9mio de Imprensa \u00abDesporto com \u00c9tica\u00bb<\/strong>.<\/p>\n<p>O <span style=\"text-decoration: underline;\">Plano Nacional de \u00c9tica no Desporto (PNED)<\/span> tem como objectivo &#8220;<em>a divulga\u00e7\u00e3o e promo\u00e7\u00e3o da viv\u00eancia dos valores \u00e9ticos inerentes \u00e0 pr\u00e1tica desportiva, como a verdade, o respeito pelas regras do jogo, o jogo limpo, o respeito pelo outro, a responsabilidade, a amizade, a coopera\u00e7\u00e3o, entre outros, incutindo os valores da \u00e9tica desportiva atrav\u00e9s da realiza\u00e7\u00e3o de um conjunto de iniciativas estruturadas e planificadas<\/em>&#8220;.<\/p>\n<p>Na sequ\u00eancia de altera\u00e7\u00e3o ao Regulamento e a partir desta 13.\u00aa edi\u00e7\u00e3o, inclusive, o concurso \u00e9 alargado a um novo segmento, passando a receber tamb\u00e9m candidaturas (at\u00e9 31 de Janeiro) de trabalhos difundidos por <span style=\"text-decoration: underline;\">r\u00e1dio e televis\u00e3o<\/span>, em complemento aos segmentos de imprensa regional e imprensa desportiva\/generalista.<\/p>\n<p style=\"text-align: center;\"><span style=\"text-decoration: underline;\">Informa\u00e7\u00f5es adicionais encontram-se dispon\u00edveis no microsite do PNED (link <a href=\"https:\/\/pned.ipdj.gov.pt\/concurso?titulo=pr%C3%A9mio-de-imprensa-desporto-com-%C3%89tica-xiii-edi%C3%A7%C3%A3o\">aqui<\/a>).<\/span><\/p>\n","protected":false},"excerpt":{"rendered":"<p>No \u00e2mbito da implementa\u00e7\u00e3o do Plano Nacional de \u00c9tica no Desporto (PNED), o Instituto Portugu\u00eas do Desporto e Juventude, IP (IPDJ) e o Clube Nacional de Imprensa Desportiva\/Associa\u00e7\u00e3o dos Jornalistas [&hellip;]<\/p>\n","protected":false},"author":2,"featured_media":37662,"comment_status":"open","ping_status":"open","sticky":false,"template":"","format":"standard","meta":{"_monsterinsights_skip_tracking":false,"_monsterinsights_sitenote_active":false,"_monsterinsights_sitenote_note":"","_monsterinsights_sitenote_category":0,"footnotes":""},"categories":[15,11],"tags":[139],"class_list":{"0":"post-37651","1":"post","2":"type-post","3":"status-publish","4":"format-standard","5":"has-post-thumbnail","7":"category-diversos","8":"category-formacao","9":"tag-epoca-2024-2025","10":"czr-hentry"},"aioseo_notices":[],"_links":{"self":[{"href":"https:\/\/fpvoleibol.pt\/fpv\/wp-json\/wp\/v2\/posts\/37651","targetHints":{"allow":["GET"]}}],"collection":[{"href":"https:\/\/fpvoleibol.pt\/fpv\/wp-json\/wp\/v2\/posts"}],"about":[{"href":"https:\/\/fpvoleibol.pt\/fpv\/wp-json\/wp\/v2\/types\/post"}],"author":[{"embeddable":true,"href":"https:\/\/fpvoleibol.pt\/fpv\/wp-json\/wp\/v2\/users\/2"}],"replies":[{"embeddable":true,"href":"https:\/\/fpvoleibol.pt\/fpv\/wp-json\/wp\/v2\/comments?post=37651"}],"version-history":[{"count":6,"href":"https:\/\/fpvoleibol.pt\/fpv\/wp-json\/wp\/v2\/posts\/37651\/revisions"}],"predecessor-version":[{"id":37675,"href":"https:\/\/fpvoleibol.pt\/fpv\/wp-json\/wp\/v2\/posts\/37651\/revisions\/37675"}],"wp:featuredmedia":[{"embeddable":true,"href":"https:\/\/fpvoleibol.pt\/fpv\/wp-json\/wp\/v2\/media\/37662"}],"wp:attachment":[{"href":"https:\/\/fpvoleibol.pt\/fpv\/wp-json\/wp\/v2\/media?parent=37651"}],"wp:term":[{"taxonomy":"category","embeddable":true,"href":"https:\/\/fpvoleibol.pt\/fpv\/wp-json\/wp\/v2\/categories?post=37651"},{"taxonomy":"post_tag","embeddable":true,"href":"https:\/\/fpvoleibol.pt\/fpv\/wp-json\/wp\/v2\/tags?post=37651"}],"curies":[{"name":"wp","href":"https:\/\/api.w.org\/{rel}","templated":true}]}}