{"id":37326,"date":"2024-12-17T10:15:04","date_gmt":"2024-12-17T10:15:04","guid":{"rendered":"https:\/\/fpvoleibol.pt\/fpv\/?p=37326"},"modified":"2024-12-17T10:15:04","modified_gmt":"2024-12-17T10:15:04","slug":"vitoria-sc-x-sc-braga-em-directo-na-volei-tv","status":"publish","type":"post","link":"https:\/\/fpvoleibol.pt\/fpv\/2024\/12\/17\/vitoria-sc-x-sc-braga-em-directo-na-volei-tv\/","title":{"rendered":"VIT\u00d3RIA SC x SC BRAGA EM DIRECTO NA VOLEI TV"},"content":{"rendered":"<p><img loading=\"lazy\" decoding=\"async\" class=\"size-full wp-image-37329 aligncenter\" src=\"https:\/\/fpvoleibol.pt\/fpv\/wp-content\/uploads\/2024\/12\/13JORNADA_VSCxSCB_d.jpg\" alt=\"\" width=\"960\" height=\"540\" srcset=\"https:\/\/fpvoleibol.pt\/fpv\/wp-content\/uploads\/2024\/12\/13JORNADA_VSCxSCB_d.jpg 960w, https:\/\/fpvoleibol.pt\/fpv\/wp-content\/uploads\/2024\/12\/13JORNADA_VSCxSCB_d-300x169.jpg 300w, https:\/\/fpvoleibol.pt\/fpv\/wp-content\/uploads\/2024\/12\/13JORNADA_VSCxSCB_d-768x432.jpg 768w, https:\/\/fpvoleibol.pt\/fpv\/wp-content\/uploads\/2024\/12\/13JORNADA_VSCxSCB_d-528x297.jpg 528w\" sizes=\"auto, (max-width: 960px) 100vw, 960px\" \/>O d\u00e9rbi minhoto <a href=\"https:\/\/fpv-web.dataproject.com\/MatchStatistics.aspx?mID=10041&amp;ID=107&amp;CID=360&amp;PID=149&amp;type=LegList\">Vit\u00f3ria SC x SC Braga<\/a>, da 13.\u00aa jornada da 1.\u00aa Fase da <a href=\"https:\/\/fpv-web.dataproject.com\/CompetitionHome.aspx?ID=107\"><span style=\"text-decoration: underline;\"><strong>Liga Solverde.pt<\/strong><\/span><\/a>, ser\u00e1 transmitido em directo na <a href=\"http:\/\/www.volei.tv\">Volei TV<\/a> e n&#8217;<span style=\"color: #ff0000;\">A Bola TV<\/span>.<\/p>\n<p>O jogo est\u00e1 agendado para as 15h00 do dia 22 de Dezembro (domingo), no Pavilh\u00e3o Desportivo Unidade Vimaranense, e poder\u00e1 ser seguido, via <em>live streaming<\/em>, <a href=\"https:\/\/www.youtube.com\/watch?v=1dkHVvhpwtU\">AQUI<\/a><\/p>\n<p style=\"text-align: center;\"><span style=\"background-color: #000000; color: #ffffff;\">13.\u00aa Jornada*<\/span><\/p>\n<p><span style=\"text-decoration: underline;\"><strong>19.12.2024<\/strong><\/span><br \/>\n<strong>21h00<\/strong> \u2013 GC Vilacondense x SL Benfica, no Pav. Desp. Vila do Conde.<br \/>\n<span style=\"text-decoration: underline;\"><strong>20.12.2024<\/strong><\/span><br \/>\n<strong>21h00<\/strong> \u2013 Leix\u00f5es SC\/Mercainox x PV 2014\/Col\u00e9gio Efanor, na Nave Il\u00eddio Ramos &#8211; CDC Congressos.<br \/>\n<span style=\"text-decoration: underline;\"><strong>21.12.2024<\/strong><\/span><br \/>\n<strong>18h00<\/strong> \u2013 CD Fi\u00e3es x Sporting CP, no Pav. Municipal de Fi\u00e3es.<br \/>\n<span style=\"text-decoration: underline;\"><strong>22.12.2024<\/strong><\/span><br \/>\n<strong>15h00<\/strong> \u2013 Vit\u00f3ria SC x SC Braga, no Pav. Desp. Unid. Vimaranense \u2013 em directo na <a href=\"https:\/\/www.youtube.com\/watch?v=1dkHVvhpwtU\">Volei TV<\/a> e <span style=\"background-color: #ffffff; color: #ff0000;\">A Bola TV<\/span>.<br \/>\n<span style=\"text-decoration: underline;\"><strong>15.01.2025<\/strong><\/span><br \/>\n<strong>20h30<\/strong> \u2013 FC Porto x A. Avense 78, no Drag\u00e3o Arena.<br \/>\n<span style=\"text-decoration: underline;\"><strong>21.01.2025<\/strong><\/span><br \/>\n<strong>21h15<\/strong> \u2013 Cast\u00ealo da Maia GC x Clube Kair\u00f3s, no Pav. C. Maia GC.<\/p>\n<p style=\"text-align: center;\"><span style=\"background-color: #000000; color: #ffffff;\">TODAS AS INFORMA\u00c7\u00d5ES<\/span><\/p>\n<p style=\"text-align: center;\"><strong>Resultados<\/strong>,<strong>\u00a0Live Streaming\u00a0<\/strong>e<strong>\u00a0Estat\u00edstica<\/strong>\u00a0em\u00a0<a href=\"https:\/\/fpv-web.dataproject.com\/CompetitionHome.aspx?ID=107\">https:\/\/fpv-web.dataproject.com\/CompetitionHome.aspx?ID=108<\/a><br \/>\n<strong>**Calend\u00e1rio\u00a0<\/strong>e<strong>\u00a0Classifica\u00e7\u00e3o<\/strong>\u00a0em\u00a0<a href=\"https:\/\/www.portugalvoleibol.com\/classificacao\/\">https:\/\/www.portugalvoleibol.com\/classificacao\/<\/a><br \/>\n<strong>\u00c1rbitros nomeados<\/strong>\u00a0(actualizado \u00e0 quinta-feira) em\u00a0<a href=\"https:\/\/fpvoleibol.pt\/fpv\/arbitragem\/nomeacoes\/\">https:\/\/fpvoleibol.pt\/fpv\/arbitragem\/nomeacoes\/<\/a><br \/>\n<strong>Regulamento de Seniores<\/strong>\u00a0<a href=\"https:\/\/www.fpvoleibol.pt\/regulamentos\/reg_esc_seniores_.pdf\">AQUI<\/a><br \/>\n<span style=\"font-size: 8pt;\"><strong>*Hor\u00e1rios poder\u00e3o sofrer altera\u00e7\u00f5es<\/strong><\/span><\/p>\n","protected":false},"excerpt":{"rendered":"<p>O d\u00e9rbi minhoto Vit\u00f3ria SC x SC Braga, da 13.\u00aa jornada da 1.\u00aa Fase da Liga Solverde.pt, ser\u00e1 transmitido em directo na Volei TV e n&#8217;A Bola TV. O jogo [&hellip;]<\/p>\n","protected":false},"author":2,"featured_media":37330,"comment_status":"open","ping_status":"open","sticky":false,"template":"","format":"standard","meta":{"_monsterinsights_skip_tracking":false,"_monsterinsights_sitenote_active":false,"_monsterinsights_sitenote_note":"","_monsterinsights_sitenote_category":0,"footnotes":""},"categories":[13,8,31],"tags":[139,113],"class_list":{"0":"post-37326","1":"post","2":"type-post","3":"status-publish","4":"format-standard","5":"has-post-thumbnail","7":"category-arbitragem","8":"category-voleibol","9":"category-voleitv","10":"tag-epoca-2024-2025","11":"tag-liga-solverde-pt","12":"czr-hentry"},"aioseo_notices":[],"_links":{"self":[{"href":"https:\/\/fpvoleibol.pt\/fpv\/wp-json\/wp\/v2\/posts\/37326","targetHints":{"allow":["GET"]}}],"collection":[{"href":"https:\/\/fpvoleibol.pt\/fpv\/wp-json\/wp\/v2\/posts"}],"about":[{"href":"https:\/\/fpvoleibol.pt\/fpv\/wp-json\/wp\/v2\/types\/post"}],"author":[{"embeddable":true,"href":"https:\/\/fpvoleibol.pt\/fpv\/wp-json\/wp\/v2\/users\/2"}],"replies":[{"embeddable":true,"href":"https:\/\/fpvoleibol.pt\/fpv\/wp-json\/wp\/v2\/comments?post=37326"}],"version-history":[{"count":3,"href":"https:\/\/fpvoleibol.pt\/fpv\/wp-json\/wp\/v2\/posts\/37326\/revisions"}],"predecessor-version":[{"id":37331,"href":"https:\/\/fpvoleibol.pt\/fpv\/wp-json\/wp\/v2\/posts\/37326\/revisions\/37331"}],"wp:featuredmedia":[{"embeddable":true,"href":"https:\/\/fpvoleibol.pt\/fpv\/wp-json\/wp\/v2\/media\/37330"}],"wp:attachment":[{"href":"https:\/\/fpvoleibol.pt\/fpv\/wp-json\/wp\/v2\/media?parent=37326"}],"wp:term":[{"taxonomy":"category","embeddable":true,"href":"https:\/\/fpvoleibol.pt\/fpv\/wp-json\/wp\/v2\/categories?post=37326"},{"taxonomy":"post_tag","embeddable":true,"href":"https:\/\/fpvoleibol.pt\/fpv\/wp-json\/wp\/v2\/tags?post=37326"}],"curies":[{"name":"wp","href":"https:\/\/api.w.org\/{rel}","templated":true}]}}