{"id":3732,"date":"2021-03-05T21:42:25","date_gmt":"2021-03-05T20:42:25","guid":{"rendered":"https:\/\/fpvoleibol.pt\/fpv\/?p=3732"},"modified":"2021-03-06T11:47:41","modified_gmt":"2021-03-06T10:47:41","slug":"taca-de-portugal-sl-benfica-e-leixoes-sc-nas-meias-finais","status":"publish","type":"post","link":"https:\/\/fpvoleibol.pt\/fpv\/2021\/03\/05\/taca-de-portugal-sl-benfica-e-leixoes-sc-nas-meias-finais\/","title":{"rendered":"TA\u00c7A DE PORTUGAL: SL BENFICA E LEIX\u00d5ES SC NAS MEIAS-FINAIS"},"content":{"rendered":"<p><img loading=\"lazy\" decoding=\"async\" class=\"alignnone size-full wp-image-3763\" src=\"https:\/\/fpvoleibol.pt\/fpv\/wp-content\/uploads\/2021\/03\/slbxaasm.jpg\" alt=\"\" width=\"960\" height=\"598\" srcset=\"https:\/\/fpvoleibol.pt\/fpv\/wp-content\/uploads\/2021\/03\/slbxaasm.jpg 960w, https:\/\/fpvoleibol.pt\/fpv\/wp-content\/uploads\/2021\/03\/slbxaasm-300x187.jpg 300w, https:\/\/fpvoleibol.pt\/fpv\/wp-content\/uploads\/2021\/03\/slbxaasm-768x478.jpg 768w\" sizes=\"auto, (max-width: 960px) 100vw, 960px\" \/><\/p>\n<p style=\"text-align: right;\"><strong>Fotos: Jorge Cabral<\/strong><\/p>\n<p style=\"text-align: center;\"><strong><a href=\"https:\/\/fpvoleibol.pt\/fpv\/wp-content\/uploads\/2021\/03\/SLB-x-AASM.pdf\"><span style=\"float: none; background-color: #ffffff; color: #333333; cursor: text; font-family: Georgia, 'Times New Roman', 'Bitstream Charter', Times, serif; font-size: 16px; font-style: normal; font-variant: normal; letter-spacing: normal; orphans: 2; text-align: left; text-decoration: none; text-indent: 0px; text-transform: none; -webkit-text-stroke-width: 0px; white-space: normal; word-spacing: 0px; display: inline !important;\">AAS Mamede x SL Benfica, no Pav. GC Santo Tirso, 0-3 (14-25, 15-25 e 15-25)<\/span><\/a><\/strong><\/p>\n<p><strong>1.\u00ba Set<\/strong><br \/>\nJogo entre duas forma\u00e7\u00f5es que se conhecem bem e que lutam por diferentes objectivos no Campeonato Nacional. Consciente disso, a jovem equipa da AA S. Mamede apresentou-se com uma estrat\u00e9gia bem definida e tentou pressionar o oponente no servi\u00e7o e ataque e o certo \u00e9 que entrou bem no jogo (2-1, 3-3).<br \/>\nDepois, o SL Benfica acertou o seu bloco, intensificou a agressividade no ataque\u00a0 e passou a comandar o marcador (7-4, 8-5), obrigando Miguel Soares a reunir com os seus pupilos.<br \/>\nA efic\u00e1cia no <strong>servi\u00e7o<\/strong> e ataque benfiquistas, onde imperavam Raphael Oliveira e Th\u00e9o Lopes, ditavam a diferen\u00e7a (14-7), embora Sebasti\u00e3o Alves, Leandro Bitello e Ivo Aniceto procurassem lutar contra a mar\u00e9 nas ac\u00e7\u00f5es junto \u00e0 rede.<br \/>\nDois servi\u00e7os do capit\u00e3o Sebasti\u00e3o Alves ainda tentaram aproximar (19-12) a AA S. Mamede, mas Th\u00e9o respondeu \u00e0 altura (22-12), abrindo alas ao triunfo por 25-14.<\/p>\n<p><strong>2.\u00ba Set<\/strong><br \/>\nCom Tiago Violas no servi\u00e7o, a equipa da Luz chegou aos 6-1, motivando um pedido de tempo por parte da AA S. Mamede. Contudo, novo servi\u00e7o (quase) directo do distribuidor encarnado avolumou a diferen\u00e7a (8-1).<br \/>\nViolas continuou a fazer <em>mossas<\/em> na defesa advers\u00e1ria com as suas combina\u00e7\u00f5es de ataque, mas Miguel Pimp\u00e3o, Sebasti\u00e3o e <em>companhia<\/em> n\u00e3o viravam a cara \u00e0 luta e procuravam recuperar terreno no marcador.<br \/>\nContudo, o SL Benfica emanava confian\u00e7a e, com dois pontos (bloco e ataque) do austr\u00edaco Peter Wohlfahrstatter, e um ataque do capit\u00e3o Hugo Gaspar, selou novo triunfo: 25-15.<\/p>\n<p><strong>3.\u00ba Set<\/strong><br \/>\nA AA S. Mamede entrou bem no terceiro parcial (2-0, 4-2), com dois blocos a estabelecerem a diferen\u00e7a.<br \/>\nDois pontos concretizados por Ivo Aniceto (bloco e ataque), galvanizaram a AA S. Mamede (9-4).<br \/>\nO SL Benfica chegou \u00e0 igualdade aos 10 pontos e logo tomou em m\u00e3os as r\u00e9deas do jogo (14-11), n\u00e3o as largando at\u00e9 aos 25-15 finais.<\/p>\n<p>Sebasti\u00e3o Alves, Hugo Gaspar e Peter Wohlfahrstatter, todos com 9 pontos, foram os melhores pontuadores do jogo.<\/p>\n<p><strong>No final do jogo, Marcel Matz, treinador do SL Benfica salientou<\/strong>:<br \/>\n&#8220;<em>Foi um jogo entre duas equipas com objectivos diferentes.\u00a0 A equipa da AA S. Mamede \u00e9 muito jovem e n\u00e3o est\u00e1 t\u00e3o forte como em anos anteriores. Temos de ser pragm\u00e1ticos: foi uma etapa que passou e ainda faltam mais algumas para atingirmos a nossa meta.<\/em><br \/>\n<em>Se encontrarmos a AJF Bastardo na meia-final vai ser um jogo como os outros: sempre dif\u00edcil. Eles est\u00e3o a jogar bem e fisicamente encontram-se mesmo muito bem. \u00c9 um advers\u00e1rio com os mesmos objectivos que os nossos, tanto na Ta\u00e7a como no Campeonato e isso diz bem do equil\u00edbrio<\/em>&#8220;.<\/p>\n<p><strong>Miguel Soares, Treinador da AA S. Mamede<\/strong>:<br \/>\n&#8220;<em>Cont\u00e1vamos fazer um jogo bem melhor. A nossa ideia era n\u00e3o errar e obrigar o SL Benfica a cometer erros. S\u00f3 assim poder\u00edamos equilibrar o jogo. N\u00e3o conseguimos cumprir essa estrat\u00e9gia e facilit\u00e1mos a vida ao nosso advers\u00e1rio<\/em>&#8220;.<\/p>\n<p>Mais informa\u00e7\u00f5es sobre este jogo: <a href=\"https:\/\/fpvoleibol.pt\/fpv\/wp-content\/uploads\/2021\/03\/SLB-x-AASM.pdf\">estat\u00edstica aqui<\/a><\/p>\n<p><img loading=\"lazy\" decoding=\"async\" class=\"alignnone size-full wp-image-3762\" src=\"https:\/\/fpvoleibol.pt\/fpv\/wp-content\/uploads\/2021\/03\/lscxvcv.jpg\" alt=\"\" width=\"960\" height=\"640\" srcset=\"https:\/\/fpvoleibol.pt\/fpv\/wp-content\/uploads\/2021\/03\/lscxvcv.jpg 960w, https:\/\/fpvoleibol.pt\/fpv\/wp-content\/uploads\/2021\/03\/lscxvcv-300x200.jpg 300w, https:\/\/fpvoleibol.pt\/fpv\/wp-content\/uploads\/2021\/03\/lscxvcv-768x512.jpg 768w\" sizes=\"auto, (max-width: 960px) 100vw, 960px\" \/><\/p>\n<p>No outro jogo disputado de tarde, o Leix\u00f5es SC derrotou o VC Viana\/Casa Peixoto pela margem m\u00e1xima e apurou-se para as meias-finais.<\/p>\n<p style=\"text-align: center;\"><strong>C Viana\/Casa Peixoto x Leix\u00f5es SC, no Pav. Mun. Santo Tirso, 0-3 (19-25, 18-25 e 19-25)<\/strong><\/p>\n<p>Informa\u00e7\u00f5es sobre este jogo: <a href=\"https:\/\/fpvoleibol.pt\/fpv\/wp-content\/uploads\/2021\/03\/Match-report-LSC-x-VCV.pdf\">estat\u00edstica aqui<\/a> e <a href=\"https:\/\/youtu.be\/oOIltEHW75U\">declara\u00e7\u00f5es aqui<\/a><\/p>\n<p style=\"text-align: center;\">&#8212;&#8212;&#8212;&#8212;&#8212;&#8212;&#8211;<\/p>\n<p class=\"descricaonoticia\" align=\"justify\">A <strong>pandemia de Covid-19<\/strong> obrigou a que fossem\u00a0<a href=\"http:\/\/www.fpvoleibol.pt\/regulamentos\/reg_retoma_competicoes.pdf\" target=\"_blank\" rel=\"noopener noreferrer\">aplicadas medidas que limitam<\/a>\u00a0o n\u00famero de pessoas presentes em eventos desportivos e condicionou o contacto entre os representantes da Comunica\u00e7\u00e3o Social e o Departamento de Informa\u00e7\u00e3o da FPV.<\/p>\n<p class=\"descricaonoticia\" align=\"justify\">Assim, e no sentido de facilitar o trabalho dos jornalistas na cobertura da <strong>Ta\u00e7a de Portugal 2021 de seniores masculinos<\/strong>, disponibilizamos aqui informa\u00e7\u00f5es mais detalhadas sobre as equipas em competi\u00e7\u00e3o, que poder\u00e1 ser seguida atrav\u00e9s do(s) site(s) <a href=\"https:\/\/fpv-web.dataproject.com\/MainHome.aspx\">https:\/\/fpv-web.dataproject.com\/MainHome.aspx<\/a> \/ <a href=\"https:\/\/fpvoleibol.pt\/fpv\/competicoes\/taca-de-portugal-2021\/\">https:\/\/fpvoleibol.pt\/fpv\/competicoes\/taca-de-portugal-2021<\/a>\/ \/ na <strong><a href=\"https:\/\/www.volei.tv\/\">Volei TV<\/a><\/strong> (Sexta-feira: jogos no Pav. Mun. Santo Tirso) e na <strong>Sport TV<\/strong> (S\u00e1bado e Domingo).<\/p>\n<p class=\"descricaonoticia\" align=\"justify\"><span class=\"auto-style2\">Regulamento para a Retoma da Pr\u00e1tica Competitiva<\/span>\u00a0<a href=\"https:\/\/www.fpvoleibol.pt\/regulamentos\/reg_retoma_competicoes.pdf\" target=\"_blank\" rel=\"noopener noreferrer\">aqui<\/a><\/p>\n<p class=\"descricaonoticia\" align=\"justify\"><span class=\"auto-style2\">Parte mais espec\u00edfica para jornalistas<\/span><a href=\"http:\/\/www.fpvoleibol.pt\/regulamentos\/reg_retoma_competicoes.pdf\" target=\"_blank\" rel=\"noopener noreferrer\">\u00a0aqui<\/a><\/p>\n<p class=\"descricaonoticia\" align=\"justify\">A acredita\u00e7\u00e3o dos jornalistas que solicitaram credenciais \u00e9 efectuada \u00e0 entrada para o pavilh\u00e3o.<\/p>\n<p class=\"auto-style1\" style=\"text-align: center;\"><strong><a href=\"https:\/\/www.fpvoleibol.pt\/noticias\/2020\/Vencedores_da_Supertaca_v.pdf\" target=\"_blank\" rel=\"noopener noreferrer\">Ta\u00e7a de masculinos &#8211; Final 8<\/a> (plant\u00e9is &#8211; detalhados)<\/strong><\/p>\n<p class=\"descricaonoticia\" style=\"text-align: center;\" align=\"justify\"><a href=\"https:\/\/fpvoleibol.pt\/fpv\/wp-content\/uploads\/2021\/03\/TP2021_M_AASM.pdf\" target=\"_blank\" rel=\"noopener noreferrer\">AA S. Mamede<\/a>\u00a0\/<a href=\"https:\/\/fpvoleibol.pt\/fpv\/wp-content\/uploads\/2021\/03\/TP2021_M_SLB.pdf\" target=\"_blank\" rel=\"noopener noreferrer\">\u00a0SL Benfica<\/a> \/\u00a0<a href=\"https:\/\/fpvoleibol.pt\/fpv\/wp-content\/uploads\/2021\/03\/TP2021_M_AAE.pdf\" target=\"_blank\" rel=\"noopener noreferrer\">AA Espinho<\/a>\u00a0\/\u00a0<a href=\"https:\/\/fpvoleibol.pt\/fpv\/wp-content\/uploads\/2021\/03\/TP2021_M_LSC.pdf\" target=\"_blank\" rel=\"noopener noreferrer\">Leix\u00f5es SC<\/a>\u00a0\/<br \/>\n<a href=\"https:\/\/fpvoleibol.pt\/fpv\/wp-content\/uploads\/2021\/03\/TP2021_M_AJFB.pdf\" target=\"_blank\" rel=\"noopener noreferrer\">AJF Bastardo<\/a>\u00a0\/<a href=\"https:\/\/fpvoleibol.pt\/fpv\/wp-content\/uploads\/2021\/03\/TP2021_M_SCP.pdf\" target=\"_blank\" rel=\"noopener noreferrer\">\u00a0Sporting CP<\/a> \/ <a href=\"https:\/\/fpvoleibol.pt\/fpv\/wp-content\/uploads\/2021\/03\/TP2021_M_VCV.pdf\">Viana VC<\/a> \/ <a href=\"https:\/\/fpvoleibol.pt\/fpv\/wp-content\/uploads\/2021\/03\/TP2021_M_SCC.pdf\">SC Caldas<\/a><\/p>\n<p><img loading=\"lazy\" decoding=\"async\" class=\"alignnone size-full wp-image-2166\" src=\"https:\/\/fpvoleibol.pt\/fpv\/wp-content\/uploads\/2020\/11\/TV_transmissoes_NEWS_Ngd.jpg\" alt=\"\" width=\"960\" height=\"540\" srcset=\"https:\/\/fpvoleibol.pt\/fpv\/wp-content\/uploads\/2020\/11\/TV_transmissoes_NEWS_Ngd.jpg 960w, https:\/\/fpvoleibol.pt\/fpv\/wp-content\/uploads\/2020\/11\/TV_transmissoes_NEWS_Ngd-300x169.jpg 300w, https:\/\/fpvoleibol.pt\/fpv\/wp-content\/uploads\/2020\/11\/TV_transmissoes_NEWS_Ngd-768x432.jpg 768w, https:\/\/fpvoleibol.pt\/fpv\/wp-content\/uploads\/2020\/11\/TV_transmissoes_NEWS_Ngd-528x297.jpg 528w\" sizes=\"auto, (max-width: 960px) 100vw, 960px\" \/><\/p>\n<p class=\"descricaonoticia\" style=\"text-align: left;\" align=\"justify\">A\u00a0<span style=\"text-decoration: underline;\">Sport TV<\/span> vai transmitir em directo os jogos das meias-finais e da final da <strong>Ta\u00e7a de Portugal de seniores masculinos<\/strong> amanh\u00e3 e domingo (<span style=\"text-decoration: underline;\">6 e 7 de Mar\u00e7o) no Pavilh\u00e3o Municipal de Santo Tirso<\/span>, numa organiza\u00e7\u00e3o da Federa\u00e7\u00e3o Portuguesa de Voleibol em colabora\u00e7\u00e3o com a <a href=\"https:\/\/www.cm-stirso.pt\/\">C\u00e2mara Municipal de Santo Tirso<\/a>.<br \/>\nA <strong>Final da Ta\u00e7a de Portugal ser\u00e1 disputada pelas 16h00 do dia 7 de Mar\u00e7o<\/strong> no Pavilh\u00e3o Municipal de Santo Tirso.<\/p>\n<p><span style=\"text-decoration: underline;\"><strong>6 de Mar\u00e7o (s\u00e1bado) &#8211; Pav. Municipal de Santo Tirso<\/strong><\/span><\/p>\n<p><strong>Jogo N.\u00ba 1210<\/strong> &#8211; Leix\u00f5es SC x Vencedor AA Espinho x Sporting CP (15h00) \u2013 em directo na <strong>Sport TV<\/strong><br \/>\n<strong>Jogo N.\u00ba 1211<\/strong> &#8211; SL Benfica x Vencedor SC Caldas x AJF Bastardo (18h00) \u2013 em directo na <strong>Sport TV<\/strong><\/p>\n<p><span style=\"text-decoration: underline;\"><strong>7 de Mar\u00e7o (domingo) &#8211; Pav. Municipal de Santo Tirso<\/strong><\/span><br \/>\n<strong>16h00<\/strong> &#8211; Final\u00a0 \u2013 em directo na <strong>Sport TV<\/strong><\/p>\n<p><strong>Resultados dos oitavos-de-final\u00a0<\/strong><\/p>\n<p><span class=\"fontstyle0\">SC Espinho x <strong>SL Benfica,<\/strong> 0-3 (20-25, 18-25 e 17-25)<br \/>\nC. Condeixa x <strong>VC Viana\/Casa Peixoto<\/strong>, 0-3 (19-25, 16-25e 18-25)<br \/>\n<strong>AA S. Mamede<\/strong> x CN Gin\u00e1stica, 3-0 (25-18, 26-24 e 25-23)<br \/>\nCast\u00ealo da Maia GC x <strong>Leix\u00f5es SC,<\/strong> 1-3 (26\/28, 25\/27, 25\/22 e 18\/25)<br \/>\nVit\u00f3ria SC x <strong>Sporting CP<\/strong>, 0-3 (20-25, 20-25 e 20-25)<br \/>\n<\/span><span class=\"fontstyle0\">Esmoriz GC x <strong>AJ Fonte do Bastardo<\/strong>, 1-3 (25-23, 20-25, 22-25 e 16-25)<br \/>\nAla Nun&#8217;\u00c1lvares de Gondomar x <strong>SC Caldas<\/strong>, 1-3 (25-19, 17-25, 21-25 e 17-25)<br \/>\n<\/span><span class=\"fontstyle0\"><strong>AA Espinho<\/strong> x CS Mar\u00edtimo**<br \/>\n<\/span><strong><span style=\"font-size: 8pt;\">** N\u00e3o se realizou: apurada a AA Espinho (decis\u00e3o em 11.02.2021)<\/span><\/strong><\/p>\n<p><strong>Todos os resultados<\/strong> em <a href=\"https:\/\/fpv-web.dataproject.com\/MainHome.aspx\">https:\/\/fpv-web.dataproject.com\/MainHome.aspx<\/a> \/ Hist\u00f3rico <a href=\"https:\/\/fpvoleibol.pt\/fpv\/menu-voleibol\/historico-taca-de-portugal\/\">aqui<\/a><\/p>\n<p>Em 2020 n\u00e3o houve <a href=\"https:\/\/fpvoleibol.pt\/fpv\/menu-voleibol\/historico-taca-de-portugal\/\">vencedor da Ta\u00e7a de Portugal<\/a>, devido \u00e0 pandemia de COVID-19 (ver <a href=\"http:\/\/www.fpvoleibol.pt\/noticias\/2020\/20200213-1514_TPm_sort.html\">not\u00edcia<\/a>), mas em 2019, a equipa de seniores masculinos do SL Benfica ergueu o seu 18.\u00ba trof\u00e9u de vencedor da Ta\u00e7a de Portugal ao vencer, por 3-1 (26-28, 25-16,25-22 e 25-20), a AJ Fonte do Bastardo, na final disputada no Multiusos de Sines.<\/p>\n<p>O SL Benfica \u00e9 a equipa com mais t\u00edtulos conquistados (18) na prova, o primeiro em 1965\/1966 e o \u00faltimo em 2018\/2019, tendo erguido o trof\u00e9u por seis vezes nas \u00faltimas onze finais.<br \/>\nO SC Espinho \u00e9 o segundo clube com maior n\u00famero de ta\u00e7as (12). Foi o primeiro vencedor da competi\u00e7\u00e3o, em 1964\/1965, e det\u00e9m o recorde de maior n\u00famero de ta\u00e7as conquistadas consecutivamente (6), entre a \u00e9poca de 1995\/1996 e de 2000\/2001.<\/p>\n<p><strong>Em 55 edi\u00e7\u00f5es<\/strong>: SL Benfica (18), SC Espinho (12), C. Maia GC e FC Porto (6), Leix\u00f5es SC (5), Sporting CP (3) e AJF Bastardo, Vit\u00f3ria SC, Esmoriz GC, ISEF e IS T\u00e9cnico.<\/p>\n<p><span style=\"text-decoration: underline;\"><strong>Resultados das \u00faltimas 13 finais<\/strong><\/span><br \/>\n2019 \u2013 SL Benfica x AJF Bastardo, 3-1<br \/>\n2018 \u2013 SL Benfica x Cast\u00ealo da Maia GC, 3-1<br \/>\n2017 \u2013 SC Espinho x SL Benfica, 3-0<br \/>\n2016 \u2013 SL Benfica x AJF Bastardo, 3-1<br \/>\n2015 \u2013 SL Benfica x SC Espinho, 3-0<br \/>\n2104 \u2013 Castelo da Maia GC x AJF Bastardo, 3-2<br \/>\n2013 \u2013 AJF Bastardo x Vit\u00f3ria SC, 3-0<br \/>\n2012 \u2013 SL Benfica x AA Espinho, 3-1<br \/>\n2011 \u2013 SL Benfica x SC Espinho, 3-0<br \/>\n2010 \u2013 Castelo da Maia GC x SL Benfica, 3-1<br \/>\n2009 \u2013 Vit\u00f3ria SC x SC Espinho, 3-2<br \/>\n2008 \u2013 SC Espinho x Vit\u00f3ria SC, 3-0<br \/>\n2007 \u2013 SL Benfica x Castelo da Maia GC, 3-0<\/p>\n","protected":false},"excerpt":{"rendered":"<p>Fotos: Jorge Cabral AAS Mamede x SL Benfica, no Pav. GC Santo Tirso, 0-3 (14-25, 15-25 e 15-25) 1.\u00ba Set Jogo entre duas forma\u00e7\u00f5es que se conhecem bem e que [&hellip;]<\/p>\n","protected":false},"author":2,"featured_media":3761,"comment_status":"open","ping_status":"open","sticky":false,"template":"","format":"standard","meta":{"_monsterinsights_skip_tracking":false,"_monsterinsights_sitenote_active":false,"_monsterinsights_sitenote_note":"","_monsterinsights_sitenote_category":0,"footnotes":""},"categories":[20,8],"tags":[],"class_list":{"0":"post-3732","1":"post","2":"type-post","3":"status-publish","4":"format-standard","5":"has-post-thumbnail","7":"category-destaque","8":"category-voleibol","9":"czr-hentry"},"aioseo_notices":[],"_links":{"self":[{"href":"https:\/\/fpvoleibol.pt\/fpv\/wp-json\/wp\/v2\/posts\/3732","targetHints":{"allow":["GET"]}}],"collection":[{"href":"https:\/\/fpvoleibol.pt\/fpv\/wp-json\/wp\/v2\/posts"}],"about":[{"href":"https:\/\/fpvoleibol.pt\/fpv\/wp-json\/wp\/v2\/types\/post"}],"author":[{"embeddable":true,"href":"https:\/\/fpvoleibol.pt\/fpv\/wp-json\/wp\/v2\/users\/2"}],"replies":[{"embeddable":true,"href":"https:\/\/fpvoleibol.pt\/fpv\/wp-json\/wp\/v2\/comments?post=3732"}],"version-history":[{"count":31,"href":"https:\/\/fpvoleibol.pt\/fpv\/wp-json\/wp\/v2\/posts\/3732\/revisions"}],"predecessor-version":[{"id":3806,"href":"https:\/\/fpvoleibol.pt\/fpv\/wp-json\/wp\/v2\/posts\/3732\/revisions\/3806"}],"wp:featuredmedia":[{"embeddable":true,"href":"https:\/\/fpvoleibol.pt\/fpv\/wp-json\/wp\/v2\/media\/3761"}],"wp:attachment":[{"href":"https:\/\/fpvoleibol.pt\/fpv\/wp-json\/wp\/v2\/media?parent=3732"}],"wp:term":[{"taxonomy":"category","embeddable":true,"href":"https:\/\/fpvoleibol.pt\/fpv\/wp-json\/wp\/v2\/categories?post=3732"},{"taxonomy":"post_tag","embeddable":true,"href":"https:\/\/fpvoleibol.pt\/fpv\/wp-json\/wp\/v2\/tags?post=3732"}],"curies":[{"name":"wp","href":"https:\/\/api.w.org\/{rel}","templated":true}]}}