{"id":37184,"date":"2024-12-11T10:09:52","date_gmt":"2024-12-11T10:09:52","guid":{"rendered":"https:\/\/fpvoleibol.pt\/fpv\/?p=37184"},"modified":"2024-12-11T11:08:50","modified_gmt":"2024-12-11T11:08:50","slug":"viana-volley-cup-2024","status":"publish","type":"post","link":"https:\/\/fpvoleibol.pt\/fpv\/2024\/12\/11\/viana-volley-cup-2024\/","title":{"rendered":"VIANA VOLLEY CUP 2024"},"content":{"rendered":"<p><img loading=\"lazy\" decoding=\"async\" class=\"size-full wp-image-37194 aligncenter\" src=\"https:\/\/fpvoleibol.pt\/fpv\/wp-content\/uploads\/2024\/12\/vianavolleycup2024_d.jpg\" alt=\"\" width=\"960\" height=\"1176\" srcset=\"https:\/\/fpvoleibol.pt\/fpv\/wp-content\/uploads\/2024\/12\/vianavolleycup2024_d.jpg 960w, https:\/\/fpvoleibol.pt\/fpv\/wp-content\/uploads\/2024\/12\/vianavolleycup2024_d-245x300.jpg 245w, https:\/\/fpvoleibol.pt\/fpv\/wp-content\/uploads\/2024\/12\/vianavolleycup2024_d-836x1024.jpg 836w, https:\/\/fpvoleibol.pt\/fpv\/wp-content\/uploads\/2024\/12\/vianavolleycup2024_d-768x941.jpg 768w\" sizes=\"auto, (max-width: 960px) 100vw, 960px\" \/>A 13.\u00aa edi\u00e7\u00e3o do <a href=\"https:\/\/vcviana.com\/vianacup2023\/?fbclid=IwAR1RjhzQ373D3DWIThOH9Oj70Ov7lZ29pgxGzG9FailFciUeF7DX3ctZSnA\">Viana Volley Cup<\/a> realiza-se de 26 a 29 de Dezembro em Viana do Castelo.<\/p>\n<p>Organizado pelo Voleibol Clube de Viana e homologado pela Federa\u00e7\u00e3o Portuguesa de Voleibol, o torneio ser\u00e1 disputado em v\u00e1rios pavilh\u00f5es vianenses. Ver mais informa\u00e7\u00f5es <a href=\"https:\/\/www.vcviana.com\/vianacup2024\/\">AQUI<\/a><\/p>\n<p style=\"text-align: center;\"><span style=\"background-color: #000000; color: #ffffff;\"><strong>PROGRAMA<\/strong><\/span><\/p>\n<p style=\"text-align: center;\"><span style=\"background-color: #000000; color: #ffffff;\">Recep\u00e7\u00e3o e Abertura<\/span><br \/>\n<span style=\"text-decoration: underline;\">26 de Dezembro 2024<\/span><\/p>\n<p style=\"text-align: center;\">16h30\/20h00 \u2013 Recep\u00e7\u00e3o das equipas e acredita\u00e7\u00f5es.<br \/>\n19h30\/21h30 \u2013 Jantar.<br \/>\n22h30 \u2013 Cerim\u00f3nia de Abertura.<br \/>\n<span style=\"text-decoration: underline;\">Local<\/span>: Centro Cultural de Viana do Castelo.<\/p>\n<p style=\"text-align: center;\"><span style=\"background-color: #000000; color: #ffffff;\">1.\u00ba Dia de Competi\u00e7\u00e3o<\/span><br \/>\n<span style=\"text-decoration: underline;\">27 de Dezembro 2024<\/span><\/p>\n<p style=\"text-align: center;\">9h00 \u2013 In\u00edcio dos jogos.<br \/>\n22h00 \u2013 Fim dos jogos.<br \/>\n<span style=\"text-decoration: underline;\">Locais<\/span>:<br \/>\nPavilh\u00e3o Municipal do Atl\u00e2ntico<br \/>\nPavilh\u00e3o Municipal de Santa Maria Maior<br \/>\nPavilh\u00e3o da Frei Bartolomeu dos M\u00e1rtires<br \/>\nPavilh\u00e3o Esc. Secund\u00e1ria de Monserrate<\/p>\n<p style=\"text-align: center;\"><span style=\"background-color: #000000; color: #ffffff;\">2.\u00ba Dia de Competi\u00e7\u00e3o<\/span><br \/>\n<span style=\"text-decoration: underline;\">28 de Dezembro 2024<\/span><\/p>\n<p style=\"text-align: center;\">9h00 \u2013 In\u00edcio dos jogos.<br \/>\n22h00 \u2013 Fim dos jogos.<br \/>\n<span style=\"text-decoration: underline;\">Locais<\/span>:<br \/>\nPavilh\u00e3o Municipal do Atl\u00e2ntico<br \/>\nPavilh\u00e3o Municipal de Santa Maria Maior<br \/>\nPavilh\u00e3o da Frei Bartolomeu dos M\u00e1rtires<br \/>\nPavilh\u00e3o Esc. Secund\u00e1ria de Monserrate<\/p>\n<p style=\"text-align: center;\"><span style=\"background-color: #000000; color: #ffffff;\">3.\u00ba Dia de Competi\u00e7\u00e3o, Final e Encerramento<\/span><br \/>\n<span style=\"text-decoration: underline;\">29 de Dezembro 2024<\/span><\/p>\n<p style=\"text-align: center;\">9h00 \u2013 In\u00edcio dos jogos.<br \/>\n17h00 \u2013 Jogo da Final.<br \/>\n<span style=\"text-decoration: underline;\">Cerim\u00f3nia de Encerramento e Entrega de Pr\u00e9mios.<\/span><\/p>\n<p style=\"text-align: center;\"><strong>Clubes inscritos<\/strong>: VC Viana, ADC Perre, AD Esposende, AE Henrique Nogueira Voleibol, CAR Taipense, CJ Salesiano Arouca, Col\u00e9gio Pedro Arrupe, Club Vigo Voleibol, Esmoriz GC, CVAE Madeira Torres, PV 2014\/Col\u00e9gio Efanor, SC Arcozelo, SC Braga, Sintra V\u00f3lei, Cascais Volley4All, AE Amares, AD Penafiel, Boavista FC, GDS Cascais, SL Benfica, VC Braga, AA Espinho, Ala de Nun&#8217;\u00c1lvares de Gondomar, CA Madalena, CNS Lourdes, MG V\u00f3lei Clube, CD Monserrate, Sporting CP e GC Vilacondense.<\/p>\n","protected":false},"excerpt":{"rendered":"<p>A 13.\u00aa edi\u00e7\u00e3o do Viana Volley Cup realiza-se de 26 a 29 de Dezembro em Viana do Castelo. Organizado pelo Voleibol Clube de Viana e homologado pela Federa\u00e7\u00e3o Portuguesa de [&hellip;]<\/p>\n","protected":false},"author":2,"featured_media":37193,"comment_status":"open","ping_status":"open","sticky":false,"template":"","format":"standard","meta":{"_monsterinsights_skip_tracking":false,"_monsterinsights_sitenote_active":false,"_monsterinsights_sitenote_note":"","_monsterinsights_sitenote_category":0,"footnotes":""},"categories":[15,8],"tags":[],"class_list":{"0":"post-37184","1":"post","2":"type-post","3":"status-publish","4":"format-standard","5":"has-post-thumbnail","7":"category-diversos","8":"category-voleibol","9":"czr-hentry"},"aioseo_notices":[],"_links":{"self":[{"href":"https:\/\/fpvoleibol.pt\/fpv\/wp-json\/wp\/v2\/posts\/37184","targetHints":{"allow":["GET"]}}],"collection":[{"href":"https:\/\/fpvoleibol.pt\/fpv\/wp-json\/wp\/v2\/posts"}],"about":[{"href":"https:\/\/fpvoleibol.pt\/fpv\/wp-json\/wp\/v2\/types\/post"}],"author":[{"embeddable":true,"href":"https:\/\/fpvoleibol.pt\/fpv\/wp-json\/wp\/v2\/users\/2"}],"replies":[{"embeddable":true,"href":"https:\/\/fpvoleibol.pt\/fpv\/wp-json\/wp\/v2\/comments?post=37184"}],"version-history":[{"count":6,"href":"https:\/\/fpvoleibol.pt\/fpv\/wp-json\/wp\/v2\/posts\/37184\/revisions"}],"predecessor-version":[{"id":37204,"href":"https:\/\/fpvoleibol.pt\/fpv\/wp-json\/wp\/v2\/posts\/37184\/revisions\/37204"}],"wp:featuredmedia":[{"embeddable":true,"href":"https:\/\/fpvoleibol.pt\/fpv\/wp-json\/wp\/v2\/media\/37193"}],"wp:attachment":[{"href":"https:\/\/fpvoleibol.pt\/fpv\/wp-json\/wp\/v2\/media?parent=37184"}],"wp:term":[{"taxonomy":"category","embeddable":true,"href":"https:\/\/fpvoleibol.pt\/fpv\/wp-json\/wp\/v2\/categories?post=37184"},{"taxonomy":"post_tag","embeddable":true,"href":"https:\/\/fpvoleibol.pt\/fpv\/wp-json\/wp\/v2\/tags?post=37184"}],"curies":[{"name":"wp","href":"https:\/\/api.w.org\/{rel}","templated":true}]}}