{"id":3714,"date":"2021-03-04T18:03:05","date_gmt":"2021-03-04T17:03:05","guid":{"rendered":"https:\/\/fpvoleibol.pt\/fpv\/?p=3714"},"modified":"2021-03-04T18:03:05","modified_gmt":"2021-03-04T17:03:05","slug":"play-offs-da-i-divisao-femininos","status":"publish","type":"post","link":"https:\/\/fpvoleibol.pt\/fpv\/2021\/03\/04\/play-offs-da-i-divisao-femininos\/","title":{"rendered":"PLAY-OFFS DA I DIVIS\u00c3O &#8211; FEMININOS"},"content":{"rendered":"<p><img loading=\"lazy\" decoding=\"async\" class=\"alignnone size-large wp-image-2010\" src=\"https:\/\/fpvoleibol.pt\/fpv\/wp-content\/uploads\/2020\/10\/noticia_cn_2021c_12-1024x576.jpg\" alt=\"\" width=\"1024\" height=\"576\" \/><\/p>\n<p>Jogos dos Play-offs da 2.\u00aa Fase da I Divis\u00e3o Elite e da Ta\u00e7a Federa\u00e7\u00e3o, seniores femininos. Ver regulamento <a href=\"http:\/\/www.fpvoleibol.pt\/regulamentos\/reg_esc_seniores_.pdf\">aqui<\/a><\/p>\n<p style=\"text-align: center;\"><span style=\"text-decoration: underline;\"><strong>Campeonato Nacional de Seniores Femininos &#8211; I Divis\u00e3o Elite<\/strong><\/span><\/p>\n<p><strong>2.\u00aa FASE \u2013 DIVIS\u00c3O ELITE\u00a0 <\/strong><\/p>\n<p><strong>Play-Off #1 (1.\u00ba clas. \/ 4.\u00ba clas.)<\/strong><strong>\u00a0<\/strong><\/p>\n<table style=\"width: 100.283%; height: 144px;\" width=\"614\">\n<tbody>\n<tr style=\"height: 24px;\">\n<td style=\"width: 14.6193%; height: 24px;\" width=\"73\">n.\u00ba 1232<\/td>\n<td style=\"width: 31.2278%; height: 24px;\" width=\"184\">SL Benfica \/ AJM-FC Porto<\/td>\n<td style=\"width: 12.8194%; height: 24px;\" width=\"86\">17.03.2021<\/td>\n<td style=\"width: 8.55708%; height: 24px;\" width=\"61\">20H00<\/td>\n<td style=\"width: 66.3799%; height: 24px;\" width=\"211\">Pav. N.\u00ba 2 \u2013 Est\u00e1dio SLB<\/td>\n<\/tr>\n<tr style=\"height: 24px;\">\n<td style=\"width: 14.6193%; height: 24px;\" width=\"73\">n.\u00ba 1233<\/td>\n<td style=\"width: 31.2278%; height: 24px;\" width=\"184\">AJM-FC Porto \/ SL Benfica<\/td>\n<td style=\"width: 12.8194%; height: 24px;\" width=\"86\">20.03.2021<\/td>\n<td style=\"width: 8.55708%; height: 24px;\" width=\"61\">17H00<\/td>\n<td style=\"width: 66.3799%; height: 24px;\" width=\"211\">Pav. Centro Luso Venezolano<\/td>\n<\/tr>\n<tr style=\"height: 24px;\">\n<td style=\"width: 14.6193%; height: 24px;\" width=\"73\">n.\u00ba 1234<\/td>\n<td style=\"width: 31.2278%; height: 24px;\" width=\"184\">AJM-FC Porto\/ SL Benfica<\/td>\n<td style=\"width: 12.8194%; height: 24px;\" width=\"86\">21.03.2021<\/td>\n<td style=\"width: 8.55708%; height: 24px;\" width=\"61\">16H00<\/td>\n<td style=\"width: 66.3799%; height: 24px;\" width=\"211\">Pav. Centro Luso Venezolano<\/td>\n<\/tr>\n<tr style=\"height: 24px;\">\n<td style=\"width: 14.6193%; height: 24px;\" width=\"73\"><strong>\u00a0<\/strong><\/td>\n<td style=\"width: 31.2278%; height: 24px;\" width=\"184\"><strong>Se necess\u00e1rio:<\/strong><\/td>\n<td style=\"width: 12.8194%; height: 24px;\" width=\"86\"><\/td>\n<td style=\"width: 8.55708%; height: 24px;\" width=\"61\"><\/td>\n<td style=\"width: 66.3799%; height: 24px;\" width=\"211\"><\/td>\n<\/tr>\n<tr style=\"height: 24px;\">\n<td style=\"width: 14.6193%; height: 24px;\" width=\"73\">n.\u00ba 1235<\/td>\n<td style=\"width: 31.2278%; height: 24px;\" width=\"184\">SL Benfica \/ AJM-FC Porto<\/td>\n<td style=\"width: 12.8194%; height: 24px;\" width=\"86\">24.03.2021<\/td>\n<td style=\"width: 8.55708%; height: 24px;\" width=\"61\">20H00<\/td>\n<td style=\"width: 66.3799%; height: 24px;\" width=\"211\">Pav. N.\u00ba 2 \u2013 Est\u00e1dio SLB<\/td>\n<\/tr>\n<tr style=\"height: 24px;\">\n<td style=\"width: 14.6193%; height: 24px;\" width=\"73\">n.\u00ba 1236<\/td>\n<td style=\"width: 31.2278%; height: 24px;\" width=\"184\">AJM-FC Porto \/ SL Benfica<\/td>\n<td style=\"width: 12.8194%; height: 24px;\" width=\"86\">28.03.2021<\/td>\n<td style=\"width: 8.55708%; height: 24px;\" width=\"61\">16H00<\/td>\n<td style=\"width: 66.3799%; height: 24px;\" width=\"211\">Pav. Centro Luso Venezolano<\/td>\n<\/tr>\n<\/tbody>\n<\/table>\n<p><strong>2.\u00aa FASE \u2013 DIVIS\u00c3O ELITE\u00a0 <\/strong><\/p>\n<p><strong>Play-Off #2 (2.\u00ba clas. \/ 3.\u00ba clas.)<\/strong><strong>\u00a0<\/strong><\/p>\n<table style=\"width: 100.169%;\" width=\"614\">\n<tbody>\n<tr>\n<td style=\"width: 14.0606%;\" width=\"73\">n.\u00ba 1237<\/td>\n<td style=\"width: 32.0331%;\" width=\"163\">Leix\u00f5es SC \/ Sporting CP<\/td>\n<td style=\"width: 13.1374%;\" width=\"85\">17.03.2021<\/td>\n<td style=\"width: 8.60514%;\" width=\"66\">20H00<\/td>\n<td style=\"width: 65.2642%;\" width=\"227\">Nave Il\u00eddio Ramos \u2013 CDCM<\/td>\n<\/tr>\n<tr>\n<td style=\"width: 14.0606%;\" width=\"73\">n.\u00ba 1238<\/td>\n<td style=\"width: 32.0331%;\" width=\"163\">Sporting CP \/ Leix\u00f5es SC<\/td>\n<td style=\"width: 13.1374%;\" width=\"85\">20.03.2021<\/td>\n<td style=\"width: 8.60514%;\" width=\"66\">17H00<\/td>\n<td style=\"width: 65.2642%;\" width=\"227\">Pav. Jo\u00e3o Rocha \u2013 Lisboa<\/td>\n<\/tr>\n<tr>\n<td style=\"width: 14.0606%;\" width=\"73\">n.\u00ba 1239<\/td>\n<td style=\"width: 32.0331%;\" width=\"163\">Sporting CP \/ Leix\u00f5es SC<\/td>\n<td style=\"width: 13.1374%;\" width=\"85\">21.03.2021<\/td>\n<td style=\"width: 8.60514%;\" width=\"66\">16H00<\/td>\n<td style=\"width: 65.2642%;\" width=\"227\">Pav. Jo\u00e3o Rocha \u2013 Lisboa<\/td>\n<\/tr>\n<tr>\n<td style=\"width: 14.0606%;\" width=\"73\"><strong>\u00a0<\/strong><\/td>\n<td style=\"width: 32.0331%;\" width=\"163\"><strong>Se necess\u00e1rio:<\/strong><\/td>\n<td style=\"width: 13.1374%;\" width=\"85\"><\/td>\n<td style=\"width: 8.60514%;\" width=\"66\"><\/td>\n<td style=\"width: 65.2642%;\" width=\"227\"><\/td>\n<\/tr>\n<tr>\n<td style=\"width: 14.0606%;\" width=\"73\">n.\u00ba 1240<\/td>\n<td style=\"width: 32.0331%;\" width=\"163\">Leix\u00f5es SC \/ Sporting CP<\/td>\n<td style=\"width: 13.1374%;\" width=\"85\">24.03.2021<\/td>\n<td style=\"width: 8.60514%;\" width=\"66\">20H00<\/td>\n<td style=\"width: 65.2642%;\" width=\"227\">Nave Il\u00eddio Ramos \u2013 CDCM<\/td>\n<\/tr>\n<tr>\n<td style=\"width: 14.0606%;\" width=\"73\">n.\u00ba 1241<\/td>\n<td style=\"width: 32.0331%;\" width=\"163\">Sporting CP \/ Leix\u00f5es SC<\/td>\n<td style=\"width: 13.1374%;\" width=\"85\">28.03.2021<\/td>\n<td style=\"width: 8.60514%;\" width=\"66\">16H00<\/td>\n<td style=\"width: 65.2642%;\" width=\"227\">Pav. Jo\u00e3o Rocha \u2013 Lisboa<\/td>\n<\/tr>\n<\/tbody>\n<\/table>\n<p><strong>Hora oficial<\/strong><\/p>\n<p><strong><u>S\u00e1bado: 17H00 \u2013 op\u00e7\u00e3o clube visitado das 16H00 \u00e0s 18H00<\/u><\/strong><strong><u>\u00a0<\/u><\/strong><\/p>\n<p><strong><u>Domingo:\u00a0 16H00 \u2013 per\u00edodo op\u00e7\u00e3o das 15H00 \u00e0s 17H00<\/u><\/strong><strong><u>\u00a0<\/u><\/strong><\/p>\n<p><strong><u>Quarta-feira: 20H00 \u2013 per\u00edodo de op\u00e7\u00e3o das 19H00 \u00e0s 21H00<\/u><\/strong><\/p>\n<p style=\"text-align: center;\"><span style=\"text-decoration: underline;\"><strong>Campeonato Nacional de Seniores Femininos &#8211; Ta\u00e7a Federa\u00e7\u00e3o<\/strong><\/span><\/p>\n<p><strong>2.\u00aa FASE \u2013 TA\u00c7A FEDERA\u00c7\u00c3O\u00a0 <\/strong><\/p>\n<p><strong>Play-Off (5.\u00ba clas. \/ 8.\u00ba clas.)<\/strong><\/p>\n<table style=\"width: 99.1889%;\" width=\"614\">\n<tbody>\n<tr>\n<td style=\"width: 14.2065%;\" width=\"73\">n.\u00ba 1242<\/td>\n<td style=\"width: 29.5499%;\" width=\"191\">AVC Famalic\u00e3o \/ Clube K<\/td>\n<td style=\"width: 15.2014%;\" width=\"85\">13.03.2021<\/td>\n<td style=\"width: 8.25527%;\" width=\"66\">17H00<\/td>\n<td style=\"width: 65.4098%;\" width=\"198\">Pav. Municipal das Lameiras<\/td>\n<\/tr>\n<tr>\n<td style=\"width: 14.2065%;\" width=\"73\">n.\u00ba 1243<\/td>\n<td style=\"width: 29.5499%;\" width=\"191\">Clube K \/ AVC Famalic\u00e3o<\/td>\n<td style=\"width: 15.2014%;\" width=\"85\">20.03.2021<\/td>\n<td style=\"width: 8.25527%;\" width=\"66\">17H00<\/td>\n<td style=\"width: 65.4098%;\" width=\"198\">Pav. da Kair\u00f3s<\/td>\n<\/tr>\n<tr>\n<td style=\"width: 14.2065%;\" width=\"73\">n.\u00ba 1244<\/td>\n<td style=\"width: 29.5499%;\" width=\"191\">Clube K \/ AVC Famalic\u00e3o<\/td>\n<td style=\"width: 15.2014%;\" width=\"85\">21.03.2021<\/td>\n<td style=\"width: 8.25527%;\" width=\"66\">16H00<\/td>\n<td style=\"width: 65.4098%;\" width=\"198\">Pav. da Kair\u00f3s<\/td>\n<\/tr>\n<tr>\n<td style=\"width: 14.2065%;\" width=\"73\"><strong>\u00a0<\/strong><\/td>\n<td style=\"width: 29.5499%;\" width=\"191\"><strong>Se necess\u00e1rio:<\/strong><\/td>\n<td style=\"width: 15.2014%;\" width=\"85\"><\/td>\n<td style=\"width: 8.25527%;\" width=\"66\"><\/td>\n<td style=\"width: 65.4098%;\" width=\"198\"><\/td>\n<\/tr>\n<tr>\n<td style=\"width: 14.2065%;\" width=\"73\">n.\u00ba 1245<\/td>\n<td style=\"width: 29.5499%;\" width=\"191\">AVC Famalic\u00e3o \/ Clube K<\/td>\n<td style=\"width: 15.2014%;\" width=\"85\">24.03.2021<\/td>\n<td style=\"width: 8.25527%;\" width=\"66\">20H00<\/td>\n<td style=\"width: 65.4098%;\" width=\"198\">Pav. Municipal das Lameiras<\/td>\n<\/tr>\n<tr>\n<td style=\"width: 14.2065%;\" width=\"73\">n.\u00ba 1246<\/td>\n<td style=\"width: 29.5499%;\" width=\"191\">Clube K \/ AVC Famalic\u00e3o<\/td>\n<td style=\"width: 15.2014%;\" width=\"85\">28.03.2021<\/td>\n<td style=\"width: 8.25527%;\" width=\"66\">16H00<\/td>\n<td style=\"width: 65.4098%;\" width=\"198\">Pav. da Kair\u00f3s<\/td>\n<\/tr>\n<\/tbody>\n<\/table>\n<p><strong>2.\u00aa FASE \u2013 TA\u00c7A FEDERA\u00c7\u00c3O\u00a0 <\/strong><\/p>\n<p><strong>Play-Off #6 (6.\u00ba clas. \/ 7.\u00ba clas.)<\/strong><strong>\u00a0<\/strong><\/p>\n<table style=\"width: 99.671%;\" width=\"614\">\n<tbody>\n<tr>\n<td style=\"width: 15.5746%;\" width=\"73\">n.\u00ba 1247<\/td>\n<td style=\"width: 26.2978%;\" width=\"184\">CD Aves \/ PV2014<\/td>\n<td style=\"width: 12.9292%;\" width=\"86\">17.03.2021<\/td>\n<td style=\"width: 9.64016%;\" width=\"61\">20H00<\/td>\n<td style=\"width: 68.8368%;\" width=\"211\">Pav. CD Aves \u2013 Vila das Aves<\/td>\n<\/tr>\n<tr>\n<td style=\"width: 15.5746%;\" width=\"73\">n.\u00ba 1248<\/td>\n<td style=\"width: 26.2978%;\" width=\"184\">PV2014 \/ CD Aves<\/td>\n<td style=\"width: 12.9292%;\" width=\"86\">20.03.2021<\/td>\n<td style=\"width: 9.64016%;\" width=\"61\">17H00<\/td>\n<td style=\"width: 68.8368%;\" width=\"211\">Pav. Col\u00e9gio Efanor<\/td>\n<\/tr>\n<tr>\n<td style=\"width: 15.5746%;\" width=\"73\">n.\u00ba 1249<\/td>\n<td style=\"width: 26.2978%;\" width=\"184\">PV2014 \/ CD Aves<\/td>\n<td style=\"width: 12.9292%;\" width=\"86\">21.03.2021<\/td>\n<td style=\"width: 9.64016%;\" width=\"61\">16H00<\/td>\n<td style=\"width: 68.8368%;\" width=\"211\">Pav. Col\u00e9gio Efanor<\/td>\n<\/tr>\n<tr>\n<td style=\"width: 15.5746%;\" width=\"73\"><strong>\u00a0<\/strong><\/td>\n<td style=\"width: 26.2978%;\" width=\"184\"><strong>Se necess\u00e1rio:<\/strong><\/td>\n<td style=\"width: 12.9292%;\" width=\"86\"><\/td>\n<td style=\"width: 9.64016%;\" width=\"61\"><\/td>\n<td style=\"width: 68.8368%;\" width=\"211\"><\/td>\n<\/tr>\n<tr>\n<td style=\"width: 15.5746%;\" width=\"73\">n.\u00ba 1250<\/td>\n<td style=\"width: 26.2978%;\" width=\"184\">CD Aves \/ PV 2014<\/td>\n<td style=\"width: 12.9292%;\" width=\"86\">24.03.2021<\/td>\n<td style=\"width: 9.64016%;\" width=\"61\">20H00<\/td>\n<td style=\"width: 68.8368%;\" width=\"211\">Pav. CD Aves \u2013 Vila das Aves<\/td>\n<\/tr>\n<tr>\n<td style=\"width: 15.5746%;\" width=\"73\">n.\u00ba 1251<\/td>\n<td style=\"width: 26.2978%;\" width=\"184\">PV2014 \/ CD Aves<\/td>\n<td style=\"width: 12.9292%;\" width=\"86\">28.03.2021<\/td>\n<td style=\"width: 9.64016%;\" width=\"61\">16H00<\/td>\n<td style=\"width: 68.8368%;\" width=\"211\">Pav. Col\u00e9gio Efanor<\/td>\n<\/tr>\n<\/tbody>\n<\/table>\n<p><strong>Hora oficial<\/strong><\/p>\n<p><strong><u>S\u00e1bado: 17H00 \u2013 op\u00e7\u00e3o clube visitado das 16H00 \u00e0s 18H00<\/u><\/strong><strong><u>\u00a0<\/u><\/strong><\/p>\n<p><strong><u>Domingo:\u00a0 16H00 \u2013 per\u00edodo op\u00e7\u00e3o das 15H00 \u00e0s 17H00<\/u><\/strong><strong><u>\u00a0<\/u><\/strong><\/p>\n<p><strong><u>Quarta-feira: 20H00 \u2013 per\u00edodo de op\u00e7\u00e3o das 19H00 \u00e0s 21H00<\/u><\/strong><\/p>\n<p>&nbsp;<\/p>\n<p><strong>Toda a informa\u00e7\u00e3o sobre a I Divis\u00e3o<\/strong>\u00a0em\u00a0<a href=\"https:\/\/fpv-web.dataproject.com\/MainHome.aspx\">https:\/\/fpv-web.dataproject.com\/MainHome.aspx<\/a><\/p>\n<p>A lista dos \u00e1rbitros nomeados (actualizada \u00e0 quinta-feira) pode ser consultada em <a href=\"https:\/\/fpvoleibol.pt\/fpv\/arbitragem\/nomeacoes\">https:\/\/fpvoleibol.pt\/fpv\/arbitragem\/nomeacoes<\/a><\/p>\n<p>*A data e\/ou o hor\u00e1rio dos jogos poder\u00e3o sofrer altera\u00e7\u00f5es. Ver Calend\u00e1rios de Jogos em<br \/>\n<a href=\"https:\/\/www.portugalvoleibol.com\/classificacao\/\">https:\/\/www.portugalvoleibol.com\/classificacao\/<\/a><\/p>\n","protected":false},"excerpt":{"rendered":"<p>Jogos dos Play-offs da 2.\u00aa Fase da I Divis\u00e3o Elite e da Ta\u00e7a Federa\u00e7\u00e3o, seniores femininos. Ver regulamento aqui Campeonato Nacional de Seniores Femininos &#8211; I Divis\u00e3o Elite 2.\u00aa FASE [&hellip;]<\/p>\n","protected":false},"author":2,"featured_media":2008,"comment_status":"open","ping_status":"open","sticky":false,"template":"","format":"standard","meta":{"_monsterinsights_skip_tracking":false,"_monsterinsights_sitenote_active":false,"_monsterinsights_sitenote_note":"","_monsterinsights_sitenote_category":0,"footnotes":""},"categories":[20,8],"tags":[],"class_list":{"0":"post-3714","1":"post","2":"type-post","3":"status-publish","4":"format-standard","5":"has-post-thumbnail","7":"category-destaque","8":"category-voleibol","9":"czr-hentry"},"aioseo_notices":[],"_links":{"self":[{"href":"https:\/\/fpvoleibol.pt\/fpv\/wp-json\/wp\/v2\/posts\/3714","targetHints":{"allow":["GET"]}}],"collection":[{"href":"https:\/\/fpvoleibol.pt\/fpv\/wp-json\/wp\/v2\/posts"}],"about":[{"href":"https:\/\/fpvoleibol.pt\/fpv\/wp-json\/wp\/v2\/types\/post"}],"author":[{"embeddable":true,"href":"https:\/\/fpvoleibol.pt\/fpv\/wp-json\/wp\/v2\/users\/2"}],"replies":[{"embeddable":true,"href":"https:\/\/fpvoleibol.pt\/fpv\/wp-json\/wp\/v2\/comments?post=3714"}],"version-history":[{"count":10,"href":"https:\/\/fpvoleibol.pt\/fpv\/wp-json\/wp\/v2\/posts\/3714\/revisions"}],"predecessor-version":[{"id":3724,"href":"https:\/\/fpvoleibol.pt\/fpv\/wp-json\/wp\/v2\/posts\/3714\/revisions\/3724"}],"wp:featuredmedia":[{"embeddable":true,"href":"https:\/\/fpvoleibol.pt\/fpv\/wp-json\/wp\/v2\/media\/2008"}],"wp:attachment":[{"href":"https:\/\/fpvoleibol.pt\/fpv\/wp-json\/wp\/v2\/media?parent=3714"}],"wp:term":[{"taxonomy":"category","embeddable":true,"href":"https:\/\/fpvoleibol.pt\/fpv\/wp-json\/wp\/v2\/categories?post=3714"},{"taxonomy":"post_tag","embeddable":true,"href":"https:\/\/fpvoleibol.pt\/fpv\/wp-json\/wp\/v2\/tags?post=3714"}],"curies":[{"name":"wp","href":"https:\/\/api.w.org\/{rel}","templated":true}]}}