{"id":36942,"date":"2024-11-28T22:15:45","date_gmt":"2024-11-28T22:15:45","guid":{"rendered":"https:\/\/fpvoleibol.pt\/fpv\/?p=36942"},"modified":"2024-11-29T10:03:08","modified_gmt":"2024-11-29T10:03:08","slug":"triunfos-historicos-nas-competicoes-europeias","status":"publish","type":"post","link":"https:\/\/fpvoleibol.pt\/fpv\/2024\/11\/28\/triunfos-historicos-nas-competicoes-europeias\/","title":{"rendered":"TRIUNFOS HIST\u00d3RICOS NAS COMPETI\u00c7\u00d5ES EUROPEIAS"},"content":{"rendered":"<p><img loading=\"lazy\" decoding=\"async\" class=\"size-full wp-image-36964 aligncenter\" src=\"https:\/\/fpvoleibol.pt\/fpv\/wp-content\/uploads\/2024\/11\/fcpxCalcit_d.jpg\" alt=\"\" width=\"960\" height=\"640\" srcset=\"https:\/\/fpvoleibol.pt\/fpv\/wp-content\/uploads\/2024\/11\/fcpxCalcit_d.jpg 960w, https:\/\/fpvoleibol.pt\/fpv\/wp-content\/uploads\/2024\/11\/fcpxCalcit_d-300x200.jpg 300w, https:\/\/fpvoleibol.pt\/fpv\/wp-content\/uploads\/2024\/11\/fcpxCalcit_d-768x512.jpg 768w\" sizes=\"auto, (max-width: 960px) 100vw, 960px\" \/>A equipa de seniores femininos do <strong>Futebol Clube do Porto<\/strong> conquistou hoje a sua primeira vit\u00f3ria na principal competi\u00e7\u00e3o europeia de clubes ao triunfar pela vantagem m\u00e1xima (<a href=\"https:\/\/www-old.cev.eu\/Competition-Area\/MatchStatistics.aspx?ID=76515\">3-0: 25-20, 25-18 e 25-18<\/a>) sobre as campe\u00e3s eslovenas do Calcit Kamnik, em jogo da 3.\u00aa jornada da <a href=\"https:\/\/championsleague.cev.eu\/en\/women\/#body-tab-6c6ff31f-d638-4cf2-a14c-07aeb1970719-2\">Pool C da 4.\u00aa Ronda da Liga dos Campe\u00f5es<\/a>.<\/p>\n<p>Hoje, e paulatinamente, as azuis e brancas foram escrevendo uma p\u00e1gina de ouro no Voleibol feminino portista: venceram o primeiro set de sempre na Liga dos Campe\u00f5es e, seguidamente, consolidaram o hist\u00f3rico primeiro triunfo num jogo da mais importante competi\u00e7\u00e3o de clubes. E aconteceu frente a uma equipa bem mais experiente nestas andan\u00e7as, j\u00e1 que as eslovenas come\u00e7am a ser <em>habitu\u00e9es<\/em> na competi\u00e7\u00e3o, mas nunca venceram nenhum dos 18 jogos at\u00e9 agora disputados na Champions.<br \/>\nMais: \u00e0 excelente e s\u00f3lida vit\u00f3ria, o FC Porto juntou mais um refor\u00e7o de peso, a canadiana Shainah Joseph, que contribuiu com 10 pontos no primeiro jogo que disputou pelas azuis e brancas.<\/p>\n<p><span style=\"text-decoration: underline;\"><img loading=\"lazy\" decoding=\"async\" class=\" wp-image-36971 alignleft\" src=\"https:\/\/fpvoleibol.pt\/fpv\/wp-content\/uploads\/2024\/11\/victoria_MVP.jpg\" alt=\"\" width=\"318\" height=\"212\" srcset=\"https:\/\/fpvoleibol.pt\/fpv\/wp-content\/uploads\/2024\/11\/victoria_MVP.jpg 960w, https:\/\/fpvoleibol.pt\/fpv\/wp-content\/uploads\/2024\/11\/victoria_MVP-300x200.jpg 300w, https:\/\/fpvoleibol.pt\/fpv\/wp-content\/uploads\/2024\/11\/victoria_MVP-768x512.jpg 768w\" sizes=\"auto, (max-width: 318px) 100vw, 318px\" \/>Jogadora Mais Valiosa do Jogo (MVP)<\/span>, a brasileira <strong>Vict\u00f3ria Alves<\/strong> foi a melhor pontuadora do jogo, com 16 pontos, mais tr\u00eas do que a eslovena Masa Pucelj. Ver estat\u00edstica <a href=\"https:\/\/www-old.cev.eu\/Competition-Area\/MatchStatistics.aspx?ID=76515\">aqui<\/a><\/p>\n<p>No outro jogo do grupo, o VakifBank venceu o Volley Milano pela margem m\u00e1xima (<a href=\"https:\/\/www-old.cev.eu\/Competition-Area\/MatchStatistics.aspx?ID=76513\">3-0: 25-19, 25-18 e 25-17<\/a>) e assumiu a lideran\u00e7a isolada do grupo.<br \/>\nO VakifBank \u00e9 o pr\u00f3ximo advers\u00e1rio do FC Porto, estando o encontro agendado para o dia 10 de Dezembro, na Turquia.<\/p>\n<p>Esta era verdadeiramente a <span style=\"text-decoration: underline;\">primeira grande oportunidade<\/span> das azuis e brancas conseguirem um hist\u00f3rico triunfo na principal competi\u00e7\u00e3o europeia de clubes, e as jogadoras de Miguel Coelho n\u00e3o a desperdi\u00e7aram.<br \/>\nA Pool C da Liga dos Campe\u00f5es tem como favoritas as <em>inacess\u00edveis<\/em> equipas do Volley Milano, de It\u00e1lia, e do VakifBank, da Turquia, com quem as campe\u00e3s portuguesas somaram derrotas <em>naturais<\/em> nas jornadas anteriores.<\/p>\n<p>Vice-campe\u00e3o da temporada passada, vencedor da Ta\u00e7a CEV (2020\/21) e da Challenge Cup (2018\/19), disputando ambas com o nome de Saugella Team Monza, o agora Allianz <em>ou<\/em> Numia Vero Volley Milano disputa pela quarta vez consecutiva a principal competi\u00e7\u00e3o de clubes, tendo sido sempre eliminado da prova pelos eventuais campe\u00f5es.<br \/>\nNas transalpinas, o destaque vai para jogadoras como as internacionais italianas Paola Egonu e Myriam Sylla.<br \/>\nO VakifBank Istanbul, antiga equipa de Egonu, conquistou o trof\u00e9u de campe\u00e3o europeu seis vezes nas \u00faltimas 13 temporadas e tem um registo hist\u00f3rico positivo no confronto directo com o Vero Volley Milano, tendo vencido cinco das seis partidas disputadas nas tr\u00eas \u00e9pocas anteriores na principal competi\u00e7\u00e3o europeia.<\/p>\n<p>As azuis e brancas chegaram \u00e0 fase de grupos depois de eliminarem as campe\u00e3s espanholas do Hidramar Gran Canaria na 3.\u00aa Ronda da Liga dos Campe\u00f5es, com vit\u00f3rias por 3-0 (casa) e 3-2 (fora).<br \/>\nO Voleibol feminino voltou assim a ter uma equipa lusitana na <em>Champions League<\/em> 19 anos depois. O Sporting Clube de Espinho foi o primeiro a disputar a Ta\u00e7a dos Campe\u00f5es Europeus, em 1960\/1961 \u2013 seguido do CDUL e do SL Benfica, que foi o primeiro a atingir os quartos-de-final (1968, 1970 e 1973) \u2013, e o Clube Acad\u00e9mico da Trofa foi a primeira equipa portuguesa de seniores femininos a disputar a actual Liga dos Campe\u00f5es, em 2005\/2006, tendo sido 6.\u00ba classificado na Pool A da fase de grupos.<\/p>\n<p style=\"text-align: center;\"><span style=\"background-color: #000000; color: #ffffff;\"><img loading=\"lazy\" decoding=\"async\" class=\"size-full wp-image-36961 aligncenter\" src=\"https:\/\/fpvoleibol.pt\/fpv\/wp-content\/uploads\/2024\/11\/ThetisxSLBenfica_002_d.jpg\" alt=\"\" width=\"960\" height=\"640\" srcset=\"https:\/\/fpvoleibol.pt\/fpv\/wp-content\/uploads\/2024\/11\/ThetisxSLBenfica_002_d.jpg 960w, https:\/\/fpvoleibol.pt\/fpv\/wp-content\/uploads\/2024\/11\/ThetisxSLBenfica_002_d-300x200.jpg 300w, https:\/\/fpvoleibol.pt\/fpv\/wp-content\/uploads\/2024\/11\/ThetisxSLBenfica_002_d-768x512.jpg 768w\" sizes=\"auto, (max-width: 960px) 100vw, 960px\" \/>Challenge Cup<\/span><\/p>\n<p>Na Challenge Cup &#8211; femininos, o <strong>Sport Lisboa e Benfica<\/strong> rubricou hoje uma das exibi\u00e7\u00f5es mais seguras desta \u00e9poca \u2013 com 15 blocos, mas ainda muitos servi\u00e7os falhados (14) \u2013 e venceu pela margem m\u00e1xima <a href=\"https:\/\/www-old.cev.eu\/Competition-Area\/MatchStatistics.aspx?ID=76501\">(3-0: 25-20, 25-19 e 27-25)<\/a>, na capital grega, o Athens ASP Thetis na primeira m\u00e3o dos oitavos-de-final.<\/p>\n<p>A norte-americana <strong>Kyra Holt<\/strong> e a internacional portuguesa <strong>Alice Clemente<\/strong> foram as benfiquistas que <a href=\"https:\/\/www-old.cev.eu\/Competition-Area\/MatchStatistics.aspx?ID=76501\">mais pontuaram<\/a>, com 17 e 11 pontos, respectivamente, enquanto a alem\u00e3 <span style=\"text-decoration: underline;\">Rica Maase,<\/span> com 14, foi a jogadora mais concretizadora da equipa hel\u00e9nica.\u00a0Ver mais informa\u00e7\u00f5es <a href=\"https:\/\/www.cev.eu\/match-centres\/2025-european-cups\/cev-volleyball-challenge-cup-2025-women\/chcw-72-athens-asp-thetis-v-sport-lisboa-e-benfica\/\">aqui<\/a><\/p>\n<p>O segundo jogo est\u00e1 agendado para o dia 11 de Dezembro (<a href=\"https:\/\/www.cev.eu\/match-centres\/2025-european-cups\/cev-volleyball-challenge-cup-2025-women\/chcw-71-sport-lisboa-e-benfica-v-athens-asp-thetis\/\">20h00<\/a>), em Lisboa, e para ultrapassar as gregas a equipa portuguesa precisa apenas de vencer dois sets.<br \/>\nSe atingir os quartos-de-final, a forma\u00e7\u00e3o encarnada defrontar\u00e1 as vencedoras da eliminat\u00f3ria entre as finlandesas do LP Kangasala e as italianas do Reale Mutua Fenera Chieri&#8217;76, clube que venceu a competi\u00e7\u00e3o em 2022\/2023.<br \/>\nAs \u00e1guias da Luz, que ergueram este ano a\u00a0sua primeira Superta\u00e7a, est\u00e3o a rubricar com \u00eaxito o regresso, ap\u00f3s 34 anos de interregno, da equipa de seniores femininos do SL Benfica \u00e0s competi\u00e7\u00f5es europeias.<\/p>\n<p style=\"text-align: center;\"><span style=\"text-decoration: underline;\"><strong>\u00c1rbitros portugueses em ac\u00e7\u00e3o<br \/>\nnas competi\u00e7\u00f5es internacionais<\/strong><\/span><\/p>\n<p><strong>Pedro Pinto<\/strong><br \/>\nEczacibasi Dynavit Istanbul (Turquia) x SSC Palmberg Schwern (Alemanha), da Pool B da 4.\u00aa Ronda da Liga dos Campe\u00f5es \u2013 femininos, no dia 10 de Dezembro.<br \/>\nGreenyard Maaseik (B\u00e9lgica) x PGE Projekt Warszawa (Pol\u00f3nia), da Pool A da 4.\u00aa Ronda da Liga dos Campe\u00f5es &#8211; masculinos, no dia 15 de Janeiro de 2025.<br \/>\nSaint-Nazaire VB Atlantique (Fran\u00e7a) x Jihostroj Cesk\u00e9 Budejovice (Ch\u00e9quia), da Pool D da 4.\u00aa Ronda da Liga dos Campe\u00f5es &#8211; masculinos, no dia 29 de Janeiro de 2025.<\/p>\n<p><strong>Ricardo Ferreira<\/strong><br \/>\n\u00c1rbitro de reserva no FC Porto x Calcit Kamnik (Eslov\u00e9nia), da Pool C da 4.\u00aa Ronda da Liga dos Campe\u00f5es \u2013 femininos, no dia 28 de Novembro.<br \/>\nLevallois Paris Saint Cloud (Fran\u00e7a) x Tent Obrenovac (S\u00e9rvia), da Pool B da 4.\u00aa Ronda da Liga dos Campe\u00f5es \u2013 femininos, no dia 10 de Dezembro.<br \/>\nAllianz Milano (It\u00e1lia) x Hypo Tirol Innsbruck (\u00c1ustria), da Pool C da 4.\u00aa Ronda da Liga dos Campe\u00f5es \u2013 masculinos, no dia 18 de Dezembro.<br \/>\nStars Doetinchem (Pa\u00edses Baixos) x Hypo Tirol Innsbruck (\u00c1ustria), da Pool C da 4.\u00aa Ronda da Liga dos Campe\u00f5es \u2013 masculinos, no dia 23 de Dezembro.<\/p>\n<p><strong>V\u00edtor Gon\u00e7alves<\/strong><br \/>\nChaumont VB 52 (Fran\u00e7a) x SVG Luneburg (Alemanha), da Pool E da Liga dos Campe\u00f5es &#8211; masculinos, no dia 16 de Janeiro de 2025.<br \/>\nA. Carraro Imoco Conegliano (It\u00e1lia) x Developres Rzesz\u00f3w (Pol\u00f3nia), da Pool A da 4.\u00aa Ronda da Liga dos Campe\u00f5es &#8211; femininos, no dia 22 de Janeiro de 2025.<\/p>\n<p><strong>Raquel Portela<br \/>\n<\/strong>Tenerife Libby\u2019s La Laguna (Espanha) x Avarca de Menorca (Espanha), dos oitavos-de-final da Ta\u00e7a CEV \u2013 femininos, no dia 10 de Dezembro.<\/p>\n<p><strong>Nuno Teixeira<\/strong><br \/>\nAsseco Resovia Rzeszow (Pol\u00f3nia) x VK Lvi Praha (Ch\u00e9quia), dos oitavos-de-final da Ta\u00e7a CEV &#8211; masculinos, no dia 4 de Dezembro.<\/p>\n<p><strong>Sofia Costa<\/strong><br \/>\nCharleroi Volley (B\u00e9lgica) x Fundaci\u00f3n Unicaja Andaluc\u00eda (Espanha), dos oitavos-de-final da Challenge Cup &#8211; femininos, no dia 27 de Novembro.<\/p>\n<p><strong>Jos\u00e9 Caramez<\/strong><br \/>\nAvarca de Menorca (Espanha) x Tenerife Libby\u2019s La Laguna (Espanha), dos oitavos-de-final da Ta\u00e7a CEV &#8211; femininos, no dia 27 de Novembro.<\/p>\n<p style=\"text-align: center;\">Mais informa\u00e7\u00f5es em\u00a0<a href=\"http:\/\/www.cev.eu\/\">cev.eu<\/a><\/p>\n","protected":false},"excerpt":{"rendered":"<p>A equipa de seniores femininos do Futebol Clube do Porto conquistou hoje a sua primeira vit\u00f3ria na principal competi\u00e7\u00e3o europeia de clubes ao triunfar pela vantagem m\u00e1xima (3-0: 25-20, 25-18 [&hellip;]<\/p>\n","protected":false},"author":2,"featured_media":36963,"comment_status":"open","ping_status":"open","sticky":false,"template":"","format":"standard","meta":{"_monsterinsights_skip_tracking":false,"_monsterinsights_sitenote_active":false,"_monsterinsights_sitenote_note":"","_monsterinsights_sitenote_category":0,"footnotes":""},"categories":[13,8],"tags":[54,139,32,53],"class_list":{"0":"post-36942","1":"post","2":"type-post","3":"status-publish","4":"format-standard","5":"has-post-thumbnail","7":"category-arbitragem","8":"category-voleibol","9":"tag-challenge-cup","10":"tag-epoca-2024-2025","11":"tag-liga-dos-campeoes","12":"tag-taca-cev","13":"czr-hentry"},"aioseo_notices":[],"_links":{"self":[{"href":"https:\/\/fpvoleibol.pt\/fpv\/wp-json\/wp\/v2\/posts\/36942","targetHints":{"allow":["GET"]}}],"collection":[{"href":"https:\/\/fpvoleibol.pt\/fpv\/wp-json\/wp\/v2\/posts"}],"about":[{"href":"https:\/\/fpvoleibol.pt\/fpv\/wp-json\/wp\/v2\/types\/post"}],"author":[{"embeddable":true,"href":"https:\/\/fpvoleibol.pt\/fpv\/wp-json\/wp\/v2\/users\/2"}],"replies":[{"embeddable":true,"href":"https:\/\/fpvoleibol.pt\/fpv\/wp-json\/wp\/v2\/comments?post=36942"}],"version-history":[{"count":15,"href":"https:\/\/fpvoleibol.pt\/fpv\/wp-json\/wp\/v2\/posts\/36942\/revisions"}],"predecessor-version":[{"id":36974,"href":"https:\/\/fpvoleibol.pt\/fpv\/wp-json\/wp\/v2\/posts\/36942\/revisions\/36974"}],"wp:featuredmedia":[{"embeddable":true,"href":"https:\/\/fpvoleibol.pt\/fpv\/wp-json\/wp\/v2\/media\/36963"}],"wp:attachment":[{"href":"https:\/\/fpvoleibol.pt\/fpv\/wp-json\/wp\/v2\/media?parent=36942"}],"wp:term":[{"taxonomy":"category","embeddable":true,"href":"https:\/\/fpvoleibol.pt\/fpv\/wp-json\/wp\/v2\/categories?post=36942"},{"taxonomy":"post_tag","embeddable":true,"href":"https:\/\/fpvoleibol.pt\/fpv\/wp-json\/wp\/v2\/tags?post=36942"}],"curies":[{"name":"wp","href":"https:\/\/api.w.org\/{rel}","templated":true}]}}