{"id":3690,"date":"2021-03-04T18:17:20","date_gmt":"2021-03-04T17:17:20","guid":{"rendered":"https:\/\/fpvoleibol.pt\/fpv\/?p=3690"},"modified":"2021-05-03T16:14:14","modified_gmt":"2021-05-03T15:14:14","slug":"pre-convocatoria-da-seleccao-nacional-de-seniores-femininos","status":"publish","type":"post","link":"https:\/\/fpvoleibol.pt\/fpv\/2021\/03\/04\/pre-convocatoria-da-seleccao-nacional-de-seniores-femininos\/","title":{"rendered":"PR\u00c9-CONVOCAT\u00d3RIA DA SELEC\u00c7\u00c3O DE SENIORES FEMININOS"},"content":{"rendered":"<p><img loading=\"lazy\" decoding=\"async\" class=\"alignnone size-full wp-image-3702\" src=\"https:\/\/fpvoleibol.pt\/fpv\/wp-content\/uploads\/2021\/03\/joao_jose_trein4.jpg\" alt=\"\" width=\"960\" height=\"540\" srcset=\"https:\/\/fpvoleibol.pt\/fpv\/wp-content\/uploads\/2021\/03\/joao_jose_trein4.jpg 960w, https:\/\/fpvoleibol.pt\/fpv\/wp-content\/uploads\/2021\/03\/joao_jose_trein4-300x169.jpg 300w, https:\/\/fpvoleibol.pt\/fpv\/wp-content\/uploads\/2021\/03\/joao_jose_trein4-768x432.jpg 768w, https:\/\/fpvoleibol.pt\/fpv\/wp-content\/uploads\/2021\/03\/joao_jose_trein4-528x297.jpg 528w\" sizes=\"auto, (max-width: 960px) 100vw, 960px\" \/><\/p>\n<p>A equipa t\u00e9cnica da <strong>Selec\u00e7\u00e3o Nacional de Seniores Femininos<\/strong>, liderada por <strong>Jo\u00e3o Jos\u00e9<\/strong>\u00a0divulgou hoje a <span style=\"text-decoration: underline;\">pr\u00e9-convocat\u00f3ria<\/span> de 24 jogadoras, de onde sair\u00e3o as 16 atletas que ir\u00e3o iniciar, a partir de 19 de Abril, os trabalhos de prepara\u00e7\u00e3o da fase de apuramento para o Campeonato da Europa 2021, cuja fase preliminar se disputa em Maio deste ano. Ver <a href=\"https:\/\/fpvoleibol.pt\/fpv\/wp-content\/uploads\/2021\/03\/PlanProvi_Sen_Fem_QE_SL_2021.pdf\">Plano Provis\u00f3rio aqui<\/a><\/p>\n<p><strong>Jo\u00e3o Jos\u00e9<\/strong>, um dos melhores jogadores portugueses de sempre, antigo capit\u00e3o da Selec\u00e7\u00e3o Nacional de Seniores Masculinos e actual Coordenador das Selec\u00e7\u00f5es Nacionais, vai-se estrear \u00e0 frente da Selec\u00e7\u00e3o Nacional de Seniores Femininos.<\/p>\n<p>&#8220;<em>Por norma, considero que todos os anos s\u00e3o diferentes, mesmo quando o grupo de trabalho e as competi\u00e7\u00f5es s\u00e3o as mesmas e este n\u00e3o foge \u00e0 regra. Contudo, a pandemia trouxe uma nova situa\u00e7\u00e3o, \u00e0 qual a Federa\u00e7\u00e3o Portuguesa de Voleibol, as selec\u00e7\u00f5es e os clubes se est\u00e3o a tentar ajustar da melhor forma poss\u00edvel de modo a poderem continuar a trabalhar, competir e alcan\u00e7ar os seus objectivos<\/em>&#8220;, recorda, acrescentando:<br \/>\n&#8220;<em>Ter\u00e1 que existir um esfor\u00e7o conjunto para que, no pouco tempo que vamos ter de prepara\u00e7\u00e3o, possamos estar prontos a discutir o apuramento para o Campeonato da Europa e a European Silver League<\/em>&#8220;.<\/p>\n<p>Relativamente \u00e0 lista de jogadoras da pr\u00e9-convocat\u00f3ria e aos objectivos principais, Jo\u00e3o Jos\u00e9 salienta:<br \/>\n&#8220;<em>Esta \u00e9 uma pr\u00e9-convocat\u00f3ria de atletas experientes com outras mais jovens. Acreditamos que o grupo deve ser constitu\u00eddo pela maturidade e consolida\u00e7\u00e3o vinda da experi\u00eancia e pela energia e a ambi\u00e7\u00e3o pr\u00f3prias da juventude.<\/em><br \/>\n<em>Temos como objectivos a qualifica\u00e7\u00e3o para a fase final do Campeonato da Europa e a presen\u00e7a na Final Four da Silver League. <\/em><br \/>\n<em>Vai ser um calend\u00e1rio apertado onde provavelmente s\u00f3 teremos o grupo de trabalho completo aproximadamente uma semana antes da competi\u00e7\u00e3o. Estamos conscientes do enorme desafio que est\u00e1 por vir, mas confiantes no grupo de trabalho e na sua capacidade de supera\u00e7\u00e3o, pois os objectivos assim o exigem<\/em>&#8220;.<\/p>\n<p><img loading=\"lazy\" decoding=\"async\" class=\"alignnone size-full wp-image-3707\" src=\"https:\/\/fpvoleibol.pt\/fpv\/wp-content\/uploads\/2021\/03\/Joanaresende_A2.jpg\" alt=\"\" width=\"960\" height=\"540\" srcset=\"https:\/\/fpvoleibol.pt\/fpv\/wp-content\/uploads\/2021\/03\/Joanaresende_A2.jpg 960w, https:\/\/fpvoleibol.pt\/fpv\/wp-content\/uploads\/2021\/03\/Joanaresende_A2-300x169.jpg 300w, https:\/\/fpvoleibol.pt\/fpv\/wp-content\/uploads\/2021\/03\/Joanaresende_A2-768x432.jpg 768w, https:\/\/fpvoleibol.pt\/fpv\/wp-content\/uploads\/2021\/03\/Joanaresende_A2-528x297.jpg 528w\" sizes=\"auto, (max-width: 960px) 100vw, 960px\" \/><\/p>\n<p style=\"text-align: center;\"><span style=\"text-decoration: underline;\"><strong>Pr\u00e9-convocat\u00f3ria de 24 atletas<\/strong><\/span><\/p>\n<table style=\"width: 100.3%; height: 768px;\" width=\"464\">\n<tbody>\n<tr style=\"height: 24px;\">\n<td style=\"width: 7.08004%; height: 24px; text-align: center;\" width=\"41\"><\/td>\n<td style=\"width: 28.8996%; height: 24px; text-align: center;\" colspan=\"2\" width=\"168\"><span style=\"background-color: #000000; color: #ffffff;\"><strong>Nome<\/strong><\/span><\/td>\n<td style=\"width: 47.2357%; height: 24px; text-align: center;\" width=\"171\"><span style=\"background-color: #000000; color: #ffffff;\"><strong>Clube<\/strong><\/span><\/td>\n<td style=\"width: 91.8937%; height: 24px; text-align: center;\" width=\"83\"><span style=\"background-color: #000000; color: #ffffff;\"><strong>Posi\u00e7\u00e3o<\/strong><\/span><\/td>\n<\/tr>\n<tr style=\"height: 24px;\">\n<td style=\"width: 7.08004%; height: 24px; text-align: center;\" width=\"41\">1<\/td>\n<td style=\"width: 28.8996%; height: 24px; text-align: center;\" colspan=\"2\" width=\"168\"><strong>Ana Couto<\/strong><\/td>\n<td style=\"width: 47.2357%; height: 24px; text-align: center;\" width=\"171\">Sporting CP<\/td>\n<td style=\"width: 91.8937%; height: 24px; text-align: center;\" width=\"83\">Distribuidora<\/td>\n<\/tr>\n<tr style=\"height: 24px;\">\n<td style=\"width: 7.08004%; height: 24px; text-align: center;\" width=\"41\">2<\/td>\n<td style=\"width: 28.8996%; height: 24px; text-align: center;\" colspan=\"2\" width=\"168\"><strong>Eliana Dur\u00e3o<\/strong><\/td>\n<td style=\"width: 47.2357%; height: 24px; text-align: center;\" width=\"171\">Leix\u00f5es SC<\/td>\n<td style=\"width: 91.8937%; height: 24px; text-align: center;\" width=\"83\">Distribuidora<\/td>\n<\/tr>\n<tr style=\"height: 24px;\">\n<td style=\"width: 7.08004%; height: 24px; text-align: center;\" width=\"41\">3<\/td>\n<td style=\"width: 28.8996%; height: 24px; text-align: center;\" colspan=\"2\" width=\"168\"><strong>Ana do Carmo Figueiras<\/strong><\/td>\n<td style=\"width: 47.2357%; height: 24px; text-align: center;\" width=\"171\">GC Vilacondense<\/td>\n<td style=\"width: 91.8937%; height: 24px; text-align: center;\" width=\"83\">Distribuidora<\/td>\n<\/tr>\n<tr style=\"height: 24px;\">\n<td style=\"width: 7.08004%; height: 24px; text-align: center;\" width=\"41\">4<\/td>\n<td style=\"width: 28.8996%; height: 24px; text-align: center;\" colspan=\"2\" width=\"168\"><strong>Beatriz Rodrigues<\/strong><\/td>\n<td style=\"width: 47.2357%; height: 24px; text-align: center;\" width=\"171\">Sporting CP<\/td>\n<td style=\"width: 91.8937%; height: 24px; text-align: center;\" width=\"83\">Distribuidora<\/td>\n<\/tr>\n<tr style=\"height: 24px;\">\n<td style=\"width: 7.08004%; height: 24px; text-align: center;\" width=\"41\">5<\/td>\n<td style=\"width: 28.8996%; height: 24px; text-align: center;\" colspan=\"2\" width=\"168\"><strong>Carina Moura<\/strong><\/td>\n<td style=\"width: 47.2357%; height: 24px; text-align: center;\" width=\"171\">Leix\u00f5es SC<\/td>\n<td style=\"width: 91.8937%; height: 24px; text-align: center;\" width=\"83\">Central<\/td>\n<\/tr>\n<tr style=\"height: 24px;\">\n<td style=\"width: 7.08004%; height: 24px; text-align: center;\" width=\"41\">6<\/td>\n<td style=\"width: 28.8996%; height: 24px; text-align: center;\" colspan=\"2\" width=\"168\"><strong>Helena Monteiro<\/strong><\/td>\n<td style=\"width: 47.2357%; height: 24px; text-align: center;\" width=\"171\">PV2014\/Academia de Voleibol Col\u00e9gio Efanor<\/td>\n<td style=\"width: 91.8937%; height: 24px; text-align: center;\" width=\"83\">Central<\/td>\n<\/tr>\n<tr style=\"height: 24px;\">\n<td style=\"width: 7.08004%; height: 24px; text-align: center;\" width=\"41\">7<\/td>\n<td style=\"width: 28.8996%; height: 24px; text-align: center;\" colspan=\"2\" width=\"168\"><strong>Aline Rodrigues<\/strong><\/td>\n<td style=\"width: 47.2357%; height: 24px; text-align: center;\" width=\"171\">Sporting CP<\/td>\n<td style=\"width: 91.8937%; height: 24px; text-align: center;\" width=\"83\">Central<\/td>\n<\/tr>\n<tr style=\"height: 24px;\">\n<td style=\"width: 7.08004%; height: 24px; text-align: center;\" width=\"41\">8<\/td>\n<td style=\"width: 28.8996%; height: 24px; text-align: center;\" colspan=\"2\" width=\"168\"><strong>Neusa Neto<\/strong><\/td>\n<td style=\"width: 47.2357%; height: 24px; text-align: center;\" width=\"171\">SL Benfica<\/td>\n<td style=\"width: 91.8937%; height: 24px; text-align: center;\" width=\"83\">Central<\/td>\n<\/tr>\n<tr style=\"height: 24px;\">\n<td style=\"width: 7.08004%; height: 24px; text-align: center;\" width=\"41\">9<\/td>\n<td style=\"width: 28.8996%; height: 24px; text-align: center;\" colspan=\"2\" width=\"168\"><strong>Amanda Cavalcanti<\/strong><\/td>\n<td style=\"width: 47.2357%; height: 24px; text-align: center;\" width=\"171\">Sporting CP<\/td>\n<td style=\"width: 91.8937%; height: 24px; text-align: center;\" width=\"83\">Central<\/td>\n<\/tr>\n<tr style=\"height: 24px;\">\n<td style=\"width: 7.08004%; height: 24px; text-align: center;\" width=\"41\">10<\/td>\n<td style=\"width: 28.8996%; height: 24px; text-align: center;\" colspan=\"2\" width=\"168\"><strong>Marlene Pereira<\/strong><\/td>\n<td style=\"width: 47.2357%; height: 24px; text-align: center;\" width=\"171\">Cast\u00ealo da Maia GC<\/td>\n<td style=\"width: 91.8937%; height: 24px; text-align: center;\" width=\"83\">Central<\/td>\n<\/tr>\n<tr style=\"height: 24px;\">\n<td style=\"width: 7.08004%; height: 24px; text-align: center;\" width=\"41\">11<\/td>\n<td style=\"width: 28.8996%; height: 24px; text-align: center;\" colspan=\"2\" width=\"168\"><strong>B\u00e1rbara Gomes<\/strong><\/td>\n<td style=\"width: 47.2357%; height: 24px; text-align: center;\" width=\"171\">AAJM\/FC Porto<\/td>\n<td style=\"width: 91.8937%; height: 24px; text-align: center;\" width=\"83\">Zona 4<\/td>\n<\/tr>\n<tr style=\"height: 24px;\">\n<td style=\"width: 7.08004%; height: 24px; text-align: center;\" width=\"41\">12<\/td>\n<td style=\"width: 28.8996%; height: 24px; text-align: center;\" colspan=\"2\" width=\"168\"><strong>Marta Hurst<\/strong><\/td>\n<td style=\"width: 47.2357%; height: 24px; text-align: center;\" width=\"171\">Osacc Haro Rioja V\u00f3ley (Espanha)<\/td>\n<td style=\"width: 91.8937%; height: 24px; text-align: center;\" width=\"83\">Zona 4<\/td>\n<\/tr>\n<tr style=\"height: 48px;\">\n<td style=\"width: 7.08004%; height: 48px; text-align: center;\" width=\"41\">13<\/td>\n<td style=\"width: 28.8996%; height: 48px; text-align: center;\" colspan=\"2\" width=\"168\"><strong>Gabriela Coelho<\/strong><\/td>\n<td style=\"width: 47.2357%; height: 48px; text-align: center;\" width=\"171\">PV2014\/Academia de Voleibol Col\u00e9gio Efanor<\/td>\n<td style=\"width: 91.8937%; height: 48px; text-align: center;\" width=\"83\">Zona 4<\/td>\n<\/tr>\n<tr style=\"height: 24px;\">\n<td style=\"width: 7.08004%; height: 24px; text-align: center;\" width=\"41\">14<\/td>\n<td style=\"width: 28.8996%; height: 24px; text-align: center;\" colspan=\"2\" width=\"168\"><strong>Ana Afonso<\/strong><\/td>\n<td style=\"width: 47.2357%; height: 24px; text-align: center;\" width=\"171\">GC Vilacondense<\/td>\n<td style=\"width: 91.8937%; height: 24px; text-align: center;\" width=\"83\">Z4\/Oposta<\/td>\n<\/tr>\n<tr style=\"height: 48px;\">\n<td style=\"width: 7.08004%; height: 48px; text-align: center;\" width=\"41\">15<\/td>\n<td style=\"width: 28.8996%; height: 48px; text-align: center;\" colspan=\"2\" width=\"168\"><strong>Ana Monteiro<\/strong><\/td>\n<td style=\"width: 47.2357%; height: 48px; text-align: center;\" width=\"171\">PV2014\/Academia de Voleibol Col\u00e9gio Efanor<\/td>\n<td style=\"width: 91.8937%; height: 48px; text-align: center;\" width=\"83\">Zona 4<\/td>\n<\/tr>\n<tr style=\"height: 48px;\">\n<td style=\"width: 7.08004%; height: 48px; text-align: center;\" width=\"41\">16<\/td>\n<td style=\"width: 28.8996%; height: 48px; text-align: center;\" colspan=\"2\" width=\"168\"><strong>Catarina Silva<\/strong><\/td>\n<td style=\"width: 47.2357%; height: 48px; text-align: center;\" width=\"171\">PV2014\/Academia de Voleibol Col\u00e9gio Efanor<\/td>\n<td style=\"width: 91.8937%; height: 48px; text-align: center;\" width=\"83\">Zona 4<\/td>\n<\/tr>\n<tr style=\"height: 24px;\">\n<td style=\"width: 7.08004%; height: 24px; text-align: center;\" width=\"41\">17<\/td>\n<td style=\"width: 28.8996%; height: 24px; text-align: center;\" colspan=\"2\" width=\"168\"><strong>J\u00falia Kavalenka<\/strong><\/td>\n<td style=\"width: 47.2357%; height: 24px; text-align: center;\" width=\"171\">Olimpia Teodora Ravenna (It\u00e1lia)<\/td>\n<td style=\"width: 91.8937%; height: 24px; text-align: center;\" width=\"83\">Oposta<\/td>\n<\/tr>\n<tr style=\"height: 48px;\">\n<td style=\"width: 7.08004%; height: 48px; text-align: center;\" width=\"41\">18<\/td>\n<td style=\"width: 28.8996%; height: 48px; text-align: center;\" colspan=\"2\" width=\"168\"><strong>Maria Reis Lopes<\/strong><\/td>\n<td style=\"width: 47.2357%; height: 48px; text-align: center;\" width=\"171\">PV2014\/Academia de Voleibol Col\u00e9gio Efanor<\/td>\n<td style=\"width: 91.8937%; height: 48px; text-align: center;\" width=\"83\">Oposta\/Z4<\/td>\n<\/tr>\n<tr style=\"height: 48px;\">\n<td style=\"width: 7.08004%; height: 48px; text-align: center;\" width=\"41\">19<\/td>\n<td style=\"width: 28.8996%; height: 48px; text-align: center;\" colspan=\"2\" width=\"168\"><strong>Mariana Maia<\/strong><\/td>\n<td style=\"width: 47.2357%; height: 48px; text-align: center;\" width=\"171\">PV2014\/Academia de Voleibol Col\u00e9gio Efanor<\/td>\n<td style=\"width: 91.8937%; height: 48px; text-align: center;\" width=\"83\">Oposta<\/td>\n<\/tr>\n<tr style=\"height: 24px;\">\n<td style=\"width: 7.08004%; height: 24px; text-align: center;\" width=\"41\">20<\/td>\n<td style=\"width: 28.8996%; height: 24px; text-align: center;\" colspan=\"2\" width=\"168\"><strong>Alice Clemente<\/strong><\/td>\n<td style=\"width: 47.2357%; height: 24px; text-align: center;\" width=\"171\">Centro Desportivo de F\u00e1tima<\/td>\n<td style=\"width: 91.8937%; height: 24px; text-align: center;\" width=\"83\">Oposta\/Z4<\/td>\n<\/tr>\n<tr style=\"height: 24px;\">\n<td style=\"width: 7.08004%; height: 24px; text-align: center;\" width=\"41\">21<\/td>\n<td style=\"width: 28.8996%; height: 24px; text-align: center;\" colspan=\"2\" width=\"168\"><strong>Joana Resende<\/strong><\/td>\n<td style=\"width: 47.2357%; height: 24px; text-align: center;\" width=\"171\">AAJM\/FC Porto<\/td>\n<td style=\"width: 91.8937%; height: 24px; text-align: center;\" width=\"83\">Libero<\/td>\n<\/tr>\n<tr style=\"height: 48px;\">\n<td style=\"width: 7.08004%; height: 48px; text-align: center;\" width=\"41\">22<\/td>\n<td style=\"width: 28.8996%; height: 48px; text-align: center;\" colspan=\"2\" width=\"168\"><strong>Matilde Calado Rodrigues<\/strong><\/td>\n<td style=\"width: 47.2357%; height: 48px; text-align: center;\" width=\"171\">PV2014\/Academia de Voleibol Col\u00e9gio Efanor<\/td>\n<td style=\"width: 91.8937%; height: 48px; text-align: center;\" width=\"83\">Libero<\/td>\n<\/tr>\n<tr style=\"height: 24px;\">\n<td style=\"width: 7.08004%; height: 24px; text-align: center;\" width=\"41\">23<\/td>\n<td style=\"width: 28.8996%; height: 24px; text-align: center;\" colspan=\"2\" width=\"168\"><strong>Beatriz Basto<\/strong><\/td>\n<td style=\"width: 47.2357%; height: 24px; text-align: center;\" width=\"171\">Leix\u00f5es SC<\/td>\n<td style=\"width: 91.8937%; height: 24px; text-align: center;\" width=\"83\">Libero<\/td>\n<\/tr>\n<tr style=\"height: 24px;\">\n<td style=\"width: 7.08004%; height: 24px; text-align: center;\" width=\"41\">24<\/td>\n<td style=\"width: 28.8996%; height: 24px; text-align: center;\" colspan=\"2\" width=\"168\"><strong>Daniela Loureiro<\/strong><\/td>\n<td style=\"width: 47.2357%; height: 24px; text-align: center;\" width=\"171\">Sporting CP<\/td>\n<td style=\"width: 91.8937%; height: 24px; text-align: center;\" width=\"83\">Libero<\/td>\n<\/tr>\n<tr style=\"height: 24px;\">\n<td style=\"width: 22.5577%; height: 24px; text-align: center;\" colspan=\"2\" width=\"77\"><\/td>\n<td style=\"width: 152.551%; height: 24px; text-align: center;\" colspan=\"3\" width=\"387\"><\/td>\n<\/tr>\n<\/tbody>\n<\/table>\n<p style=\"text-align: center;\"><span style=\"text-decoration: underline;\"><strong>Competi\u00e7\u00f5es da Selec\u00e7\u00e3o Nacional de Seniores Femininos<\/strong><\/span><\/p>\n<p><a href=\"https:\/\/www.cev.eu\/Competition-Area\/CompetitionView.aspx?ID=1248\">Pool B de qualifica\u00e7\u00e3o para o Campeonato de Europa de 2021,<\/a> em dois torneios que ser\u00e3o realizados em Portugal e na Ge\u00f3rgia, com a participa\u00e7\u00e3o de Portugal, Ge\u00f3rgia, Ucr\u00e2nia e Su\u00e9cia; 1.\u00ba Torneio nos dias 7 a 9 de Maio em Portugal, no Centro de Desportos e Congressos de Matosinhos, e 2.\u00ba Torneio nos dias 14 a 16 de Maio, na Ge\u00f3rgia (Arena Tbilisi).<\/p>\n<p>Jogos de Portugal <a href=\"https:\/\/www.cev.eu\/Competition-Area\/CompetitionView.aspx?ID=1248\">aqui<\/a><\/p>\n<p><a href=\"https:\/\/www.cev.eu\/Competition-Area\/CompetitionView.aspx?ID=1297\">Pool B da European Silver League<\/a>, a disputar em dois torneios (28 a 30 de Maio e de 1 a 3 de Junho) na B\u00f3snia-Herzegovina.<\/p>\n<p>Jogos de Portugal <a href=\"https:\/\/www.cev.eu\/Competition-Area\/CompetitionView.aspx?ID=1297\">aqui<\/a><\/p>\n<p>Eventual presen\u00e7a na <a href=\"https:\/\/eurovolley.cev.eu\/en\/\">fase final do Campeonato da Europa<\/a>, em Setembro, a disputar em Agosto e Setembro de 2021.<\/p>\n","protected":false},"excerpt":{"rendered":"<p>A equipa t\u00e9cnica da Selec\u00e7\u00e3o Nacional de Seniores Femininos, liderada por Jo\u00e3o Jos\u00e9\u00a0divulgou hoje a pr\u00e9-convocat\u00f3ria de 24 jogadoras, de onde sair\u00e3o as 16 atletas que ir\u00e3o iniciar, a partir [&hellip;]<\/p>\n","protected":false},"author":2,"featured_media":3706,"comment_status":"open","ping_status":"open","sticky":false,"template":"","format":"standard","meta":{"_monsterinsights_skip_tracking":false,"_monsterinsights_sitenote_active":false,"_monsterinsights_sitenote_note":"","_monsterinsights_sitenote_category":0,"footnotes":""},"categories":[20,8],"tags":[35],"class_list":{"0":"post-3690","1":"post","2":"type-post","3":"status-publish","4":"format-standard","5":"has-post-thumbnail","7":"category-destaque","8":"category-voleibol","9":"tag-eurovolley2021-seniores-femininos","10":"czr-hentry"},"aioseo_notices":[],"_links":{"self":[{"href":"https:\/\/fpvoleibol.pt\/fpv\/wp-json\/wp\/v2\/posts\/3690","targetHints":{"allow":["GET"]}}],"collection":[{"href":"https:\/\/fpvoleibol.pt\/fpv\/wp-json\/wp\/v2\/posts"}],"about":[{"href":"https:\/\/fpvoleibol.pt\/fpv\/wp-json\/wp\/v2\/types\/post"}],"author":[{"embeddable":true,"href":"https:\/\/fpvoleibol.pt\/fpv\/wp-json\/wp\/v2\/users\/2"}],"replies":[{"embeddable":true,"href":"https:\/\/fpvoleibol.pt\/fpv\/wp-json\/wp\/v2\/comments?post=3690"}],"version-history":[{"count":19,"href":"https:\/\/fpvoleibol.pt\/fpv\/wp-json\/wp\/v2\/posts\/3690\/revisions"}],"predecessor-version":[{"id":3728,"href":"https:\/\/fpvoleibol.pt\/fpv\/wp-json\/wp\/v2\/posts\/3690\/revisions\/3728"}],"wp:featuredmedia":[{"embeddable":true,"href":"https:\/\/fpvoleibol.pt\/fpv\/wp-json\/wp\/v2\/media\/3706"}],"wp:attachment":[{"href":"https:\/\/fpvoleibol.pt\/fpv\/wp-json\/wp\/v2\/media?parent=3690"}],"wp:term":[{"taxonomy":"category","embeddable":true,"href":"https:\/\/fpvoleibol.pt\/fpv\/wp-json\/wp\/v2\/categories?post=3690"},{"taxonomy":"post_tag","embeddable":true,"href":"https:\/\/fpvoleibol.pt\/fpv\/wp-json\/wp\/v2\/tags?post=3690"}],"curies":[{"name":"wp","href":"https:\/\/api.w.org\/{rel}","templated":true}]}}