{"id":36776,"date":"2024-11-19T20:53:58","date_gmt":"2024-11-19T20:53:58","guid":{"rendered":"https:\/\/fpvoleibol.pt\/fpv\/?p=36776"},"modified":"2024-11-22T09:33:27","modified_gmt":"2024-11-22T09:33:27","slug":"benfica-nos-oitavos-da-taca-cev","status":"publish","type":"post","link":"https:\/\/fpvoleibol.pt\/fpv\/2024\/11\/19\/benfica-nos-oitavos-da-taca-cev\/","title":{"rendered":"BENFICA NOS OITAVOS DA TA\u00c7A CEV"},"content":{"rendered":"<p><img loading=\"lazy\" decoding=\"async\" class=\"size-full wp-image-36782 aligncenter\" src=\"https:\/\/fpvoleibol.pt\/fpv\/wp-content\/uploads\/2024\/11\/CalcitKAMNIKvsBenfica_d.jpg\" alt=\"\" width=\"960\" height=\"640\" srcset=\"https:\/\/fpvoleibol.pt\/fpv\/wp-content\/uploads\/2024\/11\/CalcitKAMNIKvsBenfica_d.jpg 960w, https:\/\/fpvoleibol.pt\/fpv\/wp-content\/uploads\/2024\/11\/CalcitKAMNIKvsBenfica_d-300x200.jpg 300w, https:\/\/fpvoleibol.pt\/fpv\/wp-content\/uploads\/2024\/11\/CalcitKAMNIKvsBenfica_d-768x512.jpg 768w\" sizes=\"auto, (max-width: 960px) 100vw, 960px\" \/>A equipa de seniores masculinos do <strong>Sport Lisboa e Benfica <\/strong>apurou-se hoje para os oitavos-de-final da Ta\u00e7a CEV ao voltar a vencer, e novamente pela margem m\u00e1xima (<a href=\"https:\/\/www-old.cev.eu\/Competition-Area\/MatchStatistics.aspx?ID=76681\">3-0: 25-15, 25-22 e 25-17<\/a>), os eslovenos do Calcit Kamnik, em jogo da segunda m\u00e3o dos 16 avos-de-final disputado no <em>Sportna dvorana Kamnik<\/em>.<\/p>\n<p>O central canadiano <strong>Pearson Eshenko<\/strong>, com 12 pontos, e o cubano <strong>Diaz Gomez,<\/strong> com 11, foram os melhores pontuadores do jogo. Ver estat\u00edstica <a href=\"https:\/\/www-old.cev.eu\/Competition-Area\/MatchStatistics.aspx?ID=76681\">AQUI<\/a><\/p>\n<p>Neste segundo jogo, os pentacampe\u00f5es nacionais* em t\u00edtulo precisavam apenas de vencer dois sets, j\u00e1 que tinham ganho, em casa, por <a href=\"https:\/\/www-old.cev.eu\/Competition-Area\/MatchStatistics.aspx?ID=76640\">3-0 (25-20, 25-20 e 25-15<\/a>) na 1.\u00aa m\u00e3o.<\/p>\n<p>Nos oitavos-de-final, os encarnados v\u00e3o defrontar o vencedor do Trentino Itas x CS Arcada Galati (Rom\u00e9nia). Na primeira m\u00e3o, disputada na Rom\u00e9nia, os transalpinos venceram por 3-1.<\/p>\n<p>No ano passado, o SL Benfica participou pela quarta vez na Liga dos Campe\u00f5es, tendo sido 12.\u00ba <a href=\"https:\/\/www-old.cev.eu\/Competition-Area\/MatchStatistics.aspx?ID=76592\">classificado<\/a>, depois de ter terminado em 4.\u00ba lugar na Pool C da Fase de grupos.<br \/>\nA melhor classifica\u00e7\u00e3o registou-se em 2022, o 9.\u00ba\/12.\u00ba lugar na classifica\u00e7\u00e3o final, ap\u00f3s terminar em terceiro no seu grupo.<br \/>\nOs melhores registos dos <em>encarnados<\/em> da Luz nas competi\u00e7\u00f5es internacionais datam de 2015 e 2016, respectivamente com a conquista da medalha de prata e da medalha de bronze, ambas na Challenge Cup.<br \/>\n<span style=\"font-size: 8pt;\">*Em 2019\/20 n\u00e3o houve campe\u00f5es nacionais<\/span><\/p>\n<p style=\"text-align: center;\"><span style=\"background-color: #000000; color: #ffffff;\"><img loading=\"lazy\" decoding=\"async\" class=\"size-full wp-image-36786 aligncenter\" src=\"https:\/\/fpvoleibol.pt\/fpv\/wp-content\/uploads\/2024\/11\/AJFBxMelilla_dd.jpg\" alt=\"\" width=\"960\" height=\"641\" srcset=\"https:\/\/fpvoleibol.pt\/fpv\/wp-content\/uploads\/2024\/11\/AJFBxMelilla_dd.jpg 960w, https:\/\/fpvoleibol.pt\/fpv\/wp-content\/uploads\/2024\/11\/AJFBxMelilla_dd-300x200.jpg 300w, https:\/\/fpvoleibol.pt\/fpv\/wp-content\/uploads\/2024\/11\/AJFBxMelilla_dd-768x513.jpg 768w\" sizes=\"auto, (max-width: 960px) 100vw, 960px\" \/>Challenge Cup<\/span><\/p>\n<p>Nos 16 avos-de-final da Challenge Cup &#8211; masculinos, o <strong>Sporting Clube de Portugal<\/strong>, est\u00e1 em igual situa\u00e7\u00e3o.<br \/>\nAp\u00f3s terem recebido e vencido, pela diferen\u00e7a maior (<a href=\"https:\/\/www-old.cev.eu\/Competition-Area\/MatchStatistics.aspx?ID=76633\">3-0: 25-20, 25-21 e 25-15<\/a>),\u00a0os checos do <a href=\"https:\/\/kladno.volejbal.cz\/\">Kladno Volejbal cz<\/a>\u00a0\u2013 equipa do distribuidor <span style=\"text-decoration: underline;\">Jos\u00e9 Neves<\/span> \u2013 no jogo da primeira m\u00e3o, disputado no Pavilh\u00e3o Jo\u00e3o Rocha, os le\u00f5es de Alvalade, que este ano ergueram a II Ta\u00e7a Ib\u00e9rica e a Superta\u00e7a 2024, precisam apenas de vencer dois sets no jogo da 2.\u00aa m\u00e3o, agendada para quinta-feira, pelas <a href=\"https:\/\/www.cev.eu\/match-centres\/2025-european-cups\/cev-volleyball-challenge-cup-2025-men\/chcm-40-kladno-volejbal-cz-v-sporting-cp-lisboa\/\">18h00 locais<\/a>, no Kladenska Sportovni Hala, de Kladno. Ver mais informa\u00e7\u00f5es <a href=\"https:\/\/www.cev.eu\/match-centres\/2025-european-cups\/cev-volleyball-challenge-cup-2025-men\/chcm-40-kladno-volejbal-cz-v-sporting-cp-lisboa\/\">AQUI<\/a><br \/>\nEm 2019, a forma\u00e7\u00e3o leonina classificou-se no 3.\u00ba lugar na Challenge Cup, tendo ainda registado na competi\u00e7\u00e3o um 5.\u00ba lugar (2023), e dois 9.\u00ba lugares (2021 e 2022) nos \u00faltimos anos.<\/p>\n<p>A <strong>Associa\u00e7\u00e3o de Jovens da Fonte do Bastardo<\/strong>, foi afastada da competi\u00e7\u00e3o ao perder novamente hoje, pela diferen\u00e7a m\u00ednima (<a href=\"https:\/\/www-old.cev.eu\/Competition-Area\/MatchStatistics.aspx?ID=76661\">2-3: 24-26, 25-27, 25-18, 25-21 e 13-15<\/a>), na recep\u00e7\u00e3o aos espanh\u00f3is do CV Melilla, no Complexo Desportivo Vitorino Nem\u00e9sio, na Praia da Vit\u00f3ria.<br \/>\nO argentino <strong>Federico Martina<\/strong>, com 29 pontos, o brasileiro <strong>Andr\u00e9 Oliveira<\/strong>, com 27, e o espanhol <strong>Gabriel Del Carmen<\/strong>, com 23, foram os melhores pontuadores do jogo. Ver estat\u00edstica <a href=\"https:\/\/www-old.cev.eu\/Competition-Area\/MatchStatistics.aspx?ID=76661\">AQUI<\/a><br \/>\nNa 1.\u00aa m\u00e3o, a equipa a\u00e7oriana, que foi 5.\u00aa classificada na \u00faltima edi\u00e7\u00e3o da competi\u00e7\u00e3o, tinha perdido (<a href=\"https:\/\/www-old.cev.eu\/Competition-Area\/MatchStatistics.aspx?ID=76635\">1-3: 20-25, 25-22, 19-25 e 24-26)<\/a> no recinto dos espanh\u00f3is do CV Melilla.<\/p>\n<p>Os neerlandeses do <a href=\"https:\/\/www.lycurgus.nl\/\">Nova Technology Lycurgus BV<\/a>, de Nuno Marques, apuraram-se hoje para os oitavos-de-final da Challenge Cup ao voltarem a derrotar <a href=\"https:\/\/www-old.cev.eu\/Competition-Area\/MatchStatistics.aspx?ID=76667\">(3-0: 25-18, 25-17 e 27-25<\/a>), desta vez em casa, os luxemburgueses do VC Lorentzweiler, em jogo arbitrado pela portuguesa <span style=\"text-decoration: underline;\">Sofia Costa<\/span>. O zona 4 portugu\u00eas rubricou 7 pontos (6 ataques e 1 bloco). Ver estat\u00edstica <a href=\"https:\/\/www-old.cev.eu\/Competition-Area\/MatchStatistics.aspx?ID=76667\">AQUI<\/a><\/p>\n<p>Por seu turno, os espanh\u00f3is do\u00a0<a href=\"https:\/\/www.voleysanroque.com\/\">Grupo Rafael Afonso San Roque<\/a>, de Jos\u00e9 Pinto, perderam (<a href=\"https:\/\/www-old.cev.eu\/Competition-Area\/MatchStatistics.aspx?ID=76649\">2-3: 25-27, 20-25, 25-14, 26-24 e 11-15<\/a>) na recep\u00e7\u00e3o aos gregos do PAOK Thessaloniki, com o oposto lusitano a contabilizar 18 pontos (16 ataques e 2 blocos). Ver estat\u00edstica\u00a0<a href=\"https:\/\/www-old.cev.eu\/Competition-Area\/MatchStatistics.aspx?ID=76649\">AQUI<\/a><br \/>\nO segundo jogo est\u00e1 agendado para quarta-feira, em Sal\u00f3nica.<\/p>\n<p><img loading=\"lazy\" decoding=\"async\" class=\"size-full wp-image-36725 aligncenter\" src=\"https:\/\/fpvoleibol.pt\/fpv\/wp-content\/uploads\/2024\/11\/slbenfica_aek_dd.jpg\" alt=\"\" width=\"960\" height=\"640\" srcset=\"https:\/\/fpvoleibol.pt\/fpv\/wp-content\/uploads\/2024\/11\/slbenfica_aek_dd.jpg 960w, https:\/\/fpvoleibol.pt\/fpv\/wp-content\/uploads\/2024\/11\/slbenfica_aek_dd-300x200.jpg 300w, https:\/\/fpvoleibol.pt\/fpv\/wp-content\/uploads\/2024\/11\/slbenfica_aek_dd-768x512.jpg 768w\" sizes=\"auto, (max-width: 960px) 100vw, 960px\" \/>Em femininos, o <strong>SL Benfica<\/strong> vai defrontar as gregas do Athens ASP Thetis nos oitavos-de-final da Challenge Cup. O primeiro jogo est\u00e1 agendado para o dia 28 de Novembro (<a href=\"https:\/\/www.cev.eu\/match-centres\/2025-european-cups\/cev-volleyball-challenge-cup-2025-women\/chcw-72-athens-asp-thetis-v-sport-lisboa-e-benfica\/\">20h30 locais<\/a>), na capital hel\u00e9nica, e o segundo para o dia 11 de Dezembro (<a href=\"https:\/\/www.cev.eu\/match-centres\/2025-european-cups\/cev-volleyball-challenge-cup-2025-women\/chcw-71-sport-lisboa-e-benfica-v-athens-asp-thetis\/\">20h00<\/a>), em Lisboa.<br \/>\nSe ultrapassar as gregas, a forma\u00e7\u00e3o encarnada defrontar\u00e1 as vencedoras da eliminat\u00f3ria entre as finlandesas do LP Kangasala e as italianas do Reale Mutua Fenera Chieri&#8217;76, clube que venceu a competi\u00e7\u00e3o em 2022\/2023.<\/p>\n<p>As \u00e1guias da Luz, que ergueram <em><a href=\"https:\/\/fpvoleibol.pt\/fpv\/2024\/09\/28\/sl-benfica-ergue-supertaca-de-femininos\/\">recentemente<\/a><\/em> a sua primeira Superta\u00e7a, est\u00e3o a rubricar com \u00eaxito o regresso, ap\u00f3s 34 anos de interregno, da equipa de seniores femininos do SL Benfica \u00e0s competi\u00e7\u00f5es europeias.<\/p>\n<p style=\"text-align: center;\"><span style=\"background-color: #000000; color: #ffffff;\"><img loading=\"lazy\" decoding=\"async\" class=\"size-full wp-image-36731 aligncenter\" src=\"https:\/\/fpvoleibol.pt\/fpv\/wp-content\/uploads\/2024\/11\/LC_FCPxVakif_dd2.jpg\" alt=\"\" width=\"960\" height=\"640\" srcset=\"https:\/\/fpvoleibol.pt\/fpv\/wp-content\/uploads\/2024\/11\/LC_FCPxVakif_dd2.jpg 960w, https:\/\/fpvoleibol.pt\/fpv\/wp-content\/uploads\/2024\/11\/LC_FCPxVakif_dd2-300x200.jpg 300w, https:\/\/fpvoleibol.pt\/fpv\/wp-content\/uploads\/2024\/11\/LC_FCPxVakif_dd2-768x512.jpg 768w\" sizes=\"auto, (max-width: 960px) 100vw, 960px\" \/>Liga dos Campe\u00f5es<\/span><\/p>\n<p>Na terceira jornada da Pool C da 4.\u00aa Ronda da Liga dos Campe\u00f5es, a equipa de seniores femininos do <strong>Futebol Clube do Porto<\/strong> recebe no Drag\u00e3o Arena as campe\u00e3s eslovenas do Calcit Kamnik no dia 28 de Novembro (<a href=\"https:\/\/www.cev.eu\/match-centres\/2025-european-cups\/cev-champions-league-volley-2025-women\/clvw-40-fc-porto-v-calcit-kamnik\/\">20h30<\/a>).<br \/>\nA equipa de arbitragem do FC Porto x Calcit Kamnik ser\u00e1 constitu\u00edda por Sinisa Ovuka (B\u00f3snia-Herzegovina) e Bogdan Laurentiu (Rom\u00e9nia).\u00a0<strong>Ricardo Ferreira <\/strong>ser\u00e1 o \u00e1rbitro de reserva.<\/p>\n<p>Esta ser\u00e1 verdadeiramente a primeira grande oportunidade das azuis e brancas conseguirem um hist\u00f3rico triunfo na principal competi\u00e7\u00e3o europeia de clubes, pois o grupo C da Liga dos Campe\u00f5es tem como favoritas as <em>inacess\u00edveis<\/em> equipas do Volley Milano, de It\u00e1lia, e do VakifBank, da Turquia, com quem as campe\u00e3s portuguesas somaram derrotas <em>naturais<\/em> nas jornadas anteriores.<br \/>\nVice-campe\u00e3o da temporada passada, vencedor da Ta\u00e7a CEV (2020\/21) e da Challenge Cup (2018\/19), disputando ambas com o nome de Saugella Team Monza, o agora Allianz <em>ou<\/em> Numia Vero Volley Milano disputa pela quarta vez consecutiva a principal competi\u00e7\u00e3o de clubes, tendo sido sempre eliminado da prova pelos eventuais campe\u00f5es.<br \/>\nNas transalpinas, o destaque vai para jogadoras como as internacionais italianas Paola Egonu e Myriam Sylla.<br \/>\nO VakifBank Istanbul, antiga equipa de Egonu, conquistou o trof\u00e9u de campe\u00e3o europeu seis vezes nas \u00faltimas 13 temporadas e tem um registo hist\u00f3rico positivo no confronto directo com o Vero Volley Milano, tendo vencido cinco das seis partidas disputadas nas tr\u00eas \u00e9pocas anteriores na principal competi\u00e7\u00e3o europeia.<br \/>\nPara tentar contrariar o favoritismo destas duas forma\u00e7\u00f5es, aparecem as campe\u00e3s eslovenas do Calcit Kamnik e as campe\u00e3s portuguesas do FC Porto.<br \/>\nAs eslovenas come\u00e7am a ser <em>habitu\u00e9es<\/em> na competi\u00e7\u00e3o, mas nunca venceram nenhum dos 18 jogos at\u00e9 agora disputados na Champions, enquanto as portistas fazem esta \u00e9poca a sua estreia hist\u00f3rica na Liga dos Campe\u00f5es.<\/p>\n<p>As azuis e brancas chegaram \u00e0 fase de grupos depois de eliminarem as campe\u00e3s espanholas do Hidramar Gran Canaria na 3.\u00aa Ronda da Liga dos Campe\u00f5es, com vit\u00f3rias por 3-0 (casa) e 3-2 (fora).<br \/>\nO Voleibol feminino voltou assim a ter uma equipa lusitana na <em>Champions League<\/em> 19 anos depois. O Sporting Clube de Espinho foi o primeiro a disputar a Ta\u00e7a dos Campe\u00f5es Europeus, em 1960\/1961 \u2013 seguido do CDUL e do SL Benfica, que foi o primeiro a atingir os quartos-de-final (1968, 1970 e 1973) \u2013, e o Clube Acad\u00e9mico da Trofa foi a primeira equipa portuguesa de seniores femininos a disputar a actual Liga dos Campe\u00f5es, em 2005\/2006, tendo sido 6.\u00ba classificado na Pool A da fase de grupos.<\/p>\n<p class=\"\"><img loading=\"lazy\" decoding=\"async\" class=\"size-full wp-image-36780 aligncenter\" src=\"https:\/\/fpvoleibol.pt\/fpv\/wp-content\/uploads\/2024\/11\/lourenco_martins_cev.jpg\" alt=\"\" width=\"960\" height=\"640\" srcset=\"https:\/\/fpvoleibol.pt\/fpv\/wp-content\/uploads\/2024\/11\/lourenco_martins_cev.jpg 960w, https:\/\/fpvoleibol.pt\/fpv\/wp-content\/uploads\/2024\/11\/lourenco_martins_cev-300x200.jpg 300w, https:\/\/fpvoleibol.pt\/fpv\/wp-content\/uploads\/2024\/11\/lourenco_martins_cev-768x512.jpg 768w\" sizes=\"auto, (max-width: 960px) 100vw, 960px\" \/>Em masculinos, os franceses do <a href=\"http:\/\/www.snvba.net\/\" target=\"_blank\" rel=\"noopener noreferrer\">Saint-Nazaire VB Atlantique,<\/a> de Louren\u00e7o Martins, perderam hoje, em casa (<a href=\"https:\/\/www-old.cev.eu\/Competition-Area\/MatchStatistics.aspx?ID=76393\">0-3: 17-25, 20-25, 13-25<\/a>), com os italianos do Sir Sicoma Monini Perugia, l\u00edderes invictos da Pool D da 4.\u00aa Ronda na Liga dos Campe\u00f5es.<\/p>\n<p class=\"\">Os polacos do\u00a0<a href=\"https:\/\/www.aluroncmc.pl\/\" target=\"_blank\" rel=\"noopener noreferrer\">Aluron Warta Zawiercie<\/a>, de\u00a0Miguel Tavares Rodrigues, entraram da melhor maneira na Pool C ao derrotarem pela margem m\u00e1xima (<a href=\"https:\/\/www-old.cev.eu\/Competition-Area\/MatchStatistics.aspx?ID=76368\">3-0: 25-21, 25-19 e 25-16<\/a>) os austr\u00edacos do\u00a0<u>Hypo Tirol Innsbruck.<br \/>\n<\/u>No dia 21 de Novembro, o Zawiercie visita os belgas do Knack Roeselare, que na 1.\u00aa jornada perderam (2-3) no recinto do Allianz Milano.<\/p>\n<p>Os alem\u00e3es do\u00a0<a href=\"https:\/\/homeofgrizzlys.de\/\">Helios Grizzlys Giesen<\/a>, de\u00a0Miguel Sinfr\u00f3nio, receberam e perderam (<a href=\"https:\/\/www-old.cev.eu\/Competition-Area\/MatchStatistics.aspx?ID=76341\">0-3: 23-25, 23-25 e 22-25<\/a>) com os turcos do Fenerbah\u00e7e Medicana Istanbul, em jogo da Pool B da 4.\u00aa Ronda da Liga dos Campe\u00f5es.<br \/>\nNo dia 20 de Novembro, os Grizzlys visitam os gregos do Olympiacos Piraeus.<\/p>\n<p style=\"text-align: center;\"><span style=\"text-decoration: underline;\"><strong>\u00c1rbitros portugueses em ac\u00e7\u00e3o<br \/>\nnas competi\u00e7\u00f5es internacionais<\/strong><\/span><\/p>\n<p><strong>Pedro Pinto<\/strong><br \/>\nLevski Sofia (Bulg\u00e1ria) x SVG Luneburg (Alemanha), da Pool E da Liga dos Campe\u00f5es &#8211; masculinos, no dia 20 de Novembro.<br \/>\nEczacibasi Dynavit Istanbul (Turquia) x SSC Palmberg Schwern (Alemanha), da Pool B da 4.\u00aa Ronda da Liga dos Campe\u00f5es \u2013 femininos, no dia 10 de Dezembro.<br \/>\nGreenyard Maaseik (B\u00e9lgica) x PGE Projekt Warszawa (Pol\u00f3nia), da Pool A da 4.\u00aa Ronda da Liga dos Campe\u00f5es &#8211; masculinos, no dia 15 de Janeiro de 2025.<br \/>\nSaint-Nazaire VB Atlantique (Fran\u00e7a) x Jihostroj Cesk\u00e9 Budejovice (Ch\u00e9quia), da Pool D da 4.\u00aa Ronda da Liga dos Campe\u00f5es &#8211; masculinos, no dia 29 de Janeiro de 2025.<\/p>\n<p><strong>Ricardo Ferreira<\/strong><br \/>\n\u00c1rbitro de reserva no FC Porto x Calcit Kamnik (Eslov\u00e9nia), da Pool C da 4.\u00aa Ronda da Liga dos Campe\u00f5es \u2013 femininos, no dia 28 de Novembro.<br \/>\nLevallois Paris Saint Cloud (Fran\u00e7a) x Tent Obrenovac (S\u00e9rvia), da Pool B da 4.\u00aa Ronda da Liga dos Campe\u00f5es \u2013 femininos, no dia 10 de Dezembro.<br \/>\nAllianz Milano (It\u00e1lia) x Hypo Tirol Innsbruck (\u00c1ustria), da Pool C da 4.\u00aa Ronda da Liga dos Campe\u00f5es \u2013 masculinos, no dia 18 de Dezembro.<br \/>\nStars Doetinchem (Pa\u00edses Baixos) x Hypo Tirol Innsbruck (\u00c1ustria), da Pool C da 4.\u00aa Ronda da Liga dos Campe\u00f5es \u2013 masculinos, no dia 23 de Dezembro.<\/p>\n<p><strong>V\u00edtor Gon\u00e7alves<\/strong><br \/>\nACH Volley Ljubjana (Eslov\u00e9nia) x PGE Projekt Warszawa (Pol\u00f3nia), da Pool A da 4.\u00aa Ronda da Liga dos Campe\u00f5es &#8211; masculinos, no dia 21 de Novembro.<br \/>\nChaumont VB 52 (Fran\u00e7a) x SVG Luneburg (Alemanha), da Pool E da Liga dos Campe\u00f5es &#8211; masculinos, no dia 16 de Janeiro de 2025.<br \/>\nA. Carraro Imoco Conegliano (It\u00e1lia) x Developres Rzesz\u00f3w (Pol\u00f3nia), da Pool A da 4.\u00aa Ronda da Liga dos Campe\u00f5es &#8211; femininos, no dia 22 de Janeiro de 2025.<\/p>\n<p><strong>Nuno Maia<br \/>\n<\/strong>VfB Friedrichshafen (Alemanha) x Mladost Zagreb (Cro\u00e1cia), da 2.\u00aa Ronda da Liga dos Campe\u00f5es \u2013 masculinos, a contar para os 16 avos-de-final da Ta\u00e7a CEV \u2013 masculinos, no dia 20 de Novembro.<\/p>\n<p><strong>Jos\u00e9 Caramez<\/strong><br \/>\nAvarca de Menorca (Espanha) x Vencedor do Tenerife Libby\u2019s La Laguna (Espanha) <em>vs<\/em> Kaposv\u00e1ri NRC (Hungria), nos oitavos-de-final da Ta\u00e7a CEV \u2013 femininos, no dia 21 de Novembro.<\/p>\n<p><strong>Raquel Portela<br \/>\n<\/strong>Trentino Itas (It\u00e1lia) x CS Arcada Galati (Rom\u00e9nia), a contar para os 16 avos-de-final da Ta\u00e7a CEV \u2013 masculinos, no dia 20 de Novembro.<br \/>\nVencedor do Tenerife Libby\u2019s La Laguna (Espanha) vs Kaposv\u00e1ri NRC (Hungria) x Avarca de Menorca (Espanha), nos oitavos-de-final da Ta\u00e7a CEV \u2013 femininos, no dia 10, 11 ou 12 de Dezembro.<\/p>\n<p><strong>Nuno Teixeira<\/strong><br \/>\nVencedor do Orion Stars Doetinchem (Pa\u00edses Baixos) <em>vs<\/em> Asseco Resovia Rzeszow (Pol\u00f3nia) x Vencedor do Blue Volley Ostrava (Ch\u00e9quia) <em>vs<\/em> VK Lvi Praha (Ch\u00e9quia), dos oitavos-de-final da Ta\u00e7a CEV &#8211; masculinos, em data a definir.<\/p>\n<p><strong>Sofia Costa<\/strong><br \/>\nLycurgus Gronigen (Pa\u00edses Baixos) x VC Lorentzweiler (Luxemburgo), 16 avos-de-final da Challenge Cup \u2013 masculinos, no dia 19 de Novembro.<br \/>\nCharleroi Volley (B\u00e9lgica) x CV Cajasol Juvasa Sevilla (Espanha), dos oitavos-de-final da Challenge Cup &#8211; femininos, no dia 27 de Novembro.<\/p>\n<p style=\"text-align: center;\">Mais informa\u00e7\u00f5es em\u00a0<a href=\"http:\/\/www.cev.eu\/\">cev.eu<\/a><\/p>\n","protected":false},"excerpt":{"rendered":"<p>A equipa de seniores masculinos do Sport Lisboa e Benfica apurou-se hoje para os oitavos-de-final da Ta\u00e7a CEV ao voltar a vencer, e novamente pela margem m\u00e1xima (3-0: 25-15, 25-22 [&hellip;]<\/p>\n","protected":false},"author":2,"featured_media":36781,"comment_status":"open","ping_status":"open","sticky":false,"template":"","format":"standard","meta":{"_monsterinsights_skip_tracking":false,"_monsterinsights_sitenote_active":false,"_monsterinsights_sitenote_note":"","_monsterinsights_sitenote_category":0,"footnotes":""},"categories":[13,8],"tags":[54,32,53],"class_list":{"0":"post-36776","1":"post","2":"type-post","3":"status-publish","4":"format-standard","5":"has-post-thumbnail","7":"category-arbitragem","8":"category-voleibol","9":"tag-challenge-cup","10":"tag-liga-dos-campeoes","11":"tag-taca-cev","12":"czr-hentry"},"aioseo_notices":[],"_links":{"self":[{"href":"https:\/\/fpvoleibol.pt\/fpv\/wp-json\/wp\/v2\/posts\/36776","targetHints":{"allow":["GET"]}}],"collection":[{"href":"https:\/\/fpvoleibol.pt\/fpv\/wp-json\/wp\/v2\/posts"}],"about":[{"href":"https:\/\/fpvoleibol.pt\/fpv\/wp-json\/wp\/v2\/types\/post"}],"author":[{"embeddable":true,"href":"https:\/\/fpvoleibol.pt\/fpv\/wp-json\/wp\/v2\/users\/2"}],"replies":[{"embeddable":true,"href":"https:\/\/fpvoleibol.pt\/fpv\/wp-json\/wp\/v2\/comments?post=36776"}],"version-history":[{"count":9,"href":"https:\/\/fpvoleibol.pt\/fpv\/wp-json\/wp\/v2\/posts\/36776\/revisions"}],"predecessor-version":[{"id":36840,"href":"https:\/\/fpvoleibol.pt\/fpv\/wp-json\/wp\/v2\/posts\/36776\/revisions\/36840"}],"wp:featuredmedia":[{"embeddable":true,"href":"https:\/\/fpvoleibol.pt\/fpv\/wp-json\/wp\/v2\/media\/36781"}],"wp:attachment":[{"href":"https:\/\/fpvoleibol.pt\/fpv\/wp-json\/wp\/v2\/media?parent=36776"}],"wp:term":[{"taxonomy":"category","embeddable":true,"href":"https:\/\/fpvoleibol.pt\/fpv\/wp-json\/wp\/v2\/categories?post=36776"},{"taxonomy":"post_tag","embeddable":true,"href":"https:\/\/fpvoleibol.pt\/fpv\/wp-json\/wp\/v2\/tags?post=36776"}],"curies":[{"name":"wp","href":"https:\/\/api.w.org\/{rel}","templated":true}]}}