{"id":36770,"date":"2024-11-19T16:51:47","date_gmt":"2024-11-19T16:51:47","guid":{"rendered":"https:\/\/fpvoleibol.pt\/fpv\/?p=36770"},"modified":"2024-11-19T16:51:47","modified_gmt":"2024-11-19T16:51:47","slug":"treinos-de-observacao-femininos-no-carvp","status":"publish","type":"post","link":"https:\/\/fpvoleibol.pt\/fpv\/2024\/11\/19\/treinos-de-observacao-femininos-no-carvp\/","title":{"rendered":"TREINOS DE OBSERVA\u00c7\u00c3O &#8211; FEMININOS NO CARVP"},"content":{"rendered":"<p><img loading=\"lazy\" decoding=\"async\" class=\"size-full wp-image-36767 aligncenter\" src=\"https:\/\/fpvoleibol.pt\/fpv\/wp-content\/uploads\/2024\/11\/carvp_corteg_dfem.jpg\" alt=\"\" width=\"960\" height=\"696\" srcset=\"https:\/\/fpvoleibol.pt\/fpv\/wp-content\/uploads\/2024\/11\/carvp_corteg_dfem.jpg 960w, https:\/\/fpvoleibol.pt\/fpv\/wp-content\/uploads\/2024\/11\/carvp_corteg_dfem-300x218.jpg 300w, https:\/\/fpvoleibol.pt\/fpv\/wp-content\/uploads\/2024\/11\/carvp_corteg_dfem-768x557.jpg 768w\" sizes=\"auto, (max-width: 960px) 100vw, 960px\" \/>Tendo em vista o trabalho cont\u00ednuo e a prepara\u00e7\u00e3o das pr\u00f3ximas competi\u00e7\u00f5es internacionais, o Departamento das Selec\u00e7\u00f5es Nacionais de Voleibol de Praia, liderado por <span style=\"text-decoration: underline;\">Ricardo Rocha<\/span>, convocou hoje as seguintes 13 atletas para <strong>treinos de observa\u00e7\u00e3o<\/strong>.<\/p>\n<p>Os treinos de observa\u00e7\u00e3o realizam-se na pr\u00f3xima segunda-feira (25 de Novembro), das 19h00 \u00e0s 20h45, no Centro de Alto Rendimento de Voleibol de Praia (CARVP) da FPV, em Cortega\u00e7a.<\/p>\n<p style=\"text-align: center;\"><span style=\"background-color: #000000; color: #ffffff;\"><strong>CONVOCADAS<br \/>\nTREINOS DE OBSERVA\u00c7\u00c3O<\/strong><\/span><\/p>\n<p style=\"text-align: center;\"><strong><span style=\"text-decoration: underline;\">Ala de Nun\u2019\u00c1lvares de Gondomar<\/span><br \/>\n<\/strong>Leonor Silva<\/p>\n<p style=\"text-align: center;\"><strong><span style=\"text-decoration: underline;\">AA S. Mamede<\/span><br \/>\n<\/strong>In\u00eas Bessa<br \/>\nKarolina Mysko<\/p>\n<p style=\"text-align: center;\"><span style=\"text-decoration: underline;\"><strong>Cast\u00ealo da Maia GC<\/strong><\/span><br \/>\nSara Teixeira<br \/>\nLeonor Ressurrei\u00e7\u00e3o<br \/>\nMargarida Leite<\/p>\n<p style=\"text-align: center;\"><strong><span style=\"text-decoration: underline;\">CA Madalena<\/span><br \/>\n<\/strong>In\u00eas Moreira<\/p>\n<p style=\"text-align: center;\"><strong><span style=\"text-decoration: underline;\">Esmoriz GC<\/span><br \/>\n<\/strong>Lu\u00edsa Galante<\/p>\n<p style=\"text-align: center;\"><strong><span style=\"text-decoration: underline;\">FC Porto<\/span><br \/>\n<\/strong>Gabriela Barreto<br \/>\nIn\u00eas Conde Silva<\/p>\n<p style=\"text-align: center;\"><strong><span style=\"text-decoration: underline;\">Leix\u00f5es SC<\/span><br \/>\n<\/strong>Carlota Alves<\/p>\n<p style=\"text-align: center;\"><strong><span style=\"text-decoration: underline;\">PV 2014 &#8211; Col\u00e9gio Efanor<\/span><br \/>\n<\/strong>In\u00eas Andrade<\/p>\n<p style=\"text-align: center;\"><strong><span style=\"text-decoration: underline;\">SC Braga<\/span><br \/>\n<\/strong>L\u00edvia Al\u00e1rio<\/p>\n","protected":false},"excerpt":{"rendered":"<p>Tendo em vista o trabalho cont\u00ednuo e a prepara\u00e7\u00e3o das pr\u00f3ximas competi\u00e7\u00f5es internacionais, o Departamento das Selec\u00e7\u00f5es Nacionais de Voleibol de Praia, liderado por Ricardo Rocha, convocou hoje as seguintes [&hellip;]<\/p>\n","protected":false},"author":2,"featured_media":11870,"comment_status":"open","ping_status":"open","sticky":false,"template":"","format":"standard","meta":{"_monsterinsights_skip_tracking":false,"_monsterinsights_sitenote_active":false,"_monsterinsights_sitenote_note":"","_monsterinsights_sitenote_category":0,"footnotes":""},"categories":[9],"tags":[139],"class_list":{"0":"post-36770","1":"post","2":"type-post","3":"status-publish","4":"format-standard","5":"has-post-thumbnail","7":"category-voleibol-de-praia","8":"tag-epoca-2024-2025","9":"czr-hentry"},"aioseo_notices":[],"_links":{"self":[{"href":"https:\/\/fpvoleibol.pt\/fpv\/wp-json\/wp\/v2\/posts\/36770","targetHints":{"allow":["GET"]}}],"collection":[{"href":"https:\/\/fpvoleibol.pt\/fpv\/wp-json\/wp\/v2\/posts"}],"about":[{"href":"https:\/\/fpvoleibol.pt\/fpv\/wp-json\/wp\/v2\/types\/post"}],"author":[{"embeddable":true,"href":"https:\/\/fpvoleibol.pt\/fpv\/wp-json\/wp\/v2\/users\/2"}],"replies":[{"embeddable":true,"href":"https:\/\/fpvoleibol.pt\/fpv\/wp-json\/wp\/v2\/comments?post=36770"}],"version-history":[{"count":2,"href":"https:\/\/fpvoleibol.pt\/fpv\/wp-json\/wp\/v2\/posts\/36770\/revisions"}],"predecessor-version":[{"id":36772,"href":"https:\/\/fpvoleibol.pt\/fpv\/wp-json\/wp\/v2\/posts\/36770\/revisions\/36772"}],"wp:featuredmedia":[{"embeddable":true,"href":"https:\/\/fpvoleibol.pt\/fpv\/wp-json\/wp\/v2\/media\/11870"}],"wp:attachment":[{"href":"https:\/\/fpvoleibol.pt\/fpv\/wp-json\/wp\/v2\/media?parent=36770"}],"wp:term":[{"taxonomy":"category","embeddable":true,"href":"https:\/\/fpvoleibol.pt\/fpv\/wp-json\/wp\/v2\/categories?post=36770"},{"taxonomy":"post_tag","embeddable":true,"href":"https:\/\/fpvoleibol.pt\/fpv\/wp-json\/wp\/v2\/tags?post=36770"}],"curies":[{"name":"wp","href":"https:\/\/api.w.org\/{rel}","templated":true}]}}