{"id":36756,"date":"2024-11-17T21:22:59","date_gmt":"2024-11-17T21:22:59","guid":{"rendered":"https:\/\/fpvoleibol.pt\/fpv\/?p=36756"},"modified":"2024-11-19T09:40:01","modified_gmt":"2024-11-19T09:40:01","slug":"i-global-volleyball-summit-no-porto","status":"publish","type":"post","link":"https:\/\/fpvoleibol.pt\/fpv\/2024\/11\/17\/i-global-volleyball-summit-no-porto\/","title":{"rendered":"I GLOBAL VOLLEYBALL SUMMIT NO PORTO"},"content":{"rendered":"<p><img loading=\"lazy\" decoding=\"async\" class=\"size-full wp-image-36760 aligncenter\" src=\"https:\/\/fpvoleibol.pt\/fpv\/wp-content\/uploads\/2024\/11\/global_summit_d.jpg\" alt=\"\" width=\"960\" height=\"540\" srcset=\"https:\/\/fpvoleibol.pt\/fpv\/wp-content\/uploads\/2024\/11\/global_summit_d.jpg 960w, https:\/\/fpvoleibol.pt\/fpv\/wp-content\/uploads\/2024\/11\/global_summit_d-300x169.jpg 300w, https:\/\/fpvoleibol.pt\/fpv\/wp-content\/uploads\/2024\/11\/global_summit_d-768x432.jpg 768w, https:\/\/fpvoleibol.pt\/fpv\/wp-content\/uploads\/2024\/11\/global_summit_d-528x297.jpg 528w\" sizes=\"auto, (max-width: 960px) 100vw, 960px\" \/>O primeiro <strong>Global Volleyball Summit<\/strong> aconteceu hoje no Porto, ap\u00f3s o <span style=\"text-decoration: underline;\">39.\u00ba Congresso Mundial da Federa\u00e7\u00e3o Internacional de Voleibol (FIVB)<\/span>.<br \/>\nO evento contou com oradores de renome, que abordaram uma gama diversificada de t\u00f3picos, incluindo comunica\u00e7\u00f5es, <em>boa governan\u00e7a<\/em>, FIVB Volleyball Empowerment, desenvolvimento comunit\u00e1rio, sustentabilidade, estrat\u00e9gia de eventos, Volleyball TV e transforma\u00e7\u00e3o digital.<\/p>\n<p>A <em>plateia<\/em> foi constitu\u00edda por centenas de representantes das federa\u00e7\u00f5es nacionais filiadas na FIVB e que participaram no 39.\u00ba Congresso Mundial, realizado nos dois dias anteriores.<\/p>\n<p>\u201c<em>Devemos estar muito orgulhosos do que conquistamos aqui hoje. Pela primeira vez, tivemos uma Cimeira com a fam\u00edlia inteira. E que tr\u00eas dias extraordin\u00e1rios. Estou muito grato e muito feliz<\/em>\u201d, salientou o rec\u00e9m-eleito presidente da FIVB, o brasileiro <span style=\"text-decoration: underline;\">F\u00e1bio Azevedo<\/span>, que encerrou o hist\u00f3rico Global Volleyball Summit, uma verdadeira celebra\u00e7\u00e3o do tremendo progresso da modalidade e uma declara\u00e7\u00e3o da sua vis\u00e3o ousada para o futuro.<\/p>\n<p>Para mais informa\u00e7\u00f5es sobre o <strong>39.\u00ba Congresso Mundial da FIVB<\/strong> e as \u00faltimas not\u00edcias, visite a p\u00e1gina Web que lhe \u00e9 dedicada <a href=\"https:\/\/www.fivb.com\/inside-fivb\/fivb\/fivb-world-congress\/fivb-world-congress-2024\/\">AQUI<\/a><\/p>\n<p>Para seguir em directo o Congresso Mundial da FIVB, consultar as liga\u00e7\u00f5es:<\/p>\n<p><strong>Congresso Mundial da FIVB 2024 \u2013 Dia 1 <\/strong>(15 de Novembro) <a href=\"https:\/\/youtube.com\/live\/PzNUHttyTPA?feature=share\">https:\/\/youtube.com\/live\/PzNUHttyTPA?feature=share<\/a><\/p>\n<p><strong>Congresso Mundial da FIVB 2024 \u2013 Dia 2<\/strong> (16 de Novembro) <a href=\"https:\/\/youtube.com\/live\/7fyRcPEyrvk?feature=share\">https:\/\/youtube.com\/live\/7fyRcPEyrvk?feature=share<\/a><\/p>\n<p><strong>Global Volleyball Summit <\/strong>(Cimeira Mundial de Voleibol <strong>\u2013 <\/strong>17 de Novembro) <a href=\"https:\/\/youtube.com\/live\/kGmPv0esiBw?feature=share\">https:\/\/youtube.com\/live\/kGmPv0esiBw?feature=share<\/a><\/p>\n<p style=\"text-align: center;\">Outros pontos em an\u00e1lise poder\u00e3o ser consultados na <a href=\"https:\/\/fpvoleibol.pt\/fpv\/wp-content\/uploads\/2024\/11\/FIVB-39th-World-Congress-2024-AGENDA.pdf\"><strong>agenda<\/strong> do 39th World Congress<\/a><\/p>\n<p style=\"text-align: center;\"><span style=\"text-decoration: underline;\">Mais informa\u00e7\u00f5es <a href=\"https:\/\/fpvoleibol.pt\/fpv\/features\/39o-congresso-mundial-da-fivb\/\">AQUI<\/a><\/span><\/p>\n","protected":false},"excerpt":{"rendered":"<p>O primeiro Global Volleyball Summit aconteceu hoje no Porto, ap\u00f3s o 39.\u00ba Congresso Mundial da Federa\u00e7\u00e3o Internacional de Voleibol (FIVB). O evento contou com oradores de renome, que abordaram uma [&hellip;]<\/p>\n","protected":false},"author":2,"featured_media":36759,"comment_status":"open","ping_status":"open","sticky":false,"template":"","format":"standard","meta":{"_monsterinsights_skip_tracking":false,"_monsterinsights_sitenote_active":false,"_monsterinsights_sitenote_note":"","_monsterinsights_sitenote_category":0,"footnotes":""},"categories":[20,14,8],"tags":[127],"class_list":{"0":"post-36756","1":"post","2":"type-post","3":"status-publish","4":"format-standard","5":"has-post-thumbnail","7":"category-destaque","8":"category-institucional","9":"category-voleibol","10":"tag-39-o-congresso-mundial-fivb","11":"czr-hentry"},"aioseo_notices":[],"_links":{"self":[{"href":"https:\/\/fpvoleibol.pt\/fpv\/wp-json\/wp\/v2\/posts\/36756","targetHints":{"allow":["GET"]}}],"collection":[{"href":"https:\/\/fpvoleibol.pt\/fpv\/wp-json\/wp\/v2\/posts"}],"about":[{"href":"https:\/\/fpvoleibol.pt\/fpv\/wp-json\/wp\/v2\/types\/post"}],"author":[{"embeddable":true,"href":"https:\/\/fpvoleibol.pt\/fpv\/wp-json\/wp\/v2\/users\/2"}],"replies":[{"embeddable":true,"href":"https:\/\/fpvoleibol.pt\/fpv\/wp-json\/wp\/v2\/comments?post=36756"}],"version-history":[{"count":1,"href":"https:\/\/fpvoleibol.pt\/fpv\/wp-json\/wp\/v2\/posts\/36756\/revisions"}],"predecessor-version":[{"id":36761,"href":"https:\/\/fpvoleibol.pt\/fpv\/wp-json\/wp\/v2\/posts\/36756\/revisions\/36761"}],"wp:featuredmedia":[{"embeddable":true,"href":"https:\/\/fpvoleibol.pt\/fpv\/wp-json\/wp\/v2\/media\/36759"}],"wp:attachment":[{"href":"https:\/\/fpvoleibol.pt\/fpv\/wp-json\/wp\/v2\/media?parent=36756"}],"wp:term":[{"taxonomy":"category","embeddable":true,"href":"https:\/\/fpvoleibol.pt\/fpv\/wp-json\/wp\/v2\/categories?post=36756"},{"taxonomy":"post_tag","embeddable":true,"href":"https:\/\/fpvoleibol.pt\/fpv\/wp-json\/wp\/v2\/tags?post=36756"}],"curies":[{"name":"wp","href":"https:\/\/api.w.org\/{rel}","templated":true}]}}