{"id":36700,"date":"2024-11-16T19:49:01","date_gmt":"2024-11-16T19:49:01","guid":{"rendered":"https:\/\/fpvoleibol.pt\/fpv\/?p=36700"},"modified":"2024-12-11T10:19:46","modified_gmt":"2024-12-11T10:19:46","slug":"fabio-azevedo-e-o-novo-presidente-da-fivb","status":"publish","type":"post","link":"https:\/\/fpvoleibol.pt\/fpv\/2024\/11\/16\/fabio-azevedo-e-o-novo-presidente-da-fivb\/","title":{"rendered":"F\u00c1BIO AZEVEDO \u00c9 O NOVO PRESIDENTE DA FIVB"},"content":{"rendered":"<p style=\"text-align: center;\"><strong><img loading=\"lazy\" decoding=\"async\" class=\"size-full wp-image-36705 aligncenter\" src=\"https:\/\/fpvoleibol.pt\/fpv\/wp-content\/uploads\/2024\/11\/39congresso_fabio_azevedo.jpg\" alt=\"\" width=\"960\" height=\"540\" srcset=\"https:\/\/fpvoleibol.pt\/fpv\/wp-content\/uploads\/2024\/11\/39congresso_fabio_azevedo.jpg 960w, https:\/\/fpvoleibol.pt\/fpv\/wp-content\/uploads\/2024\/11\/39congresso_fabio_azevedo-300x169.jpg 300w, https:\/\/fpvoleibol.pt\/fpv\/wp-content\/uploads\/2024\/11\/39congresso_fabio_azevedo-768x432.jpg 768w, https:\/\/fpvoleibol.pt\/fpv\/wp-content\/uploads\/2024\/11\/39congresso_fabio_azevedo-528x297.jpg 528w\" sizes=\"auto, (max-width: 960px) 100vw, 960px\" \/>O 39.\u00ba Congresso Mundial da Federa\u00e7\u00e3o Internacional de Voleibol (FIVB), a decorrer na cidade do Porto, elegeu hoje, por unanimidade e aclama\u00e7\u00e3o, o brasileiro F\u00e1bio Azevedo como o novo Presidente do organismo que superintende o Voleibol a n\u00edvel mundial. Vicente Ara\u00fajo, Presidente da FPV, foi homenageado pela FIVB.<\/strong><\/p>\n<p>Com a elei\u00e7\u00e3o do 5.\u00ba Presidente da FIVB inicia-se assim, em solo portugu\u00eas, um novo cap\u00edtulo para a comunidade global do Voleibol. Ap\u00f3s receber o apoio retumbante dos delegados internacionais do Voleibol, F\u00e1bio Azevedo liderar\u00e1 a organiza\u00e7\u00e3o durante os pr\u00f3ximos oito anos, com base nos \u00eaxitos alcan\u00e7ados com o seu antecessor, o tamb\u00e9m brasileiro Ary Gra\u00e7a.<\/p>\n<p>Antes das elei\u00e7\u00f5es, <strong>F\u00e1bio Azevedo<\/strong> partilhou a sua vis\u00e3o estrat\u00e9gica para 2024-2032, comprometendo-se a liderar o Voleibol na sua pr\u00f3xima etapa, elevando ainda mais os padr\u00f5es profissionais do desporto e expandindo o seu alcance tanto para praticantes como para adeptos em todo o mundo, sempre com o objectivo de duplicar a actual base de f\u00e3s global de 800 milh\u00f5es de pessoas.<\/p>\n<p>O novo Presidente da FIVB salientou:<br \/>\n&#8220;<em>Sinto-me honrado, humilde e grato por ter sido eleito para servir o movimento global do Voleibol pelos pr\u00f3ximos oito anos. Nos \u00faltimos 12 anos, o Voleibol experimentou um crescimento, desenvolvimento e moderniza\u00e7\u00e3o not\u00e1veis em todo o mundo, e temos a oportunidade de construir bases muito fortes. Com o apoio da comunidade internacional de Voleibol, estou pronto para guiar a modalidade para a pr\u00f3xima fase atrav\u00e9s da vis\u00e3o estrat\u00e9gica 2024-2032, que \u00e9 liderada pelo lema &#8216;Juntos como um&#8217; e os pilares fundamentais do profissionalismo, integra\u00e7\u00e3o, empoderamento e participa\u00e7\u00e3o em massa<\/em>.\u201d<\/p>\n<p>Candidato \u00fanico, o brasileiro <strong>F\u00e1bio Azevedo,<\/strong> que era o Director-Geral da FIVB, tem uma larga experi\u00eancia como dirigente no Voleibol, que remonta h\u00e1 quase 30 anos, e a sua inabal\u00e1vel dedica\u00e7\u00e3o ao crescimento sustent\u00e1vel do desporto est\u00e1 na posi\u00e7\u00e3o certa para liderar a FIVB no seu pr\u00f3ximo cap\u00edtulo.<\/p>\n<p><img loading=\"lazy\" decoding=\"async\" class=\" wp-image-36706 alignleft\" src=\"https:\/\/fpvoleibol.pt\/fpv\/wp-content\/uploads\/2024\/11\/fabioazevedo_39congresso_d.jpg\" alt=\"\" width=\"319\" height=\"183\" srcset=\"https:\/\/fpvoleibol.pt\/fpv\/wp-content\/uploads\/2024\/11\/fabioazevedo_39congresso_d.jpg 960w, https:\/\/fpvoleibol.pt\/fpv\/wp-content\/uploads\/2024\/11\/fabioazevedo_39congresso_d-300x173.jpg 300w, https:\/\/fpvoleibol.pt\/fpv\/wp-content\/uploads\/2024\/11\/fabioazevedo_39congresso_d-768x442.jpg 768w\" sizes=\"auto, (max-width: 319px) 100vw, 319px\" \/>O neozeland\u00eas Hugh McCutcheon ocupar\u00e1 o cargo de Secret\u00e1rio-Geral da FIVB.<br \/>\nMcCutcheon come\u00e7ou a sua jornada no Voleibol como jogador antes de fazer a transi\u00e7\u00e3o para as fun\u00e7\u00f5es de treinador, tendo liderado notavelmente a Selec\u00e7\u00e3o Masculina dos Estados Unidos da Am\u00e9rica para o ouro nos Jogos Ol\u00edmpicos de Pequim 2008 e, depois, a Selec\u00e7\u00e3o Norte-americana feminina para uma medalha de prata em Londres 2012.<\/p>\n<p>O novo Conselho de Administra\u00e7\u00e3o da FIVB passa a ter como membro <strong>Leonel Salgueiro<\/strong>, Vice-Presidente da Confedera\u00e7\u00e3o Europeia de Voleibol (CEV) e Director T\u00e9cnico da Federa\u00e7\u00e3o Portuguesa de Voleibol.<br \/>\nRog\u00e9rio Pedro Oliveira, Assessor Jur\u00eddico da FPV, e Jos\u00e9 Casanova mant\u00eam-se, respectivamente, como Presidente da Comiss\u00e3o Legal da FIVB e Secret\u00e1rio da Comiss\u00e3o de Leis de Jogo e Arbitragem da FIVB.<\/p>\n<p>Com uma nova equipa de lideran\u00e7a din\u00e2mica \u00e0 frente, a FIVB est\u00e1 preparada para um futuro promissor, uma vez que continua a elevar o Voleibol no cen\u00e1rio global.<\/p>\n<p style=\"text-align: center;\"><span style=\"text-decoration: underline;\"><strong><img loading=\"lazy\" decoding=\"async\" class=\"size-full wp-image-36714 aligncenter\" src=\"https:\/\/fpvoleibol.pt\/fpv\/wp-content\/uploads\/2024\/11\/39CM_homenagem_presFPV_01.jpg\" alt=\"\" width=\"960\" height=\"570\" srcset=\"https:\/\/fpvoleibol.pt\/fpv\/wp-content\/uploads\/2024\/11\/39CM_homenagem_presFPV_01.jpg 960w, https:\/\/fpvoleibol.pt\/fpv\/wp-content\/uploads\/2024\/11\/39CM_homenagem_presFPV_01-300x178.jpg 300w, https:\/\/fpvoleibol.pt\/fpv\/wp-content\/uploads\/2024\/11\/39CM_homenagem_presFPV_01-768x456.jpg 768w\" sizes=\"auto, (max-width: 960px) 100vw, 960px\" \/>VICENTE ARA\u00daJO <\/strong><\/span><br \/>\n<span style=\"text-decoration: underline;\"><strong>HOMENAGEADO PELA FIVB<\/strong><\/span><\/p>\n<p>Antes de, como disse no seu discurso de abertura, &#8220;<em>come\u00e7ar a minha nova vida&#8221;,<\/em> o brasileiro Ary Gra\u00e7a Silva Filho,\u00a0 que tem ra\u00edzes portuguesas, fez quest\u00e3o de distinguir o Presidente da Federa\u00e7\u00e3o Portuguesa de Voleibol, entregando a \u00abMr. Vicente Ara\u00fajo\u00bb uma placa de homenagem &#8220;<em>em reconhecimento pelas suas dedicadas contribui\u00e7\u00f5es para o desenvolvimento do Voleibol em Portugal<\/em>&#8220;, assinada pelo (ex-)Presidente da FIVB.<\/p>\n<p>Ary Gra\u00e7a, agora com 81 anos, sucedeu ao chin\u00eas Jizhong Wei, que presidiu \u00e0 FIVB de 2008 a 2012, ao mexicano Rub\u00e9n Acosta (1984 a 2008) e ao franc\u00eas Paul Libaud (1947 a 1984).<\/p>\n<p>Em 2024, ano em que se comemora o 129.\u00ba anivers\u00e1rio do Voleibol, a FIVB, com sede na Su\u00ed\u00e7a desde 1984, tem filiadas 5 Confedera\u00e7\u00f5es Continentais \u2013 \u00c1frica, \u00c1sia, Europa, NORCECA (Am\u00e9rica do Norte e Centro e Cara\u00edbas) e Am\u00e9rica do Sul \u2013 que, no total, compreendem 222 federa\u00e7\u00f5es nacionais.<\/p>\n<p>Para mais informa\u00e7\u00f5es sobre o <strong>39.\u00ba Congresso Mundial da FIVB<\/strong> e as \u00faltimas not\u00edcias, visite a p\u00e1gina Web que lhe \u00e9 dedicada <a href=\"https:\/\/www.fivb.com\/inside-fivb\/fivb\/fivb-world-congress\/fivb-world-congress-2024\/\">AQUI<\/a><\/p>\n<p>Para seguir em directo o Congresso Mundial da FIVB, consultar as liga\u00e7\u00f5es:<\/p>\n<p><strong>Congresso Mundial da FIVB 2024 \u2013 Dia 1 <\/strong>(15 de Novembro) <a href=\"https:\/\/youtube.com\/live\/PzNUHttyTPA?feature=share\">https:\/\/youtube.com\/live\/PzNUHttyTPA?feature=share<\/a><\/p>\n<p><strong>Congresso Mundial da FIVB 2024 \u2013 Dia 2<\/strong> (16 de Novembro) <a href=\"https:\/\/youtube.com\/live\/7fyRcPEyrvk?feature=share\">https:\/\/youtube.com\/live\/7fyRcPEyrvk?feature=share<\/a><\/p>\n<p><strong>Global Volleyball Summit <\/strong>(Cimeira Mundial de Voleibol <strong>\u2013 <\/strong>17 de Novembro) <a href=\"https:\/\/youtube.com\/live\/kGmPv0esiBw?feature=share\">https:\/\/youtube.com\/live\/kGmPv0esiBw?feature=share<\/a><\/p>\n<p style=\"text-align: center;\">Outros pontos em an\u00e1lise poder\u00e3o ser consultados na <a href=\"https:\/\/fpvoleibol.pt\/fpv\/wp-content\/uploads\/2024\/11\/FIVB-39th-World-Congress-2024-AGENDA.pdf\"><strong>agenda<\/strong> do 39th World Congress<\/a><\/p>\n<p style=\"text-align: center;\"><span style=\"text-decoration: underline;\">Mais informa\u00e7\u00f5es <a href=\"https:\/\/fpvoleibol.pt\/fpv\/features\/39o-congresso-mundial-da-fivb\/\">AQUI<\/a><\/span><\/p>\n<p><img loading=\"lazy\" decoding=\"async\" class=\"size-full wp-image-36710 aligncenter\" src=\"https:\/\/fpvoleibol.pt\/fpv\/wp-content\/uploads\/2024\/11\/VAraujo_39congress.jpg\" alt=\"\" width=\"960\" height=\"640\" srcset=\"https:\/\/fpvoleibol.pt\/fpv\/wp-content\/uploads\/2024\/11\/VAraujo_39congress.jpg 960w, https:\/\/fpvoleibol.pt\/fpv\/wp-content\/uploads\/2024\/11\/VAraujo_39congress-300x200.jpg 300w, https:\/\/fpvoleibol.pt\/fpv\/wp-content\/uploads\/2024\/11\/VAraujo_39congress-768x512.jpg 768w\" sizes=\"auto, (max-width: 960px) 100vw, 960px\" \/>A n\u00edvel organizativo e n\u00e3o s\u00f3, volta a ser um momento alto para o nosso Pa\u00eds, depois do sucesso do 29.\u00ba Congresso, realizado em 2004 igualmente no Porto, ter sido considerado \u201c<em>o melhor<\/em>\u201d at\u00e9 ent\u00e3o e \u201c<em>um dos mais importantes de sempre<\/em>\u201d pelos respons\u00e1veis da FIVB.<br \/>\nO Congresso de 2004 foi ainda honrado com a presen\u00e7a do ent\u00e3o Presidente da Rep\u00fablica, Jorge Sampaio, e do Comandante Vicente de Moura, na altura Presidente do Comit\u00e9 Ol\u00edmpico de Portugal (COP), bem como de v\u00e1rias outras altas individualidades.<br \/>\nO\u00a029.\u00ba Congresso Mundial\u00a0fez convergir para o Porto as aten\u00e7\u00f5es de dirigentes e Imprensa de todo o mundo, tendo ficado marcado pela filia\u00e7\u00e3o de Timor-Leste como a 218.\u00aa federa\u00e7\u00e3o nacional na FIVB e pelo facto de o portugu\u00eas se ter tornado l\u00edngua oficial da FIVB.<\/p>\n","protected":false},"excerpt":{"rendered":"<p>O 39.\u00ba Congresso Mundial da Federa\u00e7\u00e3o Internacional de Voleibol (FIVB), a decorrer na cidade do Porto, elegeu hoje, por unanimidade e aclama\u00e7\u00e3o, o brasileiro F\u00e1bio Azevedo como o novo Presidente [&hellip;]<\/p>\n","protected":false},"author":2,"featured_media":36707,"comment_status":"open","ping_status":"open","sticky":false,"template":"","format":"standard","meta":{"_monsterinsights_skip_tracking":false,"_monsterinsights_sitenote_active":false,"_monsterinsights_sitenote_note":"","_monsterinsights_sitenote_category":0,"footnotes":""},"categories":[20,14],"tags":[127],"class_list":{"0":"post-36700","1":"post","2":"type-post","3":"status-publish","4":"format-standard","5":"has-post-thumbnail","7":"category-destaque","8":"category-institucional","9":"tag-39-o-congresso-mundial-fivb","10":"czr-hentry"},"aioseo_notices":[],"_links":{"self":[{"href":"https:\/\/fpvoleibol.pt\/fpv\/wp-json\/wp\/v2\/posts\/36700","targetHints":{"allow":["GET"]}}],"collection":[{"href":"https:\/\/fpvoleibol.pt\/fpv\/wp-json\/wp\/v2\/posts"}],"about":[{"href":"https:\/\/fpvoleibol.pt\/fpv\/wp-json\/wp\/v2\/types\/post"}],"author":[{"embeddable":true,"href":"https:\/\/fpvoleibol.pt\/fpv\/wp-json\/wp\/v2\/users\/2"}],"replies":[{"embeddable":true,"href":"https:\/\/fpvoleibol.pt\/fpv\/wp-json\/wp\/v2\/comments?post=36700"}],"version-history":[{"count":9,"href":"https:\/\/fpvoleibol.pt\/fpv\/wp-json\/wp\/v2\/posts\/36700\/revisions"}],"predecessor-version":[{"id":37198,"href":"https:\/\/fpvoleibol.pt\/fpv\/wp-json\/wp\/v2\/posts\/36700\/revisions\/37198"}],"wp:featuredmedia":[{"embeddable":true,"href":"https:\/\/fpvoleibol.pt\/fpv\/wp-json\/wp\/v2\/media\/36707"}],"wp:attachment":[{"href":"https:\/\/fpvoleibol.pt\/fpv\/wp-json\/wp\/v2\/media?parent=36700"}],"wp:term":[{"taxonomy":"category","embeddable":true,"href":"https:\/\/fpvoleibol.pt\/fpv\/wp-json\/wp\/v2\/categories?post=36700"},{"taxonomy":"post_tag","embeddable":true,"href":"https:\/\/fpvoleibol.pt\/fpv\/wp-json\/wp\/v2\/tags?post=36700"}],"curies":[{"name":"wp","href":"https:\/\/api.w.org\/{rel}","templated":true}]}}