{"id":36651,"date":"2024-11-15T12:56:41","date_gmt":"2024-11-15T12:56:41","guid":{"rendered":"https:\/\/fpvoleibol.pt\/fpv\/?p=36651"},"modified":"2024-11-17T14:28:21","modified_gmt":"2024-11-17T14:28:21","slug":"congresso-mundial-arrancou-hoje-no-porto","status":"publish","type":"post","link":"https:\/\/fpvoleibol.pt\/fpv\/2024\/11\/15\/congresso-mundial-arrancou-hoje-no-porto\/","title":{"rendered":"CONGRESSO MUNDIAL ARRANCOU HOJE NO PORTO"},"content":{"rendered":"<p style=\"text-align: center;\"><strong><img loading=\"lazy\" decoding=\"async\" class=\"size-full wp-image-36671 aligncenter\" src=\"https:\/\/fpvoleibol.pt\/fpv\/wp-content\/uploads\/2024\/11\/39congresso_06_dd.jpg\" alt=\"\" width=\"960\" height=\"570\" srcset=\"https:\/\/fpvoleibol.pt\/fpv\/wp-content\/uploads\/2024\/11\/39congresso_06_dd.jpg 960w, https:\/\/fpvoleibol.pt\/fpv\/wp-content\/uploads\/2024\/11\/39congresso_06_dd-300x178.jpg 300w, https:\/\/fpvoleibol.pt\/fpv\/wp-content\/uploads\/2024\/11\/39congresso_06_dd-768x456.jpg 768w\" sizes=\"auto, (max-width: 960px) 100vw, 960px\" \/>O 39.\u00ba Congresso Mundial da Federa\u00e7\u00e3o Internacional de Voleibol (FIVB) arrancou hoje, no Porto, e sob os melhores ausp\u00edcios ao enaltecer o regresso ao Porto, 20 anos depois, daquela que \u00e9 a mais importante reuni\u00e3o da elite do dirigismo mundial de Voleibol.\u00a0<\/strong><\/p>\n<p>Muito saudado quando entrou na sala de congressos do Hotel Sheraton, na Cidade Invicta, o brasileiro com ra\u00edzes portuguesas <strong>Ary Gra\u00e7a<\/strong>, Presidente da FIVB desde 2012, deu as boas-vindas aos representantes das 222 federa\u00e7\u00f5es filiadas na FIVB, que escolher\u00e3o o seu sucessor na Presid\u00eancia do organismo que rege o Voleibol a n\u00edvel mundial, e relembrou o trabalho realizado em conjunto com a \u00abFam\u00edlia do Voleibol\u00bb nos \u00faltimos 12 anos.<\/p>\n<p><img loading=\"lazy\" decoding=\"async\" class=\" wp-image-36687 alignleft\" src=\"https:\/\/fpvoleibol.pt\/fpv\/wp-content\/uploads\/2024\/11\/39congresso_04_arygraca_d2.jpg\" alt=\"\" width=\"391\" height=\"220\" srcset=\"https:\/\/fpvoleibol.pt\/fpv\/wp-content\/uploads\/2024\/11\/39congresso_04_arygraca_d2.jpg 960w, https:\/\/fpvoleibol.pt\/fpv\/wp-content\/uploads\/2024\/11\/39congresso_04_arygraca_d2-300x169.jpg 300w, https:\/\/fpvoleibol.pt\/fpv\/wp-content\/uploads\/2024\/11\/39congresso_04_arygraca_d2-768x432.jpg 768w, https:\/\/fpvoleibol.pt\/fpv\/wp-content\/uploads\/2024\/11\/39congresso_04_arygraca_d2-528x297.jpg 528w\" sizes=\"auto, (max-width: 391px) 100vw, 391px\" \/><\/p>\n<p>&#8220;P<em>e\u00e7o um grande aplauso para os nossos anfitri\u00f5es e para o Professor Vicente Ara\u00fajo pela sua hospitalidade neste regresso do congresso \u00e0 cidade do Porto. <\/em><em>Este evento \u00e9 especial porque se realiza em Portugal, um dos fundadores da Federa\u00e7\u00e3o Internacional de Voleibol<\/em> [em 1947]&#8221;, come\u00e7ou por referir <strong>Ary Gra\u00e7a Filho<\/strong>, salientando:<br \/>\n&#8220;E<em>ste congresso \u00e9 tamb\u00e9m muito especial para mim porque marca o fim do meu mandato e o come\u00e7o da minha nova vida. Obrigado \u00e0 Fam\u00edlia do Voleibol por me ter escolhido e por em conjunto termos tornado a minha vis\u00e3o do Voleibol uma realidade. Vamos recordar o passado, celebrar o presente e focarmo-nos no futuro, pois o Voleibol n\u00e3o tem limites<\/em>.&#8221;<br \/>\nEleito pela primeira vez em 2012 num congresso que decorreu nos Estados Unidos, Ary Gra\u00e7a seria reeleito Presidente da Federa\u00e7\u00e3o Internacional de Voleibol (FIVB) para o per\u00edodo de 2016\/2024 no 35.\u00ba Congresso Mundial da FIVB, realizado em 2016 na cidade argentina de Buenos Aires. Ary Gra\u00e7a, agora com 81 anos, sucedeu ao chin\u00eas Jizhong Wei, que presidiu \u00e0 FIVB de 2008 a 2012, ao mexicano Rub\u00e9n Acosta (1984 a 2008) e ao franc\u00eas Paul Libaud (1947 a 1984).<\/p>\n<p><strong><img loading=\"lazy\" decoding=\"async\" class=\" wp-image-36686 alignleft\" src=\"https:\/\/fpvoleibol.pt\/fpv\/wp-content\/uploads\/2024\/11\/Vicente_araujo_39congresso_01_dd.jpg\" alt=\"\" width=\"392\" height=\"261\" srcset=\"https:\/\/fpvoleibol.pt\/fpv\/wp-content\/uploads\/2024\/11\/Vicente_araujo_39congresso_01_dd.jpg 960w, https:\/\/fpvoleibol.pt\/fpv\/wp-content\/uploads\/2024\/11\/Vicente_araujo_39congresso_01_dd-300x200.jpg 300w, https:\/\/fpvoleibol.pt\/fpv\/wp-content\/uploads\/2024\/11\/Vicente_araujo_39congresso_01_dd-768x512.jpg 768w\" sizes=\"auto, (max-width: 392px) 100vw, 392px\" \/>Vicente Ara\u00fajo<\/strong>, Presidente da Federa\u00e7\u00e3o Portuguesa de Voleibol (FPV), recuperou o momento em que a Fam\u00edlia do Voleibol se reuniu em 2004 (29.\u00ba Congresso Mundial), no Porto, &#8220;<em>20 anos depois estamos aqui, nesta mesma sala a tomar decis\u00f5es sobre o futuro do Voleibol&#8221;<\/em>, lembrou.<br \/>\n&#8220;<em>Dou as boas-vindas a todos os congressistas representantes das Federa\u00e7\u00f5es Nacionais do voleibol mundial. Em nome da Federa\u00e7\u00e3o Portuguesa de Voleibol, quero afirmar o privil\u00e9gio que \u00e9 para mim receber no meu Pa\u00eds e na minha cidade o Voleibol de todo o mundo para mais uma oportunidade de trabalho visando o desenvolvimento da modalidade<\/em>&#8220;, afirmou. Ver discurso na \u00edntegra <a href=\"https:\/\/fpvoleibol.pt\/fpv\/wp-content\/uploads\/2024\/11\/39congresso_mundial_discurso.pdf\">AQUI<\/a><\/p>\n<p>Para al\u00e9m de ser um congresso eleitoral, a reuni\u00e3o magna abordar\u00e1 praticamente todos os temas relacionados com a modalidade, sendo que o Presidente da Federa\u00e7\u00e3o Portuguesa (FPV), Vicente Ara\u00fajo, teve a seu cargo a apresenta\u00e7\u00e3o da Comiss\u00e3o de Voleibol de Praia da FIVB.<\/p>\n<p>&nbsp;<\/p>\n<p><strong><img loading=\"lazy\" decoding=\"async\" class=\" wp-image-36685 alignleft\" src=\"https:\/\/fpvoleibol.pt\/fpv\/wp-content\/uploads\/2024\/11\/Pedro_Dias_39congresso_01_dd.jpg\" alt=\"\" width=\"389\" height=\"259\" srcset=\"https:\/\/fpvoleibol.pt\/fpv\/wp-content\/uploads\/2024\/11\/Pedro_Dias_39congresso_01_dd.jpg 960w, https:\/\/fpvoleibol.pt\/fpv\/wp-content\/uploads\/2024\/11\/Pedro_Dias_39congresso_01_dd-300x200.jpg 300w, https:\/\/fpvoleibol.pt\/fpv\/wp-content\/uploads\/2024\/11\/Pedro_Dias_39congresso_01_dd-768x512.jpg 768w\" sizes=\"auto, (max-width: 389px) 100vw, 389px\" \/>Pedro Dias<\/strong>, Secret\u00e1rio de Estado do Desporto, afirmou que &#8220;<em>em nome do Governo portugu\u00eas, apresento os meus mais sinceros agradecimentos a todos os que est\u00e3o aqui presentes. \u00c9 uma grande honra para o nosso Pa\u00eds receb\u00ea-los numa ocasi\u00e3o t\u00e3o importante<\/em> [Congresso eleitoral]. <em>Agrade\u00e7o ao Presidente da FIVB pelo apoio dado a Portugal e por ter trazido at\u00e9 n\u00f3s novamente no nosso Pa\u00eds este importante evento. Agrade\u00e7o ao meu amigo, Professor Vicente Ara\u00fajo, pelo seu compromisso com o desporto e pela sua dedica\u00e7\u00e3o ao desenvolvimento em Portugal do Voleibol, a sua paix\u00e3o de uma vida inteira<\/em>&#8220;, referiu, enumerando depois alguns eventos desportivos que tiveram ou ter\u00e3o o nosso Pa\u00eds como palco privilegiado para a sua realiza\u00e7\u00e3o, como o facto de &#8220;<em>as cidades do Porto e de [Vila Nova de] Gaia serem candidatas a Capital Mundial do Desporto em 2027<\/em>&#8220;, de ter sido em Cascais que &#8220;<em>a cerim\u00f3nia de atribui\u00e7\u00e3o dos ANOC Awards, da Association of National Olympic Committees<\/em>\u201d, teve lugar, cidade que tamb\u00e9m acolheu recentemente &#8220;<em>a XV Confer\u00eancia de Ministros da Juventude e Desporto da CPLP<\/em>&#8220;, sendo que Portugal vai &#8220;<em>organizar, em conjunto com a Espanha e a Su\u00ed\u00e7a, a fase final do Campeonato da Europa de Andebol em 2028<\/em>&#8221; e \u00e9 forte candidato \u00e0 &#8220;<em>organiza\u00e7\u00e3o do Mundial de Futebol em 2030<\/em>&#8220;, numa parceria com Espanha e Marrocos.<\/p>\n<p>Depois de hoje debaterem alguns aspectos importantes da modalidade, com a apresenta\u00e7\u00e3o de relat\u00f3rios das v\u00e1rias comiss\u00f5es da FIVB &#8212; o portugu\u00eas <span style=\"text-decoration: underline;\">Rog\u00e9rio Pedro Oliveira<\/span>, Assessor Jur\u00eddico da FPV, \u00e9 Presidente da Comiss\u00e3o Legal da FIVB desde 2021 &#8212; os representantes das 222 federa\u00e7\u00f5es filiadas no organismo que rege o Voleibol a n\u00edvel mundial escolher\u00e3o amanh\u00e3 o sucessor do brasileiro Ary Gra\u00e7a na presid\u00eancia do organismo que rege o Voleibol a n\u00edvel mundial para o per\u00edodo de 2024\/2032.<\/p>\n<p>Candidato \u00fanico, o brasileiro <strong>F\u00e1bio Azevedo,<\/strong> actual Director-Geral da FIVB, com um larga experi\u00eancia como dirigente no Voleibol, que remonta h\u00e1 quase 30 anos, e a sua inabal\u00e1vel dedica\u00e7\u00e3o ao crescimento sustent\u00e1vel do desporto est\u00e1 numa posi\u00e7\u00e3o \u00edmpar para liderar a FIVB no seu pr\u00f3ximo cap\u00edtulo.<br \/>\nParalelamente \u00e0 elei\u00e7\u00e3o presidencial, os delegados votar\u00e3o tamb\u00e9m para preencher v\u00e1rias <em>fun\u00e7\u00f5es-chave,<\/em> incluindo cargos no Conselho de Administra\u00e7\u00e3o e representantes de membros de minorias de g\u00e9nero, refor\u00e7ando o compromisso da FIVB com a diversidade e a inclus\u00e3o na sua estrutura de governa\u00e7\u00e3o.<\/p>\n<p>Paralelamente \u00e0 elei\u00e7\u00e3o presidencial, os delegados votar\u00e3o tamb\u00e9m para preencher v\u00e1rias <em>fun\u00e7\u00f5es-chave,<\/em> incluindo cargos no Conselho de Administra\u00e7\u00e3o e representantes de membros de minorias de g\u00e9nero, refor\u00e7ando o compromisso da FIVB com a diversidade e a inclus\u00e3o na sua estrutura de governa\u00e7\u00e3o.<br \/>\nAssim, ser\u00e3o aprovados os nomes dos membros que v\u00e3o passar a constituir o Conselho de Administra\u00e7\u00e3o da FIVB, nos quais pontifica <strong>Leonel Salgueiro<\/strong>, Vice-Presidente da Confedera\u00e7\u00e3o Europeia de Voleibol (CEV) e Director T\u00e9cnico da Federa\u00e7\u00e3o Portuguesa de Voleibol.<\/p>\n<p><img loading=\"lazy\" decoding=\"async\" class=\" wp-image-36702 alignleft\" src=\"https:\/\/fpvoleibol.pt\/fpv\/wp-content\/uploads\/2024\/11\/39congresso_artur_lopes.jpg\" alt=\"\" width=\"229\" height=\"136\" srcset=\"https:\/\/fpvoleibol.pt\/fpv\/wp-content\/uploads\/2024\/11\/39congresso_artur_lopes.jpg 960w, https:\/\/fpvoleibol.pt\/fpv\/wp-content\/uploads\/2024\/11\/39congresso_artur_lopes-300x178.jpg 300w, https:\/\/fpvoleibol.pt\/fpv\/wp-content\/uploads\/2024\/11\/39congresso_artur_lopes-768x456.jpg 768w\" sizes=\"auto, (max-width: 229px) 100vw, 229px\" \/>Destaque tamb\u00e9m para a presen\u00e7a do Presidente do Comit\u00e9 Ol\u00edmpico de Portugal, <strong>Artur Lopes<\/strong>, que salientou o poder do desporto no caminho para a paz entre os povos.<br \/>\n&#8220;S<em>\u00f3 no desporto e com o desporto podemos alcan\u00e7ar aquilo que tanto desejamos para o nosso mundo&#8230;a paz&#8221;<\/em>, lembrou, acrescentando: &#8220;O<em> desporto \u00e9 um bem social e deve ser plenamente integrado<\/em>.\u201d<\/p>\n<p><img loading=\"lazy\" decoding=\"async\" class=\"size-full wp-image-36668 aligncenter\" src=\"https:\/\/fpvoleibol.pt\/fpv\/wp-content\/uploads\/2024\/11\/39congresso_03.jpg\" alt=\"\" width=\"960\" height=\"570\" srcset=\"https:\/\/fpvoleibol.pt\/fpv\/wp-content\/uploads\/2024\/11\/39congresso_03.jpg 960w, https:\/\/fpvoleibol.pt\/fpv\/wp-content\/uploads\/2024\/11\/39congresso_03-300x178.jpg 300w, https:\/\/fpvoleibol.pt\/fpv\/wp-content\/uploads\/2024\/11\/39congresso_03-768x456.jpg 768w\" sizes=\"auto, (max-width: 960px) 100vw, 960px\" \/>Para mais informa\u00e7\u00f5es sobre o <strong>39.\u00ba Congresso Mundial da FIVB<\/strong> e as \u00faltimas not\u00edcias, visite a p\u00e1gina Web que lhe \u00e9 dedicada <a href=\"https:\/\/www.fivb.com\/inside-fivb\/fivb\/fivb-world-congress\/fivb-world-congress-2024\/\">AQUI<\/a><\/p>\n<p>Para seguir em directo o Congresso Mundial da FIVB, consultar as liga\u00e7\u00f5es:<\/p>\n<p><strong>Congresso Mundial da FIVB 2024 \u2013 Dia 1 <\/strong>(15 de Novembro) <a href=\"https:\/\/youtube.com\/live\/PzNUHttyTPA?feature=share\">https:\/\/youtube.com\/live\/PzNUHttyTPA?feature=share<\/a><\/p>\n<p><strong>Congresso Mundial da FIVB 2024 \u2013 Dia 2<\/strong> (16 de Novembro) <a href=\"https:\/\/youtube.com\/live\/7fyRcPEyrvk?feature=share\">https:\/\/youtube.com\/live\/7fyRcPEyrvk?feature=share<\/a><\/p>\n<p><strong>Global Volleyball Summit <\/strong>(Cimeira Mundial de Voleibol <strong>\u2013 <\/strong>17 de Novembro) <a href=\"https:\/\/youtube.com\/live\/kGmPv0esiBw?feature=share\">https:\/\/youtube.com\/live\/kGmPv0esiBw?feature=share<\/a><\/p>\n<p style=\"text-align: center;\">Outros pontos em an\u00e1lise poder\u00e3o ser consultados na <a href=\"https:\/\/fpvoleibol.pt\/fpv\/wp-content\/uploads\/2024\/11\/FIVB-39th-World-Congress-2024-AGENDA.pdf\"><strong>agenda<\/strong> do 39th World Congress<\/a><\/p>\n<p style=\"text-align: center;\"><span style=\"text-decoration: underline;\">Mais informa\u00e7\u00f5es <a href=\"https:\/\/fpvoleibol.pt\/fpv\/features\/39o-congresso-mundial-da-fivb\/\">AQUI<\/a><\/span><\/p>\n<p>A n\u00edvel organizativo e n\u00e3o s\u00f3, volta a ser um momento alto para o nosso Pa\u00eds, depois do sucesso do 29.\u00ba Congresso, realizado em 2004 igualmente no Porto, ter sido considerado \u201c<em>o melhor<\/em>\u201d at\u00e9 ent\u00e3o e \u201c<em>um dos mais importantes de sempre<\/em>\u201d pelos respons\u00e1veis da FIVB.<br \/>\nO Congresso de 2004 foi ainda honrado com a presen\u00e7a do ent\u00e3o Presidente da Rep\u00fablica, Jorge Sampaio, e do Comandante Vicente de Moura, na altura Presidente do Comit\u00e9 Ol\u00edmpico de Portugal (COP), bem como de v\u00e1rias outras altas individualidades.<br \/>\nO\u00a029.\u00ba Congresso Mundial\u00a0fez convergir para o Porto as aten\u00e7\u00f5es de dirigentes e Imprensa de todo o mundo, tendo ficado marcado pela filia\u00e7\u00e3o de Timor-Leste como a 218.\u00aa federa\u00e7\u00e3o nacional na FIVB e pelo facto de o portugu\u00eas se ter tornado l\u00edngua oficial da FIVB.<\/p>\n<p>Em 2024, ano em que se comemora o 129.\u00ba anivers\u00e1rio do Voleibol, a FIVB, com sede na Su\u00ed\u00e7a desde 1984, tem filiadas 5 Confedera\u00e7\u00f5es Continentais \u2013 \u00c1frica, \u00c1sia, Europa, NORCECA (Am\u00e9rica do Norte e Centro e Cara\u00edbas) e Am\u00e9rica do Sul \u2013 que, no total, compreendem 222 federa\u00e7\u00f5es nacionais.<\/p>\n","protected":false},"excerpt":{"rendered":"<p>O 39.\u00ba Congresso Mundial da Federa\u00e7\u00e3o Internacional de Voleibol (FIVB) arrancou hoje, no Porto, e sob os melhores ausp\u00edcios ao enaltecer o regresso ao Porto, 20 anos depois, daquela que [&hellip;]<\/p>\n","protected":false},"author":2,"featured_media":36673,"comment_status":"open","ping_status":"open","sticky":false,"template":"","format":"standard","meta":{"_monsterinsights_skip_tracking":false,"_monsterinsights_sitenote_active":false,"_monsterinsights_sitenote_note":"","_monsterinsights_sitenote_category":0,"footnotes":""},"categories":[20,14,8],"tags":[127],"class_list":{"0":"post-36651","1":"post","2":"type-post","3":"status-publish","4":"format-standard","5":"has-post-thumbnail","7":"category-destaque","8":"category-institucional","9":"category-voleibol","10":"tag-39-o-congresso-mundial-fivb","11":"czr-hentry"},"aioseo_notices":[],"_links":{"self":[{"href":"https:\/\/fpvoleibol.pt\/fpv\/wp-json\/wp\/v2\/posts\/36651","targetHints":{"allow":["GET"]}}],"collection":[{"href":"https:\/\/fpvoleibol.pt\/fpv\/wp-json\/wp\/v2\/posts"}],"about":[{"href":"https:\/\/fpvoleibol.pt\/fpv\/wp-json\/wp\/v2\/types\/post"}],"author":[{"embeddable":true,"href":"https:\/\/fpvoleibol.pt\/fpv\/wp-json\/wp\/v2\/users\/2"}],"replies":[{"embeddable":true,"href":"https:\/\/fpvoleibol.pt\/fpv\/wp-json\/wp\/v2\/comments?post=36651"}],"version-history":[{"count":14,"href":"https:\/\/fpvoleibol.pt\/fpv\/wp-json\/wp\/v2\/posts\/36651\/revisions"}],"predecessor-version":[{"id":36690,"href":"https:\/\/fpvoleibol.pt\/fpv\/wp-json\/wp\/v2\/posts\/36651\/revisions\/36690"}],"wp:featuredmedia":[{"embeddable":true,"href":"https:\/\/fpvoleibol.pt\/fpv\/wp-json\/wp\/v2\/media\/36673"}],"wp:attachment":[{"href":"https:\/\/fpvoleibol.pt\/fpv\/wp-json\/wp\/v2\/media?parent=36651"}],"wp:term":[{"taxonomy":"category","embeddable":true,"href":"https:\/\/fpvoleibol.pt\/fpv\/wp-json\/wp\/v2\/categories?post=36651"},{"taxonomy":"post_tag","embeddable":true,"href":"https:\/\/fpvoleibol.pt\/fpv\/wp-json\/wp\/v2\/tags?post=36651"}],"curies":[{"name":"wp","href":"https:\/\/api.w.org\/{rel}","templated":true}]}}