{"id":3646,"date":"2021-03-01T20:13:57","date_gmt":"2021-03-01T19:13:57","guid":{"rendered":"https:\/\/fpvoleibol.pt\/fpv\/?p=3646"},"modified":"2021-03-01T20:13:57","modified_gmt":"2021-03-01T19:13:57","slug":"play-offs-da-i-divisao","status":"publish","type":"post","link":"https:\/\/fpvoleibol.pt\/fpv\/2021\/03\/01\/play-offs-da-i-divisao\/","title":{"rendered":"PLAY-OFFS DA I DIVIS\u00c3O"},"content":{"rendered":"<p><img loading=\"lazy\" decoding=\"async\" class=\"alignnone size-full wp-image-2941\" src=\"https:\/\/fpvoleibol.pt\/fpv\/wp-content\/uploads\/2021\/01\/banner_streaming.jpg\" alt=\"\" width=\"960\" height=\"334\" srcset=\"https:\/\/fpvoleibol.pt\/fpv\/wp-content\/uploads\/2021\/01\/banner_streaming.jpg 960w, https:\/\/fpvoleibol.pt\/fpv\/wp-content\/uploads\/2021\/01\/banner_streaming-300x104.jpg 300w, https:\/\/fpvoleibol.pt\/fpv\/wp-content\/uploads\/2021\/01\/banner_streaming-768x267.jpg 768w\" sizes=\"auto, (max-width: 960px) 100vw, 960px\" \/><\/p>\n<p>Jogos dos Play-offs da 2.\u00aa Fase da I Divis\u00e3o Elite e da Ta\u00e7a Federa\u00e7\u00e3o, seniores masculinos. Ver regulamento <a href=\"http:\/\/www.fpvoleibol.pt\/regulamentos\/reg_esc_seniores_.pdf\">aqui<\/a><\/p>\n<p style=\"text-align: center;\"><span style=\"text-decoration: underline;\"><strong>Campeonato Nacional de Seniores Masculinos &#8211; I Divis\u00e3o Elite<\/strong><\/span><\/p>\n<p><strong>2.\u00aa FASE \u2013 DIVIS\u00c3O ELITE\u00a0 <\/strong><\/p>\n<p><strong>Play-Off #1 (1.\u00ba clas. \/ 4.\u00ba clas.)<\/strong><strong>\u00a0<\/strong><\/p>\n<table style=\"width: 99.9286%;\" width=\"614\">\n<tbody>\n<tr>\n<td style=\"width: 15.0374%;\" width=\"73\">n.\u00ba 1216<\/td>\n<td style=\"width: 32.4506%;\" width=\"184\">\u00a0SC Espinho \/ AJF Bastardo<\/td>\n<td style=\"width: 12.5696%;\" width=\"86\">13.03.2021<\/td>\n<td style=\"width: 8.79272%;\" width=\"61\">17H00<\/td>\n<td style=\"width: 63.8926%;\" width=\"211\">Pav. Nave Desp. Espinho<\/td>\n<\/tr>\n<tr>\n<td style=\"width: 15.0374%;\" width=\"73\">n.\u00ba 1217<\/td>\n<td style=\"width: 32.4506%;\" width=\"184\">\u00a0AJ F Bastardo \/ SC Espinho<\/td>\n<td style=\"width: 12.5696%;\" width=\"86\">20.03.2021<\/td>\n<td style=\"width: 8.79272%;\" width=\"61\">17H00<\/td>\n<td style=\"width: 63.8926%;\" width=\"211\">Pav. CD Vitorino Nem\u00e9sio<\/td>\n<\/tr>\n<tr>\n<td style=\"width: 15.0374%;\" width=\"73\">n.\u00ba 1218<\/td>\n<td style=\"width: 32.4506%;\" width=\"184\">\u00a0AJ F Bastardo \/ SC Espinho<\/td>\n<td style=\"width: 12.5696%;\" width=\"86\">21.03.2021<\/td>\n<td style=\"width: 8.79272%;\" width=\"61\">16H00<\/td>\n<td style=\"width: 63.8926%;\" width=\"211\">Pav. CD Vitorino Nem\u00e9sio<\/td>\n<\/tr>\n<tr>\n<td style=\"width: 15.0374%;\" width=\"73\"><strong>\u00a0<\/strong><\/td>\n<td style=\"width: 32.4506%;\" width=\"184\"><strong>Se necess\u00e1rio:<\/strong><\/td>\n<td style=\"width: 12.5696%;\" width=\"86\"><\/td>\n<td style=\"width: 8.79272%;\" width=\"61\"><\/td>\n<td style=\"width: 63.8926%;\" width=\"211\"><\/td>\n<\/tr>\n<tr>\n<td style=\"width: 15.0374%;\" width=\"73\">n.\u00ba 1219<\/td>\n<td style=\"width: 32.4506%;\" width=\"184\">\u00a0SC Espinho \/ AJF Bastardo<\/td>\n<td style=\"width: 12.5696%;\" width=\"86\">24.03.2021<\/td>\n<td style=\"width: 8.79272%;\" width=\"61\">20H00<\/td>\n<td style=\"width: 63.8926%;\" width=\"211\">Pav. Nave Desp. Espinho<\/td>\n<\/tr>\n<tr>\n<td style=\"width: 15.0374%;\" width=\"73\">n.\u00ba 1220<\/td>\n<td style=\"width: 32.4506%;\" width=\"184\">\u00a0AJ F Bastardo \/ SC Espinho<\/td>\n<td style=\"width: 12.5696%;\" width=\"86\">27.03.2021<\/td>\n<td style=\"width: 8.79272%;\" width=\"61\">17H00<\/td>\n<td style=\"width: 63.8926%;\" width=\"211\">Pav. CD Vitorino Nem\u00e9sio<\/td>\n<\/tr>\n<\/tbody>\n<\/table>\n<p><strong>\u00a0<\/strong><strong>2.\u00aa FASE \u2013 DIVIS\u00c3O ELITE\u00a0 <\/strong><\/p>\n<p><strong>Play-Off #2 (2.\u00ba clas. \/ 3.\u00ba clas.)<\/strong><strong>\u00a0<\/strong><\/p>\n<table style=\"width: 100.062%; height: 324px;\" width=\"614\">\n<tbody>\n<tr style=\"height: 44px;\">\n<td style=\"width: 15.5181%; height: 44px;\" width=\"73\">n.\u00ba 1221<\/td>\n<td style=\"width: 28.7313%; height: 44px;\" width=\"184\">\u00a0Sporting CP \/ SL Benfica<\/td>\n<td style=\"width: 15.9662%; height: 44px;\" width=\"86\">13.03.2021<\/td>\n<td style=\"width: 10.1416%; height: 44px;\" width=\"61\">17H00<\/td>\n<td style=\"width: 62.0123%; height: 44px;\" width=\"211\">Pav. Jo\u00e3o Rocha &#8211; Lisboa<\/td>\n<\/tr>\n<tr style=\"height: 56px;\">\n<td style=\"width: 15.5181%; height: 56px;\" width=\"73\">n.\u00ba 1222<\/td>\n<td style=\"width: 28.7313%; height: 56px;\" width=\"184\">\u00a0SL Benfica \/ Sporting CP<\/td>\n<td style=\"width: 15.9662%; height: 56px;\" width=\"86\">20.03.2021<\/td>\n<td style=\"width: 10.1416%; height: 56px;\" width=\"61\">17H00<\/td>\n<td style=\"width: 62.0123%; height: 56px;\" width=\"211\">Pav. N.\u00ba 2 \u2013 Est\u00e1dio SLB<\/td>\n<\/tr>\n<tr style=\"height: 56px;\">\n<td style=\"width: 15.5181%; height: 56px;\" width=\"73\">n.\u00ba 1223<\/td>\n<td style=\"width: 28.7313%; height: 56px;\" width=\"184\">\u00a0SL Benfica \/ Sporting CP<\/td>\n<td style=\"width: 15.9662%; height: 56px;\" width=\"86\">21.03.2021<\/td>\n<td style=\"width: 10.1416%; height: 56px;\" width=\"61\">16H00<\/td>\n<td style=\"width: 62.0123%; height: 56px;\" width=\"211\">Pav. N.\u00ba 2 \u2013 Est\u00e1dio SLB<\/td>\n<\/tr>\n<tr style=\"height: 56px;\">\n<td style=\"width: 15.5181%; height: 56px;\" width=\"73\"><strong>\u00a0<\/strong><\/td>\n<td style=\"width: 28.7313%; height: 56px;\" width=\"184\"><strong>Se necess\u00e1rio:<\/strong><\/td>\n<td style=\"width: 15.9662%; height: 56px;\" width=\"86\"><\/td>\n<td style=\"width: 10.1416%; height: 56px;\" width=\"61\"><\/td>\n<td style=\"width: 62.0123%; height: 56px;\" width=\"211\"><\/td>\n<\/tr>\n<tr style=\"height: 56px;\">\n<td style=\"width: 15.5181%; height: 56px;\" width=\"73\">n.\u00ba 1224<\/td>\n<td style=\"width: 28.7313%; height: 56px;\" width=\"184\">\u00a0Sporting CP \/ SL Benfica<\/td>\n<td style=\"width: 15.9662%; height: 56px;\" width=\"86\">24.03.2021<\/td>\n<td style=\"width: 10.1416%; height: 56px;\" width=\"61\">20H00<\/td>\n<td style=\"width: 62.0123%; height: 56px;\" width=\"211\">Pav. Jo\u00e3o Rocha &#8211; Lisboa<\/td>\n<\/tr>\n<tr style=\"height: 56px;\">\n<td style=\"width: 15.5181%; height: 56px;\" width=\"73\">n.\u00ba 1225<\/td>\n<td style=\"width: 28.7313%; height: 56px;\" width=\"184\">\u00a0SL Benfica \/ Sporting CP<\/td>\n<td style=\"width: 15.9662%; height: 56px;\" width=\"86\">27.03.2021<\/td>\n<td style=\"width: 10.1416%; height: 56px;\" width=\"61\">17H00<\/td>\n<td style=\"width: 62.0123%; height: 56px;\" width=\"211\">Pav. N.\u00ba 2 \u2013 Est\u00e1dio SLB<\/td>\n<\/tr>\n<\/tbody>\n<\/table>\n<p><strong>Hora oficial<\/strong><\/p>\n<p><strong><u>S\u00e1bado: 17H00 \u2013 op\u00e7\u00e3o clube visitado das 16H00 \u00e0s 18H00<\/u><\/strong><strong><u>\u00a0<\/u><\/strong><\/p>\n<p><strong><u>Domingo:\u00a0 16H00 \u2013 per\u00edodo op\u00e7\u00e3o das 15H00 \u00e0s 17H00<\/u><\/strong><strong><u>\u00a0<\/u><\/strong><\/p>\n<p><strong><u>Quarta-feira: 20H00 \u2013 per\u00edodo de op\u00e7\u00e3o das 19H00 \u00e0s 21H00<\/u><\/strong><\/p>\n<p>&nbsp;<\/p>\n<p style=\"text-align: center;\"><span style=\"text-decoration: underline;\"><strong>Campeonato Nacional de Seniores Masculinos &#8211; Ta\u00e7a Federa\u00e7\u00e3o<\/strong><\/span><\/p>\n<p><strong>2.\u00aa FASE \u2013 TA\u00c7A FEDERA\u00c7\u00c3O\u00a0 <\/strong><\/p>\n<p><strong>Play-Off #5 (5.\u00ba clas. \/ 8.\u00ba clas.)<\/strong><strong>\u00a0<\/strong><\/p>\n<table style=\"width: 100.88%;\" width=\"605\">\n<tbody>\n<tr>\n<td style=\"width: 14.0777%;\" width=\"73\">n.\u00ba 1226<\/td>\n<td style=\"width: 33.9313%;\" width=\"154\">\u00a0SC Caldas \/ Esmoriz GC<\/td>\n<td style=\"width: 15.6255%;\" width=\"85\">13.03.2021<\/td>\n<td style=\"width: 9.36585%;\" width=\"57\">17H00<\/td>\n<td style=\"width: 62.9724%;\" width=\"236\">Pav. Rainha D.\u00aa Leonor<\/td>\n<\/tr>\n<tr>\n<td style=\"width: 14.0777%;\" width=\"73\">n.\u00ba 1227<\/td>\n<td style=\"width: 33.9313%;\" width=\"154\">\u00a0Esmoriz GC \/ SC Caldas<\/td>\n<td style=\"width: 15.6255%;\" width=\"85\">20.03.2021<\/td>\n<td style=\"width: 9.36585%;\" width=\"57\">17H00<\/td>\n<td style=\"width: 62.9724%;\" width=\"236\">Pav. Esmoriz GC<\/td>\n<\/tr>\n<tr>\n<td style=\"width: 14.0777%;\" width=\"73\"><strong>\u00a0<\/strong><\/td>\n<td style=\"width: 33.9313%;\" width=\"154\"><strong>Se necess\u00e1rio:<\/strong><\/td>\n<td style=\"width: 15.6255%;\" width=\"85\"><\/td>\n<td style=\"width: 9.36585%;\" width=\"57\"><\/td>\n<td style=\"width: 62.9724%;\" width=\"236\"><\/td>\n<\/tr>\n<tr>\n<td style=\"width: 14.0777%;\" width=\"73\">n.\u00ba 1228<\/td>\n<td style=\"width: 33.9313%;\" width=\"154\">\u00a0Esmoriz GC \/ SC Caldas<\/td>\n<td style=\"width: 15.6255%;\" width=\"85\">21.03.2021<\/td>\n<td style=\"width: 9.36585%;\" width=\"57\">16H00<\/td>\n<td style=\"width: 62.9724%;\" width=\"236\">Pav. Rainha D.\u00aa Leonor<\/td>\n<\/tr>\n<\/tbody>\n<\/table>\n<p><strong>2.\u00aa FASE \u2013 TA\u00c7A FEDERA\u00c7\u00c3O\u00a0 <\/strong><\/p>\n<p><strong>Play-Off #6 (6.\u00ba clas. \/ 7.\u00ba clas.)<\/strong><strong>\u00a0<\/strong><\/p>\n<table style=\"width: 100.411%;\" width=\"614\">\n<tbody>\n<tr>\n<td style=\"width: 14.7241%;\" width=\"73\">n.\u00ba 1229<\/td>\n<td style=\"width: 33.0692%;\" width=\"184\">VC Viana \/ Castelo Maia GC<\/td>\n<td style=\"width: 12.6977%;\" width=\"86\">13.03.2021<\/td>\n<td style=\"width: 7.90377%;\" width=\"61\">17H00<\/td>\n<td style=\"width: 64.9542%;\" width=\"211\">Pav. Mun. Sta. Maria Maior<\/td>\n<\/tr>\n<tr>\n<td style=\"width: 14.7241%;\" width=\"73\">n.\u00ba 1230<\/td>\n<td style=\"width: 33.0692%;\" width=\"184\">Castelo Maia GC \/ VC Viana<\/td>\n<td style=\"width: 12.6977%;\" width=\"86\">20.03.2021<\/td>\n<td style=\"width: 7.90377%;\" width=\"61\">17H00<\/td>\n<td style=\"width: 64.9542%;\" width=\"211\">Pav. Castelo Maia GC<\/td>\n<\/tr>\n<tr>\n<td style=\"width: 14.7241%;\" width=\"73\"><strong>\u00a0<\/strong><\/td>\n<td style=\"width: 33.0692%;\" width=\"184\"><strong>Se necess\u00e1rio:<\/strong><\/td>\n<td style=\"width: 12.6977%;\" width=\"86\"><\/td>\n<td style=\"width: 7.90377%;\" width=\"61\"><\/td>\n<td style=\"width: 64.9542%;\" width=\"211\"><\/td>\n<\/tr>\n<tr>\n<td style=\"width: 14.7241%;\" width=\"73\">n.\u00ba 1231<\/td>\n<td style=\"width: 33.0692%;\" width=\"184\">Castelo Maia GC \/ VC Viana<\/td>\n<td style=\"width: 12.6977%;\" width=\"86\">21.03.2021<\/td>\n<td style=\"width: 7.90377%;\" width=\"61\">16H00<\/td>\n<td style=\"width: 64.9542%;\" width=\"211\">Pav. Castelo Maia GC<\/td>\n<\/tr>\n<\/tbody>\n<\/table>\n<p><strong>Hora oficial<\/strong><\/p>\n<p><strong><u>S\u00e1bado: 17H00 \u2013 op\u00e7\u00e3o clube visitado das 16H00 \u00e0s 18H00<\/u><\/strong><\/p>\n<p><strong><u>Do<\/u><\/strong><strong><u>mingo: 16H00 \u2013 per\u00edodo op\u00e7\u00e3o das 15H00 \u00e0s 17H00<\/u><\/strong><\/p>\n<p>&nbsp;<\/p>\n<p><strong>Toda a informa\u00e7\u00e3o sobre a I Divis\u00e3o<\/strong>\u00a0em\u00a0<a href=\"https:\/\/fpv-web.dataproject.com\/MainHome.aspx\">https:\/\/fpv-web.dataproject.com\/MainHome.aspx<\/a><\/p>\n<p>A lista dos \u00e1rbitros nomeados (actualizada \u00e0 quinta-feira) pode ser consultada em <a href=\"https:\/\/fpvoleibol.pt\/fpv\/arbitragem\/nomeacoes\">https:\/\/fpvoleibol.pt\/fpv\/arbitragem\/nomeacoes<\/a><\/p>\n<p>*A data e\/ou o hor\u00e1rio dos jogos poder\u00e3o sofrer altera\u00e7\u00f5es. Ver Calend\u00e1rios de Jogos em<br \/>\n<a href=\"https:\/\/www.portugalvoleibol.com\/classificacao\/\">https:\/\/www.portugalvoleibol.com\/classificacao\/<\/a><\/p>\n","protected":false},"excerpt":{"rendered":"<p>Jogos dos Play-offs da 2.\u00aa Fase da I Divis\u00e3o Elite e da Ta\u00e7a Federa\u00e7\u00e3o, seniores masculinos. Ver regulamento aqui Campeonato Nacional de Seniores Masculinos &#8211; I Divis\u00e3o Elite 2.\u00aa FASE [&hellip;]<\/p>\n","protected":false},"author":2,"featured_media":2011,"comment_status":"open","ping_status":"open","sticky":false,"template":"","format":"standard","meta":{"_monsterinsights_skip_tracking":false,"_monsterinsights_sitenote_active":false,"_monsterinsights_sitenote_note":"","_monsterinsights_sitenote_category":0,"footnotes":""},"categories":[8],"tags":[],"class_list":{"0":"post-3646","1":"post","2":"type-post","3":"status-publish","4":"format-standard","5":"has-post-thumbnail","7":"category-voleibol","8":"czr-hentry"},"aioseo_notices":[],"_links":{"self":[{"href":"https:\/\/fpvoleibol.pt\/fpv\/wp-json\/wp\/v2\/posts\/3646","targetHints":{"allow":["GET"]}}],"collection":[{"href":"https:\/\/fpvoleibol.pt\/fpv\/wp-json\/wp\/v2\/posts"}],"about":[{"href":"https:\/\/fpvoleibol.pt\/fpv\/wp-json\/wp\/v2\/types\/post"}],"author":[{"embeddable":true,"href":"https:\/\/fpvoleibol.pt\/fpv\/wp-json\/wp\/v2\/users\/2"}],"replies":[{"embeddable":true,"href":"https:\/\/fpvoleibol.pt\/fpv\/wp-json\/wp\/v2\/comments?post=3646"}],"version-history":[{"count":15,"href":"https:\/\/fpvoleibol.pt\/fpv\/wp-json\/wp\/v2\/posts\/3646\/revisions"}],"predecessor-version":[{"id":3661,"href":"https:\/\/fpvoleibol.pt\/fpv\/wp-json\/wp\/v2\/posts\/3646\/revisions\/3661"}],"wp:featuredmedia":[{"embeddable":true,"href":"https:\/\/fpvoleibol.pt\/fpv\/wp-json\/wp\/v2\/media\/2011"}],"wp:attachment":[{"href":"https:\/\/fpvoleibol.pt\/fpv\/wp-json\/wp\/v2\/media?parent=3646"}],"wp:term":[{"taxonomy":"category","embeddable":true,"href":"https:\/\/fpvoleibol.pt\/fpv\/wp-json\/wp\/v2\/categories?post=3646"},{"taxonomy":"post_tag","embeddable":true,"href":"https:\/\/fpvoleibol.pt\/fpv\/wp-json\/wp\/v2\/tags?post=3646"}],"curies":[{"name":"wp","href":"https:\/\/api.w.org\/{rel}","templated":true}]}}