{"id":3642,"date":"2021-03-02T19:40:28","date_gmt":"2021-03-02T18:40:28","guid":{"rendered":"https:\/\/fpvoleibol.pt\/fpv\/?p=3642"},"modified":"2021-03-02T19:40:28","modified_gmt":"2021-03-02T18:40:28","slug":"taca-de-portugal-f8-comunicacao-social","status":"publish","type":"post","link":"https:\/\/fpvoleibol.pt\/fpv\/2021\/03\/02\/taca-de-portugal-f8-comunicacao-social\/","title":{"rendered":"TA\u00c7A DE PORTUGAL F8 &#8211; COMUNICA\u00c7\u00c3O SOCIAL"},"content":{"rendered":"<p align=\"center\"><img loading=\"lazy\" decoding=\"async\" class=\"alignnone size-large wp-image-3423\" src=\"https:\/\/fpvoleibol.pt\/fpv\/wp-content\/uploads\/2021\/02\/tp_masc_2021_noticia_horas-775x1024.jpg\" alt=\"\" width=\"775\" height=\"1024\" srcset=\"https:\/\/fpvoleibol.pt\/fpv\/wp-content\/uploads\/2021\/02\/tp_masc_2021_noticia_horas-775x1024.jpg 775w, https:\/\/fpvoleibol.pt\/fpv\/wp-content\/uploads\/2021\/02\/tp_masc_2021_noticia_horas-227x300.jpg 227w, https:\/\/fpvoleibol.pt\/fpv\/wp-content\/uploads\/2021\/02\/tp_masc_2021_noticia_horas-768x1014.jpg 768w, https:\/\/fpvoleibol.pt\/fpv\/wp-content\/uploads\/2021\/02\/tp_masc_2021_noticia_horas.jpg 960w\" sizes=\"auto, (max-width: 775px) 100vw, 775px\" \/><\/p>\n<p class=\"descricaonoticia\" align=\"justify\">A pandemia de Covid-19 obrigou a que fossem\u00a0<a href=\"http:\/\/www.fpvoleibol.pt\/regulamentos\/reg_retoma_competicoes.pdf\" target=\"_blank\" rel=\"noopener noreferrer\">aplicadas medidas que limitam<\/a>\u00a0o n\u00famero de pessoas presentes em eventos desportivos e condicionou o contacto entre os representantes da Comunica\u00e7\u00e3o Social e o Departamento de Informa\u00e7\u00e3o da FPV.<\/p>\n<p class=\"descricaonoticia\" align=\"justify\">Assim, e no sentido de facilitar o trabalho dos jornalistas na cobertura da <strong>Ta\u00e7a de Portugal 2021 de seniores masculinos<\/strong>, disponibilizamos aqui informa\u00e7\u00f5es mais detalhadas sobre as equipas em competi\u00e7\u00e3o, que poder\u00e1 ser seguida atrav\u00e9s do(s) site(s) <a href=\"https:\/\/fpv-web.dataproject.com\/MainHome.aspx\">https:\/\/fpv-web.dataproject.com\/MainHome.aspx<\/a> \/ <a href=\"https:\/\/fpvoleibol.pt\/fpv\/competicoes\/taca-de-portugal-2021\/\">https:\/\/fpvoleibol.pt\/fpv\/competicoes\/taca-de-portugal-2021<\/a>\/ \/ na <strong><a href=\"https:\/\/www.volei.tv\/\">Volei TV<\/a><\/strong> (Sexta-feira: jogos no Pav. Mun. Santo Tirso) e na <strong>Sport TV<\/strong> (S\u00e1bado e Domingo).<\/p>\n<p class=\"descricaonoticia\" align=\"justify\"><span class=\"auto-style2\">Regulamento para a Retoma da Pr\u00e1tica Competitiva<\/span>\u00a0<a href=\"https:\/\/www.fpvoleibol.pt\/regulamentos\/reg_retoma_competicoes.pdf\" target=\"_blank\" rel=\"noopener noreferrer\">aqui<\/a><\/p>\n<p class=\"descricaonoticia\" align=\"justify\"><span class=\"auto-style2\">Parte mais espec\u00edfica para jornalistas<\/span><a href=\"http:\/\/www.fpvoleibol.pt\/regulamentos\/reg_retoma_competicoes.pdf\" target=\"_blank\" rel=\"noopener noreferrer\">\u00a0aqui<\/a><\/p>\n<p class=\"descricaonoticia\" align=\"justify\">A acredita\u00e7\u00e3o dos jornalistas que solicitaram credenciais \u00e9 efectuada \u00e0 entrada para o pavilh\u00e3o.<\/p>\n<p class=\"auto-style1\" style=\"text-align: center;\"><strong><a href=\"https:\/\/www.fpvoleibol.pt\/noticias\/2020\/Vencedores_da_Supertaca_v.pdf\" target=\"_blank\" rel=\"noopener noreferrer\">Ta\u00e7a de masculinos &#8211; Final 8<\/a> (plant\u00e9is &#8211; detalhados)<\/strong><\/p>\n<p class=\"descricaonoticia\" style=\"text-align: center;\" align=\"justify\"><a href=\"https:\/\/fpvoleibol.pt\/fpv\/wp-content\/uploads\/2021\/03\/TP2021_M_AASM.pdf\" target=\"_blank\" rel=\"noopener noreferrer\">AA S. Mamede<\/a>\u00a0\/<a href=\"https:\/\/fpvoleibol.pt\/fpv\/wp-content\/uploads\/2021\/03\/TP2021_M_SLB.pdf\" target=\"_blank\" rel=\"noopener noreferrer\">\u00a0SL Benfica<\/a> \/\u00a0<a href=\"https:\/\/fpvoleibol.pt\/fpv\/wp-content\/uploads\/2021\/03\/TP2021_M_AAE.pdf\" target=\"_blank\" rel=\"noopener noreferrer\">AA Espinho<\/a>\u00a0\/\u00a0<a href=\"https:\/\/fpvoleibol.pt\/fpv\/wp-content\/uploads\/2021\/03\/TP2021_M_LSC.pdf\" target=\"_blank\" rel=\"noopener noreferrer\">Leix\u00f5es SC<\/a>\u00a0\/<br \/>\n<a href=\"https:\/\/fpvoleibol.pt\/fpv\/wp-content\/uploads\/2021\/03\/TP2021_M_AJFB.pdf\" target=\"_blank\" rel=\"noopener noreferrer\">AJF Bastardo<\/a>\u00a0\/<a href=\"https:\/\/fpvoleibol.pt\/fpv\/wp-content\/uploads\/2021\/03\/TP2021_M_SCP.pdf\" target=\"_blank\" rel=\"noopener noreferrer\">\u00a0Sporting CP<\/a> \/ <a href=\"https:\/\/fpvoleibol.pt\/fpv\/wp-content\/uploads\/2021\/03\/TP2021_M_VCV.pdf\">Viana VC<\/a> \/ <a href=\"https:\/\/fpvoleibol.pt\/fpv\/wp-content\/uploads\/2021\/03\/TP2021_M_SCC.pdf\">SC Caldas<\/a><\/p>\n<p><img loading=\"lazy\" decoding=\"async\" class=\"alignnone size-full wp-image-2166\" src=\"https:\/\/fpvoleibol.pt\/fpv\/wp-content\/uploads\/2020\/11\/TV_transmissoes_NEWS_Ngd.jpg\" alt=\"\" width=\"960\" height=\"540\" srcset=\"https:\/\/fpvoleibol.pt\/fpv\/wp-content\/uploads\/2020\/11\/TV_transmissoes_NEWS_Ngd.jpg 960w, https:\/\/fpvoleibol.pt\/fpv\/wp-content\/uploads\/2020\/11\/TV_transmissoes_NEWS_Ngd-300x169.jpg 300w, https:\/\/fpvoleibol.pt\/fpv\/wp-content\/uploads\/2020\/11\/TV_transmissoes_NEWS_Ngd-768x432.jpg 768w, https:\/\/fpvoleibol.pt\/fpv\/wp-content\/uploads\/2020\/11\/TV_transmissoes_NEWS_Ngd-528x297.jpg 528w\" sizes=\"auto, (max-width: 960px) 100vw, 960px\" \/><\/p>\n<p class=\"descricaonoticia\" style=\"text-align: left;\" align=\"justify\">A\u00a0<span style=\"text-decoration: underline;\">Sport TV<\/span> vai transmitir em directo os jogos das meias-finais e da final da <strong>Ta\u00e7a de Portugal de seniores masculinos<\/strong>, a realizar, em formato de <strong>Final a 8,<\/strong> nos dias <span style=\"text-decoration: underline;\">5, 6 e 7 de Mar\u00e7o no Pavilh\u00e3o Municipal de Santo Tirso e no Pavilh\u00e3o do Gin\u00e1sio Clube de Santo Tirso<\/span>, numa organiza\u00e7\u00e3o da Federa\u00e7\u00e3o Portuguesa de Voleibol em colabora\u00e7\u00e3o com a <a href=\"https:\/\/www.cm-stirso.pt\/\">C\u00e2mara Municipal de Santo Tirso<\/a>.<br \/>\nA <strong><a href=\"https:\/\/www.volei.tv\/\">Volei TV<\/a><\/strong> ir\u00e1 transmitir em directo, na sexta-feira, os jogos VC Viana\/Casa Peixoto x Leix\u00f5es SC (18h30) e AA Espinho x Sporting CP (21h00), a disputar no Pavilh\u00e3o Municipal de Santo Tirso.<\/p>\n<p>A <strong>Final da Ta\u00e7a de Portugal ser\u00e1 disputada pelas 16h00 do dia 7 de Mar\u00e7o<\/strong> no Pavilh\u00e3o Municipal de Santo Tirso.<\/p>\n<p><span style=\"text-decoration: underline;\"><strong>5 de Mar\u00e7o (sexta-feira)<\/strong><\/span><\/p>\n<p><strong>Jogo N.\u00ba 1206<\/strong> &#8211; AAS Mamede x SL Benfica (18h30), no Pav. GC Santo Tirso<br \/>\n<strong>Jogo N.\u00ba 1207<\/strong> &#8211; SC Caldas x AJF Bastardo (21h00), no Pav. GC Santo Tirso<br \/>\n<strong>Jogo N.\u00ba 1208<\/strong> &#8211; VC Viana\/Casa Peixoto x Leix\u00f5es SC (18h30), no Pav. Municipal de Santo Tirso &#8211; <a href=\"https:\/\/youtu.be\/oOIltEHW75U\">ver em directo<\/a><br \/>\n<strong>Jogo N.\u00ba 1209<\/strong> &#8211; AA Espinho x Sporting CP (21h00), no Pav. Municipal de Santo Tirso &#8211; <a href=\"https:\/\/youtu.be\/O5Ax8UHWH0M\">ver em directo<\/a><\/p>\n<p><img loading=\"lazy\" decoding=\"async\" class=\"alignnone size-full wp-image-3682\" src=\"https:\/\/fpvoleibol.pt\/fpv\/wp-content\/uploads\/2021\/03\/AAEvsSCP_TACA.jpg\" alt=\"\" width=\"960\" height=\"540\" srcset=\"https:\/\/fpvoleibol.pt\/fpv\/wp-content\/uploads\/2021\/03\/AAEvsSCP_TACA.jpg 960w, https:\/\/fpvoleibol.pt\/fpv\/wp-content\/uploads\/2021\/03\/AAEvsSCP_TACA-300x169.jpg 300w, https:\/\/fpvoleibol.pt\/fpv\/wp-content\/uploads\/2021\/03\/AAEvsSCP_TACA-768x432.jpg 768w, https:\/\/fpvoleibol.pt\/fpv\/wp-content\/uploads\/2021\/03\/AAEvsSCP_TACA-528x297.jpg 528w\" sizes=\"auto, (max-width: 960px) 100vw, 960px\" \/><\/p>\n<p><span style=\"text-decoration: underline;\"><strong>6 de Mar\u00e7o (s\u00e1bado) &#8211; Pav. Municipal de Santo Tirso<\/strong><\/span><\/p>\n<p><strong>Jogo N.\u00ba 1210<\/strong> &#8211; Vencedor Jogo n.\u00ba 1208 x Vencedor Jogo n.\u00ba 1209 (15h00) \u2013 em directo na <strong>Sport TV<\/strong><br \/>\n<strong>Jogo N.\u00ba 1211<\/strong> &#8211; Vencedor Jogo n.\u00ba 1206 x Vencedor Jogo n.\u00ba 1207 (18h00) \u2013 em directo na <strong>Sport TV<\/strong><\/p>\n<p><span style=\"text-decoration: underline;\"><strong>7 de Mar\u00e7o (domingo) &#8211; Pav. Municipal de Santo Tirso<\/strong><\/span><br \/>\n<strong>Jogo N.\u00ba 1212<\/strong> &#8211; Final (16h00) \u2013 em directo na <strong>Sport TV<\/strong><\/p>\n<p><strong>Resultados dos oitavos-de-final\u00a0<\/strong><\/p>\n<p><span class=\"fontstyle0\">SC Espinho x <strong>SL Benfica,<\/strong> 0-3 (20-25, 18-25 e 17-25)<br \/>\nC. Condeixa x <strong>VC Viana\/Casa Peixoto<\/strong>, 0-3 (19-25, 16-25e 18-25)<br \/>\n<strong>AA S. Mamede<\/strong> x CN Gin\u00e1stica, 3-0 (25-18, 26-24 e 25-23)<br \/>\nCast\u00ealo da Maia GC x <strong>Leix\u00f5es SC,<\/strong> 1-3 (26\/28, 25\/27, 25\/22 e 18\/25)<br \/>\nVit\u00f3ria SC x <strong>Sporting CP<\/strong>, 0-3 (20-25, 20-25 e 20-25)<br \/>\n<\/span><span class=\"fontstyle0\">Esmoriz GC x <strong>AJ Fonte do Bastardo<\/strong>, 1-3 (25-23, 20-25, 22-25 e 16-25)<br \/>\nAla Nun&#8217;\u00c1lvares de Gondomar x <strong>SC Caldas<\/strong>, 1-3 (25-19, 17-25, 21-25 e 17-25)<br \/>\n<\/span><span class=\"fontstyle0\"><strong>AA Espinho<\/strong> x CS Mar\u00edtimo**<br \/>\n<\/span><strong><span style=\"font-size: 8pt;\">** N\u00e3o se realizou: apurada a AA Espinho (decis\u00e3o em 11.02.2021)<\/span><\/strong><\/p>\n<p><strong>Todos os resultados<\/strong> em <a href=\"https:\/\/fpv-web.dataproject.com\/MainHome.aspx\">https:\/\/fpv-web.dataproject.com\/MainHome.aspx<\/a> \/ Hist\u00f3rico <a href=\"https:\/\/fpvoleibol.pt\/fpv\/menu-voleibol\/historico-taca-de-portugal\/\">aqui<\/a><\/p>\n<p>Em 2020 n\u00e3o houve <a href=\"https:\/\/fpvoleibol.pt\/fpv\/menu-voleibol\/historico-taca-de-portugal\/\">vencedor da Ta\u00e7a de Portugal<\/a>, devido \u00e0 pandemia de COVID-19 (ver <a href=\"http:\/\/www.fpvoleibol.pt\/noticias\/2020\/20200213-1514_TPm_sort.html\">not\u00edcia<\/a>), mas em 2019, a equipa de seniores masculinos do SL Benfica ergueu o seu 18.\u00ba trof\u00e9u de vencedor da Ta\u00e7a de Portugal ao vencer, por 3-1 (26-28, 25-16,25-22 e 25-20), a AJ Fonte do Bastardo, na final disputada no Multiusos de Sines.<\/p>\n<p>O SL Benfica \u00e9 a equipa com mais t\u00edtulos conquistados (18) na prova, o primeiro em 1965\/1966 e o \u00faltimo em 2018\/2019, tendo erguido o trof\u00e9u por seis vezes nas \u00faltimas onze finais.<br \/>\nO SC Espinho \u00e9 o segundo clube com maior n\u00famero de ta\u00e7as (12). Foi o primeiro vencedor da competi\u00e7\u00e3o, em 1964\/1965, e det\u00e9m o recorde de maior n\u00famero de ta\u00e7as conquistadas consecutivamente (6), entre a \u00e9poca de 1995\/1996 e de 2000\/2001.<\/p>\n<p><strong>Em 55 edi\u00e7\u00f5es<\/strong>: SL Benfica (18), SC Espinho (12), C. Maia GC e FC Porto (6), Leix\u00f5es SC (5), Sporting CP (3) e AJF Bastardo, Vit\u00f3ria SC, Esmoriz GC, ISEF e IS T\u00e9cnico.<\/p>\n<p><span style=\"text-decoration: underline;\"><strong>Resultados das \u00faltimas 13 finais<\/strong><\/span><br \/>\n2019 \u2013 SL Benfica x AJF Bastardo, 3-1<br \/>\n2018 \u2013 SL Benfica x Cast\u00ealo da Maia GC, 3-1<br \/>\n2017 \u2013 SC Espinho x SL Benfica, 3-0<br \/>\n2016 \u2013 SL Benfica x AJF Bastardo, 3-1<br \/>\n2015 \u2013 SL Benfica x SC Espinho, 3-0<br \/>\n2104 \u2013 Castelo da Maia GC x AJF Bastardo, 3-2<br \/>\n2013 \u2013 AJF Bastardo x Vit\u00f3ria SC, 3-0<br \/>\n2012 \u2013 SL Benfica x AA Espinho, 3-1<br \/>\n2011 \u2013 SL Benfica x SC Espinho, 3-0<br \/>\n2010 \u2013 Castelo da Maia GC x SL Benfica, 3-1<br \/>\n2009 \u2013 Vit\u00f3ria SC x SC Espinho, 3-2<br \/>\n2008 \u2013 SC Espinho x Vit\u00f3ria SC, 3-0<br \/>\n2007 \u2013 SL Benfica x Castelo da Maia GC, 3-0<\/p>\n","protected":false},"excerpt":{"rendered":"<p>A pandemia de Covid-19 obrigou a que fossem\u00a0aplicadas medidas que limitam\u00a0o n\u00famero de pessoas presentes em eventos desportivos e condicionou o contacto entre os representantes da Comunica\u00e7\u00e3o Social e o [&hellip;]<\/p>\n","protected":false},"author":2,"featured_media":3681,"comment_status":"open","ping_status":"open","sticky":false,"template":"","format":"standard","meta":{"_monsterinsights_skip_tracking":false,"_monsterinsights_sitenote_active":false,"_monsterinsights_sitenote_note":"","_monsterinsights_sitenote_category":0,"footnotes":""},"categories":[20,8],"tags":[],"class_list":{"0":"post-3642","1":"post","2":"type-post","3":"status-publish","4":"format-standard","5":"has-post-thumbnail","7":"category-destaque","8":"category-voleibol","9":"czr-hentry"},"aioseo_notices":[],"_links":{"self":[{"href":"https:\/\/fpvoleibol.pt\/fpv\/wp-json\/wp\/v2\/posts\/3642","targetHints":{"allow":["GET"]}}],"collection":[{"href":"https:\/\/fpvoleibol.pt\/fpv\/wp-json\/wp\/v2\/posts"}],"about":[{"href":"https:\/\/fpvoleibol.pt\/fpv\/wp-json\/wp\/v2\/types\/post"}],"author":[{"embeddable":true,"href":"https:\/\/fpvoleibol.pt\/fpv\/wp-json\/wp\/v2\/users\/2"}],"replies":[{"embeddable":true,"href":"https:\/\/fpvoleibol.pt\/fpv\/wp-json\/wp\/v2\/comments?post=3642"}],"version-history":[{"count":9,"href":"https:\/\/fpvoleibol.pt\/fpv\/wp-json\/wp\/v2\/posts\/3642\/revisions"}],"predecessor-version":[{"id":3684,"href":"https:\/\/fpvoleibol.pt\/fpv\/wp-json\/wp\/v2\/posts\/3642\/revisions\/3684"}],"wp:featuredmedia":[{"embeddable":true,"href":"https:\/\/fpvoleibol.pt\/fpv\/wp-json\/wp\/v2\/media\/3681"}],"wp:attachment":[{"href":"https:\/\/fpvoleibol.pt\/fpv\/wp-json\/wp\/v2\/media?parent=3642"}],"wp:term":[{"taxonomy":"category","embeddable":true,"href":"https:\/\/fpvoleibol.pt\/fpv\/wp-json\/wp\/v2\/categories?post=3642"},{"taxonomy":"post_tag","embeddable":true,"href":"https:\/\/fpvoleibol.pt\/fpv\/wp-json\/wp\/v2\/tags?post=3642"}],"curies":[{"name":"wp","href":"https:\/\/api.w.org\/{rel}","templated":true}]}}