{"id":36247,"date":"2024-11-04T16:29:09","date_gmt":"2024-11-04T16:29:09","guid":{"rendered":"https:\/\/fpvoleibol.pt\/fpv\/?p=36247"},"modified":"2024-11-04T16:29:09","modified_gmt":"2024-11-04T16:29:09","slug":"sub-17-iniciam-treinos-regulares","status":"publish","type":"post","link":"https:\/\/fpvoleibol.pt\/fpv\/2024\/11\/04\/sub-17-iniciam-treinos-regulares\/","title":{"rendered":"SUB-17 INICIAM TREINOS REGULARES"},"content":{"rendered":"<p><img loading=\"lazy\" decoding=\"async\" class=\"size-full wp-image-22034 aligncenter\" src=\"https:\/\/fpvoleibol.pt\/fpv\/wp-content\/uploads\/2023\/01\/sub17fem_europ2023_d.jpg\" alt=\"\" width=\"960\" height=\"570\" srcset=\"https:\/\/fpvoleibol.pt\/fpv\/wp-content\/uploads\/2023\/01\/sub17fem_europ2023_d.jpg 960w, https:\/\/fpvoleibol.pt\/fpv\/wp-content\/uploads\/2023\/01\/sub17fem_europ2023_d-300x178.jpg 300w, https:\/\/fpvoleibol.pt\/fpv\/wp-content\/uploads\/2023\/01\/sub17fem_europ2023_d-768x456.jpg 768w\" sizes=\"auto, (max-width: 960px) 100vw, 960px\" \/>Tendo em vista a prepara\u00e7\u00e3o da pr\u00f3xima <strong>Selec\u00e7\u00e3o Nacional de Sub-17 Femininos<\/strong> que ir\u00e1 disputar o <span style=\"text-decoration: underline;\">Torneio Internacional WEVZA<\/span>* agendado para o m\u00eas de Julho de 2025, a equipa t\u00e9cnica liderada por <strong>Beatriz Santos<\/strong> convocou hoje as seguintes 22 atletas para os treinos regulares que ter\u00e3o o seu in\u00edcio no dia <strong>11 de Novembro<\/strong>, de segunda a quinta-feira, das 18h30 \u00e0s 21h30, no Pavilh\u00e3o da Escola Secund\u00e1ria Rodrigues de Freitas, no Porto.<\/p>\n<p style=\"text-align: center;\"><span style=\"background-color: #000000; color: #ffffff;\">Atletas convocadas<\/span><br \/>\n<span style=\"background-color: #000000; color: #ffffff;\">(treinos regulares)<\/span><\/p>\n<p style=\"text-align: center;\"><strong><span style=\"text-decoration: underline;\">Academia Jos\u00e9 Moreira<\/span><br \/>\n<\/strong>Leonor Pinto<\/p>\n<p style=\"text-align: center;\"><strong><span style=\"text-decoration: underline;\">Ala de Nun&#8217;\u00c1lvares de Gondomar<\/span><br \/>\n<\/strong>Matilde Soares<\/p>\n<p style=\"text-align: center;\"><strong><span style=\"text-decoration: underline;\">Cast\u00ealo da Maia GC<\/span><br \/>\n<\/strong>Beatriz Le\u00e3o<br \/>\nMatilde Costa Silva<\/p>\n<p style=\"text-align: center;\"><strong><span style=\"text-decoration: underline;\">CA Madalena<\/span><br \/>\n<\/strong>Maria Francisca Val\u00e9rio<br \/>\nMaria Pereira<\/p>\n<p style=\"text-align: center;\"><strong><span style=\"text-decoration: underline;\">CD Feirense<\/span><br \/>\n<\/strong>Madalena Duarte<\/p>\n<p style=\"text-align: center;\"><strong><span style=\"text-decoration: underline;\">FC Porto<\/span><br \/>\n<\/strong>Carmen\u00a0Kuchel<br \/>\nMarta Antunes<\/p>\n<p style=\"text-align: center;\"><strong><span style=\"text-decoration: underline;\">GC Vilacondense<\/span><br \/>\n<\/strong>Bruna Teixeira<br \/>\n<strong><br \/>\n<span style=\"text-decoration: underline;\">Leix\u00f5es SC<\/span><br \/>\n<\/strong>In\u00eas Sobral<br \/>\nLaura Afanas<br \/>\nLu\u00edsa Vicente<br \/>\nMaria J\u00falia Cunha<\/p>\n<p style=\"text-align: center;\"><strong><span style=\"text-decoration: underline;\">Lousada VC<\/span><br \/>\n<\/strong>Ana Carolina Pereira<\/p>\n<p style=\"text-align: center;\"><strong><span style=\"text-decoration: underline;\">PV 2014\/Col\u00e9gio Efanor<\/span><\/strong><br \/>\nJade Silva<br \/>\nLeonor Moutinho<\/p>\n<p style=\"text-align: center;\"><strong><span style=\"text-decoration: underline;\">SC Arcozelo<\/span><br \/>\n<\/strong>Filipa Campos<br \/>\nMatilde Silva<\/p>\n<p style=\"text-align: center;\"><strong><span style=\"text-decoration: underline;\">SC Braga<\/span><br \/>\n<\/strong>Beatriz Oliveira<br \/>\nMafalda Ferrete<br \/>\nMaria Pereira<\/p>\n<p style=\"text-align: center;\"><span style=\"text-decoration: underline;\">Anteriormente, v\u00e1rias atletas tinham realizado treinos de observa\u00e7\u00e3o<\/span>:<\/p>\n<p style=\"text-align: center;\"><span style=\"background-color: #000000; color: #ffffff;\">T<\/span><span style=\"background-color: #000000; color: #ffffff;\">reinos de observa\u00e7\u00e3o<br \/>\n(14 a 17 de Outubro)<\/span><\/p>\n<p style=\"text-align: center;\"><span style=\"text-decoration: underline;\"><strong>AA S. Mamede<br \/>\n<\/strong><\/span>Maria Magalh\u00e3es<\/p>\n<p style=\"text-align: center;\"><span style=\"text-decoration: underline;\"><strong>Boavista FC<br \/>\n<\/strong><\/span>Beatriz Mota<br \/>\nMariana Alves<\/p>\n<p style=\"text-align: center;\"><span style=\"text-decoration: underline;\"><strong>CA Madalena<br \/>\n<\/strong><\/span>Ana Moreira<br \/>\nJoana Silva<br \/>\nMaria Bonfim<br \/>\nMaria Pereira<br \/>\nSofia Macedo<\/p>\n<p style=\"text-align: center;\"><span style=\"text-decoration: underline;\"><strong>Esmoriz GC<br \/>\n<\/strong><\/span>Maria Reis<br \/>\nMariana Fernandes<br \/>\nMariana Neves<br \/>\nNicole Fernandes<\/p>\n<p style=\"text-align: center;\"><span style=\"text-decoration: underline;\"><strong>Leix\u00f5es SC<br \/>\n<\/strong><\/span>Beatriz Maur\u00edcio<br \/>\nIn\u00eas Sobral<\/p>\n<p style=\"text-align: center;\"><span style=\"text-decoration: underline;\"><strong>SC Arcozelo<\/strong><\/span><br \/>\nMadalena Pinto da Silva<br \/>\nMaria Ramos<br \/>\nMatilde Oliveira<br \/>\nMatilde Silva<\/p>\n<p style=\"text-align: center;\"><span style=\"text-decoration: underline;\"><strong>US Clube Paredes<br \/>\n<\/strong><\/span>Joana Pacheco<\/p>\n<p style=\"text-align: center;\"><span style=\"background-color: #000000; color: #ffffff;\">Treinos de observa\u00e7\u00e3o<br \/>\n(7 a 10 de Outubro)<\/span><\/p>\n<p style=\"text-align: center;\"><span style=\"text-decoration: underline;\"><strong>AD Esposende<\/strong><\/span><br \/>\nMaria Pereira<\/p>\n<p style=\"text-align: center;\"><span style=\"text-decoration: underline;\"><strong>Ala de Nun&#8217;\u00c1lvares de Gondomar<\/strong><\/span><br \/>\nIn\u00eas Conde Silva<br \/>\nLeonor Silva<\/p>\n<p style=\"text-align: center;\"><span style=\"text-decoration: underline;\"><strong>AA S. Mamede<\/strong><\/span><br \/>\nIn\u00eas Bessa<\/p>\n<p style=\"text-align: center;\"><span style=\"text-decoration: underline;\"><strong>CA Madalena<\/strong><\/span><br \/>\nIn\u00eas Moreira<\/p>\n<p style=\"text-align: center;\"><strong><span style=\"text-decoration: underline;\">Cast\u00ealo da Maia GC<\/span><\/strong><br \/>\nMatilde Silva<br \/>\nSara Teixeira<\/p>\n<p style=\"text-align: center;\"><span style=\"text-decoration: underline;\"><strong>Col\u00e9gio Efanor<\/strong><\/span><br \/>\nLeonor Moutinho<\/p>\n<p style=\"text-align: center;\"><span style=\"text-decoration: underline;\"><strong>GC Vilacondense<\/strong><\/span><br \/>\nBruna Teixeira<\/p>\n<p style=\"text-align: center;\"><span style=\"text-decoration: underline;\"><strong>Leix\u00f5es SC<\/strong><\/span><br \/>\nLu\u00edsa Vicente<br \/>\nMaria Carlota Alves<\/p>\n<p style=\"text-align: center;\"><span style=\"text-decoration: underline;\"><strong>SC Arcozelo<\/strong><\/span><br \/>\nFilipa Campos<\/p>\n<p style=\"text-align: center;\"><span style=\"text-decoration: underline;\"><strong>SC Braga<\/strong><\/span><br \/>\nBeatriz Oliveira<br \/>\nL\u00edvia Al\u00e1rio<\/p>\n<p style=\"text-align: center;\"><span style=\"background-color: #000000; color: #ffffff;\">T<\/span><span style=\"background-color: #000000; color: #ffffff;\">reinos de observa\u00e7\u00e3o<br \/>\n(30 de Setembro a 3 de Outubro)<\/span><\/p>\n<p style=\"text-align: center;\"><strong><span style=\"text-decoration: underline;\">AD Esposende<\/span><br \/>\n<\/strong>Clara Gomes<\/p>\n<p style=\"text-align: center;\"><span style=\"text-decoration: underline;\"><strong>AA S. Mamede<\/strong><\/span><br \/>\nKarolina Mysko<\/p>\n<p style=\"text-align: center;\"><span style=\"text-decoration: underline;\"><strong>Atl\u00e9tico VC<\/strong><\/span><br \/>\nB\u00e1rbara Castro<\/p>\n<p style=\"text-align: center;\"><span style=\"text-decoration: underline;\"><strong>CA Madalena<\/strong><\/span><br \/>\nMaria Francisca Val\u00e9rio<\/p>\n<p style=\"text-align: center;\"><span style=\"text-decoration: underline;\"><strong>Cast\u00ealo da Maia GC<\/strong><\/span><br \/>\nBeatriz Le\u00e3o<br \/>\nLeonor Ressurrei\u00e7\u00e3o<\/p>\n<p style=\"text-align: center;\"><span style=\"text-decoration: underline;\"><strong>CD Feirense<\/strong><\/span><br \/>\nMadalena Duarte<\/p>\n<p style=\"text-align: center;\"><span style=\"text-decoration: underline;\"><strong>CD Foz<\/strong><\/span><br \/>\nGabriela Barreto<br \/>\nMarta Antunes<\/p>\n<p style=\"text-align: center;\"><span style=\"text-decoration: underline;\"><strong>CD P\u00f3voa<\/strong><\/span><br \/>\nMarina Campos<\/p>\n<p style=\"text-align: center;\"><span style=\"text-decoration: underline;\"><strong>Col\u00e9gio Ros\u00e1rio<\/strong><\/span><br \/>\nRita Loureiro<\/p>\n<p style=\"text-align: center;\"><span style=\"text-decoration: underline;\"><strong>Esmoriz GC<\/strong><\/span><br \/>\nMaria Lu\u00edsa Galante<\/p>\n<p style=\"text-align: center;\"><span style=\"text-decoration: underline;\"><strong>GC Vilacondense<\/strong><\/span><br \/>\nLaurinda da Silva<\/p>\n<p style=\"text-align: center;\"><strong><span style=\"text-decoration: underline;\">Leix\u00f5es SC<\/span><\/strong><br \/>\nMaria J\u00falia Cunha<\/p>\n<p style=\"text-align: center;\"><strong><span style=\"text-decoration: underline;\">Lousada VC<\/span><\/strong><br \/>\nAna Carolina Pereira<\/p>\n<p style=\"text-align: center;\"><strong><span style=\"text-decoration: underline;\">SC Braga<\/span><\/strong><br \/>\nFrancisca Martingo<br \/>\nMafalda Ferrete<br \/>\nSofia Gomes<\/p>\n<p><span style=\"font-size: 8pt;\"><strong>*WEVZA: Mais conhecida pela sigla WEVZA, a Western European Volleyball Zonal Association (Associa\u00e7\u00e3o Zonal de Voleibol do Oeste Europeu) foi constitu\u00edda no dia 26 de Setembro de 2013, integra oito pa\u00edses \u2013 Portugal, Espanha, Alemanha, B\u00e9lgica, It\u00e1lia, Holanda, Fran\u00e7a e Su\u00ed\u00e7a. <\/strong><strong>O objectivo primordial desta associa\u00e7\u00e3o zonal \u00e9 fortalecer e fomentar a organiza\u00e7\u00e3o de actividades desportivas, tanto de Voleibol como de Voleibol de Praia, com especial \u00eanfase nas categorias de forma\u00e7\u00e3o.<\/strong><\/span><br \/>\n<span style=\"font-size: 8pt;\"><strong>A Confedera\u00e7\u00e3o Europeia de Voleibol (CEV) conta com seis associa\u00e7\u00f5es zonais: a WEVZA (Europa Ocidental), a BVA (Balc\u00e3s), a EEVZA (Europa de Leste), a MEVZA (Europa Central), a NEVZA (Europa do Norte) e ainda a SCD (Divis\u00e3o dos Pequenos Pa\u00edses), da qual fazem parte Andorra, Chipre, Ilhas Faro\u00e9, Gibraltar, Gronel\u00e2ndia, Isl\u00e2ndia, Irlanda, Liechtenstein, Luxemburgo, Malta, M\u00f3naco, Irlanda do Norte, San Marino, Esc\u00f3cia e Pa\u00eds de Gales.<\/strong><\/span><\/p>\n<p style=\"text-align: center;\">Informa\u00e7\u00f5es adicionais em <a href=\"http:\/\/wevza.com\/\" target=\"_blank\" rel=\"noopener noreferrer\">www.wevza.com<\/a><\/p>\n","protected":false},"excerpt":{"rendered":"<p>Tendo em vista a prepara\u00e7\u00e3o da pr\u00f3xima Selec\u00e7\u00e3o Nacional de Sub-17 Femininos que ir\u00e1 disputar o Torneio Internacional WEVZA* agendado para o m\u00eas de Julho de 2025, a equipa t\u00e9cnica [&hellip;]<\/p>\n","protected":false},"author":2,"featured_media":17138,"comment_status":"open","ping_status":"open","sticky":false,"template":"","format":"standard","meta":{"_monsterinsights_skip_tracking":false,"_monsterinsights_sitenote_active":false,"_monsterinsights_sitenote_note":"","_monsterinsights_sitenote_category":0,"footnotes":""},"categories":[8],"tags":[50],"class_list":{"0":"post-36247","1":"post","2":"type-post","3":"status-publish","4":"format-standard","5":"has-post-thumbnail","7":"category-voleibol","8":"tag-wevza","9":"czr-hentry"},"aioseo_notices":[],"_links":{"self":[{"href":"https:\/\/fpvoleibol.pt\/fpv\/wp-json\/wp\/v2\/posts\/36247","targetHints":{"allow":["GET"]}}],"collection":[{"href":"https:\/\/fpvoleibol.pt\/fpv\/wp-json\/wp\/v2\/posts"}],"about":[{"href":"https:\/\/fpvoleibol.pt\/fpv\/wp-json\/wp\/v2\/types\/post"}],"author":[{"embeddable":true,"href":"https:\/\/fpvoleibol.pt\/fpv\/wp-json\/wp\/v2\/users\/2"}],"replies":[{"embeddable":true,"href":"https:\/\/fpvoleibol.pt\/fpv\/wp-json\/wp\/v2\/comments?post=36247"}],"version-history":[{"count":3,"href":"https:\/\/fpvoleibol.pt\/fpv\/wp-json\/wp\/v2\/posts\/36247\/revisions"}],"predecessor-version":[{"id":36255,"href":"https:\/\/fpvoleibol.pt\/fpv\/wp-json\/wp\/v2\/posts\/36247\/revisions\/36255"}],"wp:featuredmedia":[{"embeddable":true,"href":"https:\/\/fpvoleibol.pt\/fpv\/wp-json\/wp\/v2\/media\/17138"}],"wp:attachment":[{"href":"https:\/\/fpvoleibol.pt\/fpv\/wp-json\/wp\/v2\/media?parent=36247"}],"wp:term":[{"taxonomy":"category","embeddable":true,"href":"https:\/\/fpvoleibol.pt\/fpv\/wp-json\/wp\/v2\/categories?post=36247"},{"taxonomy":"post_tag","embeddable":true,"href":"https:\/\/fpvoleibol.pt\/fpv\/wp-json\/wp\/v2\/tags?post=36247"}],"curies":[{"name":"wp","href":"https:\/\/api.w.org\/{rel}","templated":true}]}}