{"id":3623,"date":"2021-02-26T19:45:43","date_gmt":"2021-02-26T18:45:43","guid":{"rendered":"https:\/\/fpvoleibol.pt\/fpv\/?p=3623"},"modified":"2021-03-04T18:04:12","modified_gmt":"2021-03-04T17:04:12","slug":"jornadas-decisivas-na-i-divisao","status":"publish","type":"post","link":"https:\/\/fpvoleibol.pt\/fpv\/2021\/02\/26\/jornadas-decisivas-na-i-divisao\/","title":{"rendered":"JORNADAS DECISIVAS NA I DIVIS\u00c3O"},"content":{"rendered":"<p><img loading=\"lazy\" decoding=\"async\" class=\"alignnone size-large wp-image-2011\" src=\"https:\/\/fpvoleibol.pt\/fpv\/wp-content\/uploads\/2020\/10\/noticia_cn_2021d_12-1024x576.jpg\" alt=\"\" width=\"1024\" height=\"576\" srcset=\"https:\/\/fpvoleibol.pt\/fpv\/wp-content\/uploads\/2020\/10\/noticia_cn_2021d_12-1024x576.jpg 1024w, https:\/\/fpvoleibol.pt\/fpv\/wp-content\/uploads\/2020\/10\/noticia_cn_2021d_12-300x169.jpg 300w, https:\/\/fpvoleibol.pt\/fpv\/wp-content\/uploads\/2020\/10\/noticia_cn_2021d_12-768x432.jpg 768w, https:\/\/fpvoleibol.pt\/fpv\/wp-content\/uploads\/2020\/10\/noticia_cn_2021d_12-1110x624.jpg 1110w, https:\/\/fpvoleibol.pt\/fpv\/wp-content\/uploads\/2020\/10\/noticia_cn_2021d_12-528x297.jpg 528w, https:\/\/fpvoleibol.pt\/fpv\/wp-content\/uploads\/2020\/10\/noticia_cn_2021d_12.jpg 1200w\" sizes=\"auto, (max-width: 1024px) 100vw, 1024px\" \/><\/p>\n<p>A 14.\u00aa e \u00faltima jornada da S\u00e9rie dos Primeiros do Campeonato Nacional da I Divis\u00e3o &#8211; masculinos define as equipas e os futuros jogos da I Divis\u00e3o Elite e da Ta\u00e7a Federa\u00e7\u00e3o, cujos Play-offs arrancam no dia 13 de Fevereiro.<\/p>\n<p>Embora o SL Benfica (ainda) lidere a classifica\u00e7\u00e3o, com 32 pontos em 13 jogos, a decis\u00e3o quanto ao primeiro lugar final na S\u00e9rie dos Primeiros est\u00e1 agora nas m\u00e3os da AJ Fonte do Bastardo (31 pts\/12 jogos), que defronta hoje \u00e0 noite ( jogo em atraso da 7.\u00aa jornada) e no s\u00e1bado o SC Caldas no fecho desta fase.<br \/>\nO 4.\u00ba e \u00faltimo lugar de acesso \u00e0 Elite pertencer\u00e1 ao vencedor do Esmoriz GC x SC Espinho, agendado para amanh\u00e3.<\/p>\n<p>O Sporting CP, que tamb\u00e9m j\u00e1 est\u00e1 apurado para a I Divis\u00e3o Elite, recebe o VC Viana\/Casa Peixoto na derradeira jornada da S\u00e9rie dos Primeiros.<br \/>\nEsmoriz GC ou SC Espinho, Cast\u00ealo da Maia GC, VC Viana\/Casa Peixoto e SC Caldas v\u00e3o disputar seguidamente a Ta\u00e7a Federa\u00e7\u00e3o. Ver regulamento <a href=\"http:\/\/www.fpvoleibol.pt\/regulamentos\/reg_esc_seniores_.pdf\">aqui<\/a><\/p>\n<p><span style=\"text-decoration: underline;\"><strong>14.\u00aa Jornada<br \/>\n<\/strong><\/span><strong>26.Fevereiro.2021<\/strong><br \/>\n<strong>20h00 locais<\/strong> \u2013 AJF Bastardo x SC Caldas, no Comp. Desp. Vitorino Nem\u00e9sio<br \/>\n<strong>27.Fevereiro.2021<\/strong><br \/>\n<strong>17h00<\/strong> \u2013 Esmoriz GC x SC Espinho, no Pav. Esmoriz GC<br \/>\n<strong>17h00<\/strong> \u2013 SL Benfica x Cast\u00ealo da Maia GC, no Pav. N.\u00ba 2 do Est\u00e1dio da Luz<br \/>\n<strong>17h00<\/strong> \u2013 Sporting CP x VC Viana\/Casa Peixoto, no Pav. Jo\u00e3o Rocha<\/p>\n<p><span style=\"text-decoration: underline;\"><strong>Jogo em atraso da 7.\u00aa jornada<\/strong><\/span><br \/>\n<strong>27.Fevereiro.2021<\/strong><br \/>\n<strong>17h00 locais<\/strong> \u2013 AJF Bastardo x SC Caldas, no Comp. Desp. Vitorino Nem\u00e9sio<\/p>\n<p><img loading=\"lazy\" decoding=\"async\" class=\"alignnone size-large wp-image-2010\" src=\"https:\/\/fpvoleibol.pt\/fpv\/wp-content\/uploads\/2020\/10\/noticia_cn_2021c_12-1024x576.jpg\" alt=\"\" width=\"1024\" height=\"576\" \/><\/p>\n<p>Em femininos, e embora faltem ainda um par ou mais de jogos a algumas equipas para terminar a 1.\u00aa fase da I Divis\u00e3o, j\u00e1 est\u00e3o apuradas para a I Divis\u00e3o de Elite tr\u00eas das quatro equipas que ir\u00e3o lutar pelo t\u00edtulo nacional.<br \/>\nA AJM\/FC Porto, que j\u00e1 disputou todos os 26 jogos desta fase regular, assegurou ontem o primeiro lugar ao vencer (3-1) na recep\u00e7\u00e3o ao AVC Famalic\u00e3o.<br \/>\nSporting CP e Leix\u00f5es SC, respectivamente 2.\u00ba e 3.\u00ba classificados, tamb\u00e9m j\u00e1 est\u00e3o apurados, embora a sua posi\u00e7\u00e3o classificativa ainda possa vir a sofrer altera\u00e7\u00f5es.<br \/>\nO 4.\u00ba lugar, \u00faltimo de acesso \u00e0 Elite, ser\u00e1 decidido entre o SL Benfica e o Clube Kair\u00f3s.<br \/>\nAs benfiquistas defrontam, em casa, o Sporting CP (28 Fevereiro) e o AVC Famalic\u00e3o (7 de Mar\u00e7o), enquanto as a\u00e7orianas recebem o AVC Famalic\u00e3o e o GC Vilacondense, respectivamente amanh\u00e3 e domingo.<\/p>\n<p><span style=\"text-decoration: underline;\"><strong>26.\u00aa Jornada<\/strong><\/span><br \/>\n<strong>28.Fevereiro.2021<\/strong><br \/>\n<strong>16h00<\/strong> \u2013 SL Benfica x Sporting CP, no Pav. N.\u00ba 2 do Estadio da Luz<br \/>\n<strong>16h00<\/strong> \u2013 CF \u00abOs Belenenses\u00bb x SC Braga\/U. Minho, no Pav. Ac\u00e1cio Rosa<br \/>\n<strong>16h00<\/strong> \u2013 Vit\u00f3ria SC x Boavista FC, no Pav. Desp. Unidade Vimaranense<br \/>\n<strong>16h00<\/strong> \u2013 Leix\u00f5es SC x PV2014\/Academia de Voleibol Col\u00e9gio Efano, na Nave Il\u00eddio Ramos<br \/>\n<strong>14h00 locais<\/strong> \u2013 Clube K x GC Vilacondense, no Pavilh\u00e3o Coriscol\u00e2ndia<br \/>\n<strong>16h00<\/strong> \u2013 CD Aves\/Termolan x Cast\u00ealo da Maia GC, no Pav. CD Aves<\/p>\n<p><strong>Toda a informa\u00e7\u00e3o sobre a I Divis\u00e3o<\/strong>\u00a0em\u00a0<a href=\"https:\/\/fpv-web.dataproject.com\/MainHome.aspx\">https:\/\/fpv-web.dataproject.com\/MainHome.aspx<\/a><\/p>\n<p>A lista dos \u00e1rbitros nomeados (actualizada \u00e0 quinta-feira) pode ser consultada em <a href=\"https:\/\/fpvoleibol.pt\/fpv\/arbitragem\/nomeacoes\">https:\/\/fpvoleibol.pt\/fpv\/arbitragem\/nomeacoes<\/a><\/p>\n<p>*A data e\/ou o hor\u00e1rio dos jogos poder\u00e3o sofrer altera\u00e7\u00f5es. Ver Calend\u00e1rios de Jogos em<br \/>\n<a href=\"https:\/\/www.portugalvoleibol.com\/classificacao\/\">https:\/\/www.portugalvoleibol.com\/classificacao\/<\/a><\/p>\n","protected":false},"excerpt":{"rendered":"<p>A 14.\u00aa e \u00faltima jornada da S\u00e9rie dos Primeiros do Campeonato Nacional da I Divis\u00e3o &#8211; masculinos define as equipas e os futuros jogos da I Divis\u00e3o Elite e da [&hellip;]<\/p>\n","protected":false},"author":2,"featured_media":1958,"comment_status":"open","ping_status":"open","sticky":false,"template":"","format":"standard","meta":{"_monsterinsights_skip_tracking":false,"_monsterinsights_sitenote_active":false,"_monsterinsights_sitenote_note":"","_monsterinsights_sitenote_category":0,"footnotes":""},"categories":[8],"tags":[],"class_list":{"0":"post-3623","1":"post","2":"type-post","3":"status-publish","4":"format-standard","5":"has-post-thumbnail","7":"category-voleibol","8":"czr-hentry"},"aioseo_notices":[],"_links":{"self":[{"href":"https:\/\/fpvoleibol.pt\/fpv\/wp-json\/wp\/v2\/posts\/3623","targetHints":{"allow":["GET"]}}],"collection":[{"href":"https:\/\/fpvoleibol.pt\/fpv\/wp-json\/wp\/v2\/posts"}],"about":[{"href":"https:\/\/fpvoleibol.pt\/fpv\/wp-json\/wp\/v2\/types\/post"}],"author":[{"embeddable":true,"href":"https:\/\/fpvoleibol.pt\/fpv\/wp-json\/wp\/v2\/users\/2"}],"replies":[{"embeddable":true,"href":"https:\/\/fpvoleibol.pt\/fpv\/wp-json\/wp\/v2\/comments?post=3623"}],"version-history":[{"count":5,"href":"https:\/\/fpvoleibol.pt\/fpv\/wp-json\/wp\/v2\/posts\/3623\/revisions"}],"predecessor-version":[{"id":3628,"href":"https:\/\/fpvoleibol.pt\/fpv\/wp-json\/wp\/v2\/posts\/3623\/revisions\/3628"}],"wp:featuredmedia":[{"embeddable":true,"href":"https:\/\/fpvoleibol.pt\/fpv\/wp-json\/wp\/v2\/media\/1958"}],"wp:attachment":[{"href":"https:\/\/fpvoleibol.pt\/fpv\/wp-json\/wp\/v2\/media?parent=3623"}],"wp:term":[{"taxonomy":"category","embeddable":true,"href":"https:\/\/fpvoleibol.pt\/fpv\/wp-json\/wp\/v2\/categories?post=3623"},{"taxonomy":"post_tag","embeddable":true,"href":"https:\/\/fpvoleibol.pt\/fpv\/wp-json\/wp\/v2\/tags?post=3623"}],"curies":[{"name":"wp","href":"https:\/\/api.w.org\/{rel}","templated":true}]}}