{"id":36227,"date":"2024-11-04T12:20:11","date_gmt":"2024-11-04T12:20:11","guid":{"rendered":"https:\/\/fpvoleibol.pt\/fpv\/?p=36227"},"modified":"2024-11-05T10:56:34","modified_gmt":"2024-11-05T10:56:34","slug":"portuguesas-em-accao-na-champions-e-challenge","status":"publish","type":"post","link":"https:\/\/fpvoleibol.pt\/fpv\/2024\/11\/04\/portuguesas-em-accao-na-champions-e-challenge\/","title":{"rendered":"PORTUGUESAS EM AC\u00c7\u00c3O NA CHAMPIONS E CHALLENGE"},"content":{"rendered":"<p><img loading=\"lazy\" decoding=\"async\" class=\"size-full wp-image-36239 aligncenter\" src=\"https:\/\/fpvoleibol.pt\/fpv\/wp-content\/uploads\/2024\/11\/fcporto_fest_site_fcp.jpg\" alt=\"\" width=\"960\" height=\"439\" srcset=\"https:\/\/fpvoleibol.pt\/fpv\/wp-content\/uploads\/2024\/11\/fcporto_fest_site_fcp.jpg 960w, https:\/\/fpvoleibol.pt\/fpv\/wp-content\/uploads\/2024\/11\/fcporto_fest_site_fcp-300x137.jpg 300w, https:\/\/fpvoleibol.pt\/fpv\/wp-content\/uploads\/2024\/11\/fcporto_fest_site_fcp-768x351.jpg 768w, https:\/\/fpvoleibol.pt\/fpv\/wp-content\/uploads\/2024\/11\/fcporto_fest_site_fcp-517x235.jpg 517w\" sizes=\"auto, (max-width: 960px) 100vw, 960px\" \/>A estreia hist\u00f3rica da equipa de seniores femininos do <strong>Futebol Clube do Porto<\/strong> na Liga dos Campe\u00f5es est\u00e1 agendada para o dia <a href=\"https:\/\/www.cev.eu\/match-centres\/2025-european-cups\/cev-champions-league-volley-2025-women\/clvw-35-vero-volley-milano-v-fc-porto\/\">7 de Novembro (20h00 locais)<\/a> na Arena Di Monza, frente ao Numia Vero Volley Milano, que foi finalista na \u00faltima edi\u00e7\u00e3o da<em> Champions<\/em>, perdendo na final com as suas compatriotas do A. Carraro Imoco Conegliano, da sueca Isabelle Haak, pela diferen\u00e7a m\u00ednima: 2-3 (14-25, 25-23, 19-25, 25-19 e 9-15).<br \/>\nSer\u00e1 o primeiro jogo das azuis e brancas na Pool C da 4.\u00aa Ronda da Liga dos Campe\u00f5es e logo frente \u00e0 equipa da<em>\u00a0superestrela<\/em> Paola Egonu (<a href=\"https:\/\/www.facebook.com\/photo.php?fbid=485854167519052&amp;set=a.129539953150477&amp;type=3&amp;ref=embed_post&amp;checkpoint_src=any\">Paris 2024 Olympics MVP<\/a>), considerada por muitos a melhor oposta da actualidade.<\/p>\n<p>&#8220;<em>No pr\u00f3ximo jogo (&#8230;) vamos jogar contra um das tr\u00eas melhores equipas do mundo e ningu\u00e9m est\u00e1 preparado para as defrontar. O melhor de tudo \u00e9 que come\u00e7amos em casa da melhor equipa do grupo num ambiente espectacular que nos vai mostrar como vencer a este n\u00edvel. Temos que aproveitar muito o momento e o que isto nos pode ensinar<\/em>\u201d, afirmou o treinador <strong>Miguel Coelho<\/strong> em declara\u00e7\u00f5es ao<a href=\"https:\/\/www.fcporto.pt\/pt\/noticias\/20241102-pt-competencia-maxima\"> site dos drag\u00f5es<\/a>\u00a0logo ap\u00f3s o jogo da Liga Solverde.pt disputado no recinto do Cast\u00ealo da Maia GC e que terminou com a vit\u00f3ria das portistas por 3-0 (25-22, 25-18 e 25-19). <span style=\"font-size: 10px;\"><strong>Foto: <a href=\"https:\/\/www.fcporto.pt\/pt\/noticias\/20241102-pt-competencia-maxima\">FCP<\/a><\/strong><\/span><\/p>\n<p>O primeiro jogo em casa da Liga dos Campe\u00f5es acontece no dia 12 de Novembro (<a href=\"https:\/\/www.cev.eu\/match-centres\/2025-european-cups\/cev-champions-league-volley-2025-women\/clvw-38-fc-porto-v-vakifbank-istanbul\/\">Drag\u00e3o Arena, 20h30<\/a>) frente ao poderoso VakifBank Istanbul.<\/p>\n<p>A verdade \u00e9 que o grupo C da Liga dos Campe\u00f5es tem como favoritas essas duas equipas: o Volley Milano, de It\u00e1lia, e o VakifBank, da Turquia.<\/p>\n<p>Vice-campe\u00e3o da temporada passada, vencedor da Ta\u00e7a CEV (2020\/21) e da Challenge Cup (2018\/19), disputando ambas com o nome de Saugella Team Monza, o agora Allianz <em>ou<\/em> Numia Vero Volley Milano disputa pela quarta vez consecutiva a principal competi\u00e7\u00e3o de clubes, tendo sido sempre eliminado da prova pelos eventuais campe\u00f5es.<br \/>\nNas transalpinas, o destaque vai para jogadoras como as internacionais italianas Paola Egonu e Myriam Sylla.<\/p>\n<p>O VakifBank Istanbul, antiga equipa de Egonu, conquistou o trof\u00e9u de campe\u00e3o europeu seis vezes nas \u00faltimas 13 temporadas e tem um registo hist\u00f3rico positivo no confronto directo com o Vero Volley Milano, tendo vencido cinco das seis partidas disputadas nas tr\u00eas \u00e9pocas anteriores na principal competi\u00e7\u00e3o europeia.<\/p>\n<p>Para tentar contrariar o favoritismo destas duas forma\u00e7\u00f5es, aparecem as campe\u00e3s eslovenas do Calcit Kamnik e as campe\u00e3s portuguesas do FC Porto.<br \/>\nAs eslovenas come\u00e7am a ser <em>habitu\u00e9es<\/em> na competi\u00e7\u00e3o, mas nunca venceram nenhum dos 18 jogos at\u00e9 agora disputados na Champions, enquanto as portistas fazem esta \u00e9poca a sua estreia hist\u00f3rica na Liga dos Campe\u00f5es.<\/p>\n<p>As azuis e brancas chegaram \u00e0 fase de grupos depois de eliminarem as campe\u00e3s espanholas do Hidramar Gran Canaria na 3.\u00aa Ronda da Liga dos Campe\u00f5es, com vit\u00f3rias por 3-0 (casa) e 3-2 (fora).<\/p>\n<p>O Voleibol feminino volta assim a ter uma equipa lusitana na <em>Champions League<\/em> 19 anos depois. O Sporting Clube de Espinho foi o primeiro a disputar a Ta\u00e7a dos Campe\u00f5es Europeus, em 1960\/1961 \u2013 seguido do CDUL e do SL Benfica, que foi o primeiro a atingir os quartos-de-final (1968, 1970 e 1973) \u2013, e o Clube Acad\u00e9mico da Trofa foi a primeira equipa portuguesa de seniores femininos a disputar a actual Liga dos Campe\u00f5es, em 2005\/2006, tendo sido 6.\u00ba classificado na Pool A da fase de grupos.<\/p>\n<p>Ainda na Liga dos Campe\u00f5es, mas em masculinos, inseridos na Pool C da 4.\u00aa Ronda na Liga dos Campe\u00f5es, os polacos do <a href=\"https:\/\/www.aluroncmc.pl\/\" target=\"_blank\" rel=\"noopener\">Aluron Warta Zawiercie<\/a>, de Miguel Tavares Rodrigues, recebem no dia 13 de Novembro os austr\u00edacos do <u>Hypo Tirol Innsbruck<\/u>, visitando depois, no dia 21 de Novembro, os belgas do Knack Roeselare.<\/p>\n<p>Igualmente a 13 de Novembro, os alem\u00e3es do <a href=\"https:\/\/homeofgrizzlys.de\/\">Helios Grizzlys Giesen (Alemanha)<\/a>, de Miguel Sinfr\u00f3nio, recebem os turcos do Fenerbah\u00e7e Medicana Istanbul, em jogo da Pool B da 4.\u00aa Ronda da Liga dos Campe\u00f5es.<\/p>\n<p>Na Pool D da 4.\u00aa Ronda da Liga dos Campe\u00f5es, os franceses do <a href=\"http:\/\/www.snvba.net\/\" target=\"_blank\" rel=\"noopener\">Saint-Nazaire VB Atlantique,<\/a> de Louren\u00e7o Martins, visitam os turcos do Halkbank tamb\u00e9m no dia 13, recebendo no dia 19 de Novembro os italianos do Sir Sicoma Monini Perugia.<\/p>\n<p style=\"text-align: center;\"><span style=\"background-color: #000000; color: #ffffff;\">Ta\u00e7a CEV<\/span><\/p>\n<p>A equipa de seniores masculinos do <strong>Sport Lisboa e Benfica<\/strong>, pentacampe\u00e3o nacional* em t\u00edtulo, vai defrontar os eslovenos do Calcit Kamnik nos 16 avos-de-final da Ta\u00e7a CEV.<br \/>\nO primeiro jogo ser\u00e1 disputado em Lisboa, no dia <a href=\"https:\/\/www.cev.eu\/match-centres\/2025-european-cups\/cev-volleyball-cup-2025-men\/ccm-37-sport-lisboa-e-benfica-v-calcit-kamnik\/\">12 de Novembro (20h00)<\/a>, com transmiss\u00e3o em directo na <span style=\"color: #ff0000;\">Benfica TV<\/span>, e o segundo est\u00e1 agendado j\u00e1 para o dia <a href=\"https:\/\/www.cev.eu\/match-centres\/2025-european-cups\/cev-volleyball-cup-2025-men\/ccm-38-calcit-kamnik-v-sport-lisboa-e-benfica-3\/\">19 de Novembro<\/a> na Eslov\u00e9nia.<\/p>\n<p>No ano passado, o SL Benfica participou pela quarta vez na Liga dos Campe\u00f5es, tendo sido 12.\u00ba <a href=\"https:\/\/www-old.cev.eu\/Competition-Area\/MatchStatistics.aspx?ID=76592\">classificado<\/a>, depois de ter terminado em 4.\u00ba lugar na Pool C da Fase de grupos.<br \/>\nA melhor classifica\u00e7\u00e3o registou-se em 2022, o 9.\u00ba\/12.\u00ba lugar na classifica\u00e7\u00e3o final, ap\u00f3s terminar em terceiro no seu grupo.<br \/>\nOs melhores registos dos <em>encarnados<\/em> da Luz nas competi\u00e7\u00f5es internacionais datam de 2015 e 2016, respectivamente com a conquista da medalha de prata e da medalha de bronze, ambas na Challenge Cup.<br \/>\n<span style=\"font-size: 8pt;\">*Em 2019\/20 n\u00e3o houve campe\u00f5es nacionais<\/span><\/p>\n<p style=\"text-align: center;\"><span style=\"background-color: #000000; color: #ffffff;\">Challenge Cup<\/span><\/p>\n<p>Nos 16 avos-de-final da Challenge Cup, o <strong>Sporting Clube de Portugal<\/strong>, que este ano ergueu a II Ta\u00e7a Ib\u00e9rica e a Superta\u00e7a 2024 portuguesa, vai defrontar os checos do <a href=\"https:\/\/kladno.volejbal.cz\/\">Kladno Volejbal cz<\/a>\u00a0\u2013 equipa do distribuidor <span style=\"text-decoration: underline;\">Jos\u00e9 Neves<\/span> \u2013 l\u00edder isolado da <a href=\"https:\/\/www.cvf.cz\/extraliga-muzi\/\">Extraliga Masculina<\/a>, o principal campeonato da Ch\u00e9quia.<br \/>\nO jogo da primeira m\u00e3o est\u00e1 agendado para o dia 12 de Novembro (19h30) no Pavilh\u00e3o Jo\u00e3o Rocha, em Lisboa, e contar\u00e1 com a arbitragem de Francisco Sabroso (Espanha) e Endri Zguri (Alb\u00e2nia). Ver mais informa\u00e7\u00f5es <a href=\"https:\/\/www.cev.eu\/match-centres\/2025-european-cups\/cev-volleyball-challenge-cup-2025-men\/chcm-39-sporting-cp-lisboa-v-kladno-volejbal-cz-1\/\">AQUI<\/a><br \/>\nA 2.\u00aa m\u00e3o disputa-se no dia 21 de Novembro, pelas <a href=\"https:\/\/www.cev.eu\/match-centres\/2025-european-cups\/cev-volleyball-challenge-cup-2025-men\/chcm-40-kladno-volejbal-cz-v-sporting-cp-lisboa\/\">18h00 locais<\/a>, no Kladenska Sportovni Hala, de Kladno.<br \/>\nEm 2019, a forma\u00e7\u00e3o leonina classificou-se no 3.\u00ba lugar na Challenge Cup, tendo ainda registado na competi\u00e7\u00e3o um 5.\u00ba lugar (2023), e dois 9.\u00ba lugares (2021 e 2022) nos \u00faltimos anos.<\/p>\n<p>A <strong>Associa\u00e7\u00e3o de Jovens da Fonte do Bastardo<\/strong>, que foi 5.\u00aa classificada na \u00faltima edi\u00e7\u00e3o da competi\u00e7\u00e3o, entra directamente nos 16 avos-de-final, defrontando os espanh\u00f3is do CV Melilla, primeiro fora (12 de Novembro, 19h00 locais, ver mais informa\u00e7\u00f5es <a href=\"https:\/\/www.cev.eu\/match-centres\/2025-european-cups\/cev-volleyball-challenge-cup-2025-men\/chcm-41-cv-melilla-v-fonte-bastardo-azores\/\">aqui<\/a>) e depois em casa (19 de Novembro, pelas 20h30 locais, ver mais informa\u00e7\u00f5es <a href=\"https:\/\/www.cev.eu\/match-centres\/2025-european-cups\/cev-volleyball-challenge-cup-2025-men\/chcm-42-fonte-bastardo-azores-v-cv-melilla\/\">aqui<\/a>).<\/p>\n<p style=\"text-align: center;\"><img loading=\"lazy\" decoding=\"async\" class=\"size-full wp-image-36237 aligncenter\" src=\"https:\/\/fpvoleibol.pt\/fpv\/wp-content\/uploads\/2024\/11\/alice_site_slbenfica.jpg\" alt=\"\" width=\"960\" height=\"541\" srcset=\"https:\/\/fpvoleibol.pt\/fpv\/wp-content\/uploads\/2024\/11\/alice_site_slbenfica.jpg 960w, https:\/\/fpvoleibol.pt\/fpv\/wp-content\/uploads\/2024\/11\/alice_site_slbenfica-300x169.jpg 300w, https:\/\/fpvoleibol.pt\/fpv\/wp-content\/uploads\/2024\/11\/alice_site_slbenfica-768x433.jpg 768w, https:\/\/fpvoleibol.pt\/fpv\/wp-content\/uploads\/2024\/11\/alice_site_slbenfica-528x297.jpg 528w\" sizes=\"auto, (max-width: 960px) 100vw, 960px\" \/><strong><span style=\"font-size: 10px;\">Foto: <a href=\"https:\/\/www.slbenfica.pt\/pt-pt\/agora\/noticias\/2024\/11\/03\/voleibol-feminino-jogo-benfica-cd-fiaes-6-jornada-1-fase-campeonato-nacional\">SLB<\/a><\/span><\/strong><\/p>\n<p>A equipa de seniores femininos do <strong>SL Benfica<\/strong>, que <em><a href=\"https:\/\/fpvoleibol.pt\/fpv\/2024\/09\/28\/sl-benfica-ergue-supertaca-de-femininos\/\">fez hist\u00f3ria recentemente<\/a><\/em> ao erguer a (sua primeira) Superta\u00e7a, tamb\u00e9m entra directamente nos 16 avos-de-final da Challenge Cup, defrontando as gregas do AEK de Atenas, primeiro fora (6 de Novembro, pelas 19h00 locais, ver mais informa\u00e7\u00f5es <a href=\"https:\/\/www.cev.eu\/match-centres\/2025-european-cups\/cev-volleyball-challenge-cup-2025-women\/chcw-43-aek-athens-v-sport-lisboa-e-benfica\/\">aqui<\/a>) e seguidamente em casa (14 de Novembro, pelas 20h00, ver mais informa\u00e7\u00f5es <a href=\"https:\/\/www.cev.eu\/match-centres\/2025-european-cups\/cev-volleyball-challenge-cup-2025-women\/chcw-44-sport-lisboa-e-benfica-v-aek-athens\/\">aqui<\/a>).<br \/>\nNo final do jogo entre o SL Benfica e o CD Fi\u00e3es disputado no fim-de-semana, a contar para a Liga Solverde.pt, e que terminou com o resultado de 3-0 (25-12, 25-23 e 26-24) a favor das encarnadas, a zona 4 norte-americana <strong>Kyra Holt<\/strong>, em declara\u00e7\u00f5es \u00e0 <span style=\"color: #ff0000;\">Benfica TV<\/span>, lan\u00e7ou o aviso:<br \/>\n&#8220;<em>Somos muito lutadoras, mas penso que, no decorrer do jogo, como no 2.\u00ba e no 3.\u00ba sets, temos de ser melhores como equipa e mais disciplinadas, para que os sets n\u00e3o sejam t\u00e3o renhidos<\/em>.&#8221;<\/p>\n<p>&#8220;<em>H\u00e1 34 anos [1990] que n\u00e3o t\u00ednhamos um jogo em competi\u00e7\u00f5es europeias no Voleibol feminino. Conseguimos dar esse passo nesta \u00e9poca. \u00c9 muito importante para o crescimento da modalidade na vertente feminina do Clube, e \u00e9 muito importante para esta equipa e para todos n\u00f3s, at\u00e9 para continuarmos a crescer enquanto equipa<\/em>&#8220;, reconheceu o treinador <strong>Rui Moreira<\/strong> em declara\u00e7\u00f5es ao <a href=\"https:\/\/www.slbenfica.pt\/pt-pt\/agora\/noticias\/2024\/11\/05\/voleibol-feminino-benfica-antevisao-aek-atenas-1-mao-16-avos-de-final-cev-challenge-cup\">site do clube da Luz<\/a>.<\/p>\n<p>Na Challenge Cup \u2013 masculinos, os espanh\u00f3is do <span style=\"text-decoration: underline;\">Grupo Rafael Afonso San Roque, de Jos\u00e9 Pinto<\/span>, defrontam nos 16 avos-de-final os gregos do PAOK Thessaloniki, estando o primeiro jogo agendado para o dia 13 de Novembro, em Las Palmas, e o segundo para o dia 20, em Sal\u00f3nica.<\/p>\n<p>Igualmente nos <em>16 avos<\/em>, os neerlandeses do <a href=\"https:\/\/www.lycurgus.nl\/\">Nova Technology Lycurgus BV<\/a>, de Nuno Marques, visitam o VC Lorentzweiler no dia 12 de Novembro, recebendo os luxemburgueses no dia 19 de Novembro, em jogo arbitrado pela portuguesa Sofia Costa.<\/p>\n<p style=\"text-align: center;\"><span style=\"text-decoration: underline;\"><strong>Supervisores e \u00e1rbitros portugueses em ac\u00e7\u00e3o<br \/>\nnas competi\u00e7\u00f5es internacionais<\/strong><\/span><\/p>\n<p><strong>Teodemiro Carvalho<br \/>\n<\/strong>Supervisor CEV no jogo Vandoeuvre Nancy VB (Fran\u00e7a) x Dresdner SC (Alemanha), dos 16 avos-de-final da Ta\u00e7a CEV &#8211; femininos, no dia 6 de Novembro.<\/p>\n<p><strong>Arnaldo Rocha<br \/>\n<\/strong>Supervisor CEV no jogo WWK Volleys Herrsching (Alemanha) x Cisneros Alter Tenerife (Espanha), dos 16 avos-de-final da Challenge Cup, no dia 19 de Novembro.<\/p>\n<p><strong>Paulo F\u00e9lix<\/strong><br \/>\nSupervisor CEV no jogo Guaguas Las Palmas (Espanha) x TSV Raiffeisen Hartberg (\u00c1ustria), dos 16 avos-de-final da Ta\u00e7a CEV \u2013 masculinos, no dia 13 de Novembro.<\/p>\n<p><strong>Pedro Pinto<\/strong><br \/>\nLevski Sofia (Bulg\u00e1ria) x SVG Luneburg (Alemanha), da Pool E da Liga dos Campe\u00f5es &#8211; masculinos, no dia 20 de Novembro.<br \/>\nEczacibasi Dynavit Istanbul (Turquia) x SSC Palmberg Schwern (Alemanha), da Pool B da 4.\u00aa Ronda da Liga dos Campe\u00f5es \u2013 femininos, no dia 10 de Dezembro.<br \/>\nGreenyard Maaseik (B\u00e9lgica) x PGE Projekt Warszawa (Pol\u00f3nia), da Pool A da 4.\u00aa Ronda da Liga dos Campe\u00f5es &#8211; masculinos, no dia 15 de Janeiro de 2025.<br \/>\nSaint-Nazaire VB Atlantique (Fran\u00e7a) x Jihostroj Cesk\u00e9 Budejovice (Ch\u00e9quia), da Pool D da 4.\u00aa Ronda da Liga dos Campe\u00f5es &#8211; masculinos, no dia 29 de Janeiro de 2025.<\/p>\n<p><strong>Ricardo Ferreira<\/strong><br \/>\nSir Sicoma Monini Perugia (It\u00e1lia) x Jihostroj Cesk\u00e9 Budejovice (Ch\u00e9quia), da Pool D da 4.\u00aa Ronda da Liga dos Campe\u00f5es &#8211; masculinos, no dia 13 de Novembro.<br \/>\nLevallois Paris Saint Cloud (Fran\u00e7a) x Tent Obrenovac (S\u00e9rvia), da Pool B da 4.\u00aa Ronda da Liga dos Campe\u00f5es \u2013 femininos, no dia 10 de Dezembro.<br \/>\nAllianz Milano (It\u00e1lia) x Hypo Tirol Innsbruck (\u00c1ustria), da Pool C da 4.\u00aa Ronda da Liga dos Campe\u00f5es \u2013 masculinos, no dia 18 de Dezembro.<br \/>\nStars Doetinchem (Pa\u00edses Baixos) x Hypo Tirol Innsbruck (\u00c1ustria), da Pool C da 4.\u00aa Ronda da Liga dos Campe\u00f5es \u2013 masculinos, no dia 23 de Dezembro.<\/p>\n<p><strong>V\u00edtor Gon\u00e7alves<\/strong><br \/>\nLevallois Paris Saint Cloud (Fran\u00e7a) x SSC Palmberg Schwerin (Alemanha), da Pool B da 4.\u00aa Ronda da Liga dos Campe\u00f5es \u2013 femininos, no dia 6 de Novembro.<br \/>\nACH Volley Ljubjana (Eslov\u00e9nia) x PGE Projekt Warszawa (Pol\u00f3nia), da Pool A da 4.\u00aa Ronda da Liga dos Campe\u00f5es &#8211; masculinos, no dia 21 de Novembro.<br \/>\nChaumont VB 52 (Fran\u00e7a) x SVG Luneburg (Alemanha), da Pool E da Liga dos Campe\u00f5es &#8211; masculinos, no dia 16 de Janeiro de 2025.<br \/>\nA. Carraro Imoco Conegliano (It\u00e1lia) x Developres Rzesz\u00f3w (Pol\u00f3nia), da Pool A da 4.\u00aa Ronda da Liga dos Campe\u00f5es &#8211; femininos, no dia 22 de Janeiro de 2025.<\/p>\n<p><strong>Nuno Maia<br \/>\n<\/strong>\u00c1rbitro de reserva no FC Porto x VakifBank Istanbul (Turquia), da Pool C da 4.\u00aa Ronda da Liga dos Campe\u00f5es \u2013 femininos, no dia 12 de Novembro.<br \/>\nKaposv\u00e1ri NRC (Hungria) x Tenerife Libby\u2019s La Laguna (Espanha), dos 16 avos-de-final da Ta\u00e7a CEV \u2013 femininos, no dia 13 de Novembro.<br \/>\nVfB Friedrichshafen (Alemanha) x Mladost Zagreb (Cro\u00e1cia), da 2.\u00aa Ronda da Liga dos Campe\u00f5es \u2013 masculinos, a contar para os 16 avos-de-final da Ta\u00e7a CEV \u2013 masculinos, no dia 20 de Novembro.<\/p>\n<p><strong>Jos\u00e9 Caramez<\/strong><br \/>\nVolley Schonenwerd (Su\u00ed\u00e7a) x Tours VB (Fran\u00e7a), a contar para os 16 avos-de-final da Ta\u00e7a CEV \u2013 masculinos, no dia 13 de Novembro.<br \/>\nAvarca de Menorca (Espanha) x Vencedor do Tenerife Libby\u2019s La Laguna (Espanha) <em>vs<\/em> Kaposv\u00e1ri NRC (Hungria), nos oitavos-de-final da Ta\u00e7a CEV \u2013 femininos, no dia 21 de Novembro.<\/p>\n<p><strong>Raquel Portela<br \/>\n<\/strong>Tenerife Libby\u2019s La Laguna (Espanha) x Kaposv\u00e1ri NRC (Hungria), dos 16 avos-de-final da Ta\u00e7a CEV \u2013 femininos, no dia 5 de Novembro.<br \/>\nTrentino Itas (It\u00e1lia) x CS Arcada Galati (Rom\u00e9nia), a contar para os 16 avos-de-final da Ta\u00e7a CEV \u2013 masculinos, no dia 20 de Novembro.<br \/>\nVencedor do Tenerife Libby\u2019s La Laguna (Espanha) vs Kaposv\u00e1ri NRC (Hungria) x Avarca de Menorca (Espanha), nos oitavos-de-final da Ta\u00e7a CEV \u2013 femininos, no dia 10, 11 ou 12 de Dezembro.<\/p>\n<p><strong>Nuno Teixeira<\/strong><br \/>\nMladost Zagreb (Cro\u00e1cia) x VfB Friedrichshafen (Alemanha), a contar para os 16 avos-de-final da Ta\u00e7a CEV \u2013 masculinos, no dia 14 de Novembro.<br \/>\nVencedor do Orion Stars Doetinchem (Pa\u00edses Baixos) <em>vs<\/em> Asseco Resovia Rzeszow (Pol\u00f3nia) x Vencedor do Blue Volley Ostrava (Ch\u00e9quia) <em>vs<\/em> VK Lvi Praha (Ch\u00e9quia), dos oitavos-de-final da Ta\u00e7a CEV &#8211; masculinos, em data a definir.<\/p>\n<p><strong>Sofia Costa<\/strong><br \/>\n\u00c1rbitro de reserva no SL Benfica x Calcit Kamnik (Eslov\u00e9nia), , a contar para os 16 avos-de-final da Ta\u00e7a CEV \u2013 masculinos, no dia 12 de Novembro.<br \/>\nLycurgus Gronigen (Pa\u00edses Baixos) x VC Lorentzweiler (Luxemburgo), 16 avos-de-final da Challenge Cup \u2013 masculinos, no dia 19 de Novembro.<br \/>\nVencedor do Olympiada Neapolis Nicosia (Chipre) <em>vs<\/em> Charleroi Volley (B\u00e9lgica) x Vencedor do Panathinaikos Athens (Gr\u00e9cia) <em>vs<\/em> CV Cajasol Juvasa Sevilla (Espanha), dos oitavos-de-final da Challenge Cup &#8211; femininos, em data a definir.<\/p>\n<p style=\"text-align: center;\">Mais informa\u00e7\u00f5es em\u00a0<a href=\"http:\/\/www.cev.eu\/\">cev.eu<\/a><\/p>\n","protected":false},"excerpt":{"rendered":"<p>A estreia hist\u00f3rica da equipa de seniores femininos do Futebol Clube do Porto na Liga dos Campe\u00f5es est\u00e1 agendada para o dia 7 de Novembro (20h00 locais) na Arena Di [&hellip;]<\/p>\n","protected":false},"author":2,"featured_media":30987,"comment_status":"open","ping_status":"open","sticky":false,"template":"","format":"standard","meta":{"_monsterinsights_skip_tracking":false,"_monsterinsights_sitenote_active":false,"_monsterinsights_sitenote_note":"","_monsterinsights_sitenote_category":0,"footnotes":""},"categories":[13,8],"tags":[54,139,32,53],"class_list":{"0":"post-36227","1":"post","2":"type-post","3":"status-publish","4":"format-standard","5":"has-post-thumbnail","7":"category-arbitragem","8":"category-voleibol","9":"tag-challenge-cup","10":"tag-epoca-2024-2025","11":"tag-liga-dos-campeoes","12":"tag-taca-cev","13":"czr-hentry"},"aioseo_notices":[],"_links":{"self":[{"href":"https:\/\/fpvoleibol.pt\/fpv\/wp-json\/wp\/v2\/posts\/36227","targetHints":{"allow":["GET"]}}],"collection":[{"href":"https:\/\/fpvoleibol.pt\/fpv\/wp-json\/wp\/v2\/posts"}],"about":[{"href":"https:\/\/fpvoleibol.pt\/fpv\/wp-json\/wp\/v2\/types\/post"}],"author":[{"embeddable":true,"href":"https:\/\/fpvoleibol.pt\/fpv\/wp-json\/wp\/v2\/users\/2"}],"replies":[{"embeddable":true,"href":"https:\/\/fpvoleibol.pt\/fpv\/wp-json\/wp\/v2\/comments?post=36227"}],"version-history":[{"count":9,"href":"https:\/\/fpvoleibol.pt\/fpv\/wp-json\/wp\/v2\/posts\/36227\/revisions"}],"predecessor-version":[{"id":36280,"href":"https:\/\/fpvoleibol.pt\/fpv\/wp-json\/wp\/v2\/posts\/36227\/revisions\/36280"}],"wp:featuredmedia":[{"embeddable":true,"href":"https:\/\/fpvoleibol.pt\/fpv\/wp-json\/wp\/v2\/media\/30987"}],"wp:attachment":[{"href":"https:\/\/fpvoleibol.pt\/fpv\/wp-json\/wp\/v2\/media?parent=36227"}],"wp:term":[{"taxonomy":"category","embeddable":true,"href":"https:\/\/fpvoleibol.pt\/fpv\/wp-json\/wp\/v2\/categories?post=36227"},{"taxonomy":"post_tag","embeddable":true,"href":"https:\/\/fpvoleibol.pt\/fpv\/wp-json\/wp\/v2\/tags?post=36227"}],"curies":[{"name":"wp","href":"https:\/\/api.w.org\/{rel}","templated":true}]}}