{"id":3611,"date":"2021-02-26T19:10:12","date_gmt":"2021-02-26T18:10:12","guid":{"rendered":"https:\/\/fpvoleibol.pt\/fpv\/?p=3611"},"modified":"2021-02-27T16:28:29","modified_gmt":"2021-02-27T15:28:29","slug":"comunicado-conjunto-das-5-federacoes-3","status":"publish","type":"post","link":"https:\/\/fpvoleibol.pt\/fpv\/2021\/02\/26\/comunicado-conjunto-das-5-federacoes-3\/","title":{"rendered":"COMUNICADO CONJUNTO DAS 5 FEDERA\u00c7\u00d5ES"},"content":{"rendered":"<p><img loading=\"lazy\" decoding=\"async\" class=\"alignnone size-full wp-image-3617\" src=\"https:\/\/fpvoleibol.pt\/fpv\/wp-content\/uploads\/2021\/02\/prr.jpeg\" alt=\"\" width=\"960\" height=\"540\" srcset=\"https:\/\/fpvoleibol.pt\/fpv\/wp-content\/uploads\/2021\/02\/prr.jpeg 960w, https:\/\/fpvoleibol.pt\/fpv\/wp-content\/uploads\/2021\/02\/prr-300x169.jpeg 300w, https:\/\/fpvoleibol.pt\/fpv\/wp-content\/uploads\/2021\/02\/prr-768x432.jpeg 768w, https:\/\/fpvoleibol.pt\/fpv\/wp-content\/uploads\/2021\/02\/prr-528x297.jpeg 528w\" sizes=\"auto, (max-width: 960px) 100vw, 960px\" \/><\/p>\n<p>&nbsp;<\/p>\n<p>I. Considerando o conte\u00fado da recent\u00edssima Resolu\u00e7\u00e3o do Parlamento Europeu, de 10 de fevereiro de 2021, sobre o impacto da COVID-19 na Juventude e no Desporto (2020\/2864(RSP)), evidencia o efeito devastador no Desporto e nos setores e ind\u00fastrias com ele relacionados.<\/p>\n<p>II. Considerando que a op\u00e7\u00e3o pol\u00edtica das autoridades portuguesas de n\u00e3o integrar no PRR \u2013 Plano de Recupera\u00e7\u00e3o e Resili\u00eancia qualquer refer\u00eancia \u00e0 atividade f\u00edsica e desportiva, n\u00e3o encontra respaldo ou limita\u00e7\u00e3o nas regras definidas pela Uni\u00e3o Europeia nos regulamentos que enquadram o mencionado mecanismo e que noutros pa\u00edses as propostas de PRR incluem expressamente o Desporto.<\/p>\n<p>III. As signat\u00e1rias apresentaram, no \u00e2mbito do processo de discuss\u00e3o e ausculta\u00e7\u00e3o p\u00fablica do PRR, um conjunto de medidas que t\u00eam enquadramento nas tr\u00eas dimens\u00f5es estruturantes desse Plano: a Resili\u00eancia, a Transi\u00e7\u00e3o Clim\u00e1tica e a Transi\u00e7\u00e3o Digital, bem como, nas 19 componentes do mesmo.<\/p>\n<p>IV. A Federa\u00e7\u00e3o de Andebol de Portugal, a Federa\u00e7\u00e3o Portuguesa de Basquetebol, a Federa\u00e7\u00e3o Portuguesa de Futebol, a Federa\u00e7\u00e3o de Patinagem de Portugal e a Federa\u00e7\u00e3o Portuguesa de Voleibol, signat\u00e1rias desse contributo, recomendam ao Governo que adote as medidas propostas.<\/p>\n<p>Espera-se, em suma, por uma resposta espec\u00edfica para o Desporto por aquilo que ele vale para o todo social e n\u00e3o s\u00f3 a aplica\u00e7\u00e3o ao Desporto de medidas que, eventualmente, o alcancem como a tantos outros sectores.<\/p>\n<p>Em anexo ao presente Comunicado, divulgamos o enquadramento e as medidas apresentadas pelas signat\u00e1rias no \u00e2mbito do referido processo de discuss\u00e3o e ausculta\u00e7\u00e3o p\u00fablica do PRR.<\/p>\n<p>&nbsp;<\/p>\n<p>Lisboa e Porto, 26 de fevereiro de 2021<\/p>\n<p>Federa\u00e7\u00e3o de Andebol de Portugal<br \/>\nFedera\u00e7\u00e3o Portuguesa de Basquetebol<br \/>\nFedera\u00e7\u00e3o Portuguesa de Futebol<br \/>\nFedera\u00e7\u00e3o de Patinagem de Portugal<br \/>\nFedera\u00e7\u00e3o Portuguesa de Voleibol<\/p>\n<p>Ver <strong>documento de enquadramento<\/strong>\u00a0<a href=\"http:\/\/www.fpvoleibol.pt\/avisos\/desporto_resiliente.pdf\">aqui<\/a><\/p>\n<p>Ver <strong>Propostas das 5 Federa\u00e7\u00f5es para Plano de Recupera\u00e7\u00e3o e Resili\u00eancia<\/strong> <a href=\"http:\/\/www.fpvoleibol.pt\/avisos\/plano_recuperacao_resiliencia.pdf\">aqui<\/a><\/p>\n","protected":false},"excerpt":{"rendered":"<p>&nbsp; I. Considerando o conte\u00fado da recent\u00edssima Resolu\u00e7\u00e3o do Parlamento Europeu, de 10 de fevereiro de 2021, sobre o impacto da COVID-19 na Juventude e no Desporto (2020\/2864(RSP)), evidencia o [&hellip;]<\/p>\n","protected":false},"author":2,"featured_media":3617,"comment_status":"open","ping_status":"open","sticky":false,"template":"","format":"standard","meta":{"_monsterinsights_skip_tracking":false,"_monsterinsights_sitenote_active":false,"_monsterinsights_sitenote_note":"","_monsterinsights_sitenote_category":0,"footnotes":""},"categories":[25],"tags":[],"class_list":{"0":"post-3611","1":"post","2":"type-post","3":"status-publish","4":"format-standard","5":"has-post-thumbnail","7":"category-comunicados","8":"czr-hentry"},"aioseo_notices":[],"_links":{"self":[{"href":"https:\/\/fpvoleibol.pt\/fpv\/wp-json\/wp\/v2\/posts\/3611","targetHints":{"allow":["GET"]}}],"collection":[{"href":"https:\/\/fpvoleibol.pt\/fpv\/wp-json\/wp\/v2\/posts"}],"about":[{"href":"https:\/\/fpvoleibol.pt\/fpv\/wp-json\/wp\/v2\/types\/post"}],"author":[{"embeddable":true,"href":"https:\/\/fpvoleibol.pt\/fpv\/wp-json\/wp\/v2\/users\/2"}],"replies":[{"embeddable":true,"href":"https:\/\/fpvoleibol.pt\/fpv\/wp-json\/wp\/v2\/comments?post=3611"}],"version-history":[{"count":13,"href":"https:\/\/fpvoleibol.pt\/fpv\/wp-json\/wp\/v2\/posts\/3611\/revisions"}],"predecessor-version":[{"id":3636,"href":"https:\/\/fpvoleibol.pt\/fpv\/wp-json\/wp\/v2\/posts\/3611\/revisions\/3636"}],"wp:featuredmedia":[{"embeddable":true,"href":"https:\/\/fpvoleibol.pt\/fpv\/wp-json\/wp\/v2\/media\/3617"}],"wp:attachment":[{"href":"https:\/\/fpvoleibol.pt\/fpv\/wp-json\/wp\/v2\/media?parent=3611"}],"wp:term":[{"taxonomy":"category","embeddable":true,"href":"https:\/\/fpvoleibol.pt\/fpv\/wp-json\/wp\/v2\/categories?post=3611"},{"taxonomy":"post_tag","embeddable":true,"href":"https:\/\/fpvoleibol.pt\/fpv\/wp-json\/wp\/v2\/tags?post=3611"}],"curies":[{"name":"wp","href":"https:\/\/api.w.org\/{rel}","templated":true}]}}