{"id":36082,"date":"2024-10-23T09:22:57","date_gmt":"2024-10-23T09:22:57","guid":{"rendered":"https:\/\/fpvoleibol.pt\/fpv\/?p=36082"},"modified":"2024-10-23T09:22:57","modified_gmt":"2024-10-23T09:22:57","slug":"liga-solverde-pt-17","status":"publish","type":"post","link":"https:\/\/fpvoleibol.pt\/fpv\/2024\/10\/23\/liga-solverde-pt-17\/","title":{"rendered":"LIGA SOLVERDE.pt"},"content":{"rendered":"<p><img loading=\"lazy\" decoding=\"async\" class=\"size-full wp-image-28511 aligncenter\" src=\"https:\/\/fpvoleibol.pt\/fpv\/wp-content\/uploads\/2023\/10\/website_ligasolverde2_d.jpg\" alt=\"\" width=\"960\" height=\"542\" srcset=\"https:\/\/fpvoleibol.pt\/fpv\/wp-content\/uploads\/2023\/10\/website_ligasolverde2_d.jpg 960w, https:\/\/fpvoleibol.pt\/fpv\/wp-content\/uploads\/2023\/10\/website_ligasolverde2_d-300x169.jpg 300w, https:\/\/fpvoleibol.pt\/fpv\/wp-content\/uploads\/2023\/10\/website_ligasolverde2_d-768x434.jpg 768w, https:\/\/fpvoleibol.pt\/fpv\/wp-content\/uploads\/2023\/10\/website_ligasolverde2_d-528x297.jpg 528w\" sizes=\"auto, (max-width: 960px) 100vw, 960px\" \/>O <em>d\u00e9rbi<\/em> lisboeta entre o Sporting CP, l\u00edder isolado do campeonato, e o SL Benfica, 6.\u00ba classificado e detentor da Superta\u00e7a, e a recep\u00e7\u00e3o do SC Braga (2.\u00ba) ao FC Porto, campe\u00e3o nacional em t\u00edtulo e actual 3.\u00ba classificado, s\u00e3o os jogos cabe\u00e7a-de-cartaz da 4.\u00aa jornada da 1.\u00aa Fase da <a href=\"https:\/\/fpv-web.dataproject.com\/CompetitionHome.aspx?ID=107\"><span style=\"text-decoration: underline;\"><strong>Liga Solverde.pt<\/strong><\/span><\/a>.<br \/>\nDestaque ainda para o PV 2014\/Col\u00e9gio Efanor (5.\u00ba) x A. Avense 78 (4.\u00ba), que ser\u00e1 transmitido em directo na\u00a0<a href=\"http:\/\/www.volei.tv\/\">Volei TV<\/a> e n\u2019A Bola TV.<\/p>\n<p style=\"text-align: center;\"><span style=\"background-color: #000000; color: #ffffff;\">4.\u00aa Jornada**<\/span><\/p>\n<p><span style=\"text-decoration: underline;\"><strong>27.10.2024*<\/strong><\/span><br \/>\n<strong>18h00<\/strong>\u00a0\u2013 SC Braga x FC Porto, na AMCO Arena.<br \/>\n<strong>15h00<\/strong>\u00a0\u2013 PV 2014\/Col\u00e9gio Efanor x A. Avense 78, no Pav. Col\u00e9gio Efanor \u2013 em directo na\u00a0<a href=\"https:\/\/www.youtube.com\/watch?v=EH4jNOWW4iY\">Volei TV<\/a>\u00a0e n\u2019A Bola TV.<br \/>\n<strong>16h00<\/strong>\u00a0\u2013 Leix\u00f5es SC x CD Fi\u00e3es, na Nave Il\u00eddio Ramos \u2013 CDC Matosinhos.<br \/>\n<strong>16h00<\/strong>\u00a0\u2013 Vit\u00f3ria SC x Cast\u00ealo da Maia GC, no Pav. Desp. Unidade Vimaranense.<br \/>\n<strong>16h00<\/strong>\u00a0\u2013 GC Vilacondense x Clube Kair\u00f3s, no Pav. Desp. Vila do Conde.<br \/>\n<strong>18h30<\/strong> \u2013 Sporting CP x SL Benfica, no Pav. Jo\u00e3o Rocha \u2013 em directo na <a href=\"https:\/\/www.sporting.pt\/pt\/agenda\/listagem\">Sporting TV<\/a><\/p>\n<p style=\"text-align: center;\"><span style=\"background-color: #000000; color: #ffffff;\"><img loading=\"lazy\" decoding=\"async\" class=\"size-full wp-image-36071 aligncenter\" src=\"https:\/\/fpvoleibol.pt\/fpv\/wp-content\/uploads\/2024\/10\/4JORNADA_PV2014xAA78_d.jpg\" alt=\"\" width=\"960\" height=\"540\" srcset=\"https:\/\/fpvoleibol.pt\/fpv\/wp-content\/uploads\/2024\/10\/4JORNADA_PV2014xAA78_d.jpg 960w, https:\/\/fpvoleibol.pt\/fpv\/wp-content\/uploads\/2024\/10\/4JORNADA_PV2014xAA78_d-300x169.jpg 300w, https:\/\/fpvoleibol.pt\/fpv\/wp-content\/uploads\/2024\/10\/4JORNADA_PV2014xAA78_d-768x432.jpg 768w, https:\/\/fpvoleibol.pt\/fpv\/wp-content\/uploads\/2024\/10\/4JORNADA_PV2014xAA78_d-528x297.jpg 528w\" sizes=\"auto, (max-width: 960px) 100vw, 960px\" \/><\/span><\/p>\n<p><span style=\"background-color: #000000; color: #ffffff;\">As 12 equipas da Liga Solverde.pt:<\/span>\u00a0<a href=\"https:\/\/fpv-web.dataproject.com\/CompetitionTeamDetails.aspx?TeamID=1350&amp;ID=107\">Associa\u00e7\u00e3o Avense AA78<\/a>; <a href=\"https:\/\/fpv-web.dataproject.com\/CompetitionTeamDetails.aspx?TeamID=1166&amp;ID=107\">Castelo da Maia Gin\u00e1sio Clube<\/a>; <a href=\"https:\/\/fpv-web.dataproject.com\/CompetitionTeamDetails.aspx?TeamID=1289&amp;ID=107\">Clube Desportivo de Fi\u00e3es<\/a>; <a href=\"https:\/\/fpv-web.dataproject.com\/CompetitionTeamDetails.aspx?TeamID=1167&amp;ID=107\">Clube Kair\u00f3s<\/a>; <a href=\"https:\/\/fpv-web.dataproject.com\/CompetitionTeamDetails.aspx?TeamID=1367&amp;ID=107\">Futebol Clube do Porto<\/a>; <a href=\"https:\/\/fpv-web.dataproject.com\/CompetitionTeamDetails.aspx?TeamID=1168&amp;ID=107\">Gin\u00e1sio Clube Vilacondense<\/a>;<br \/>\n<a href=\"https:\/\/fpv-web.dataproject.com\/CompetitionTeamDetails.aspx?TeamID=1160&amp;ID=107\">Leix\u00f5es Sport Club\/Mercainox<\/a>; <a href=\"https:\/\/fpv-web.dataproject.com\/CompetitionTeamDetails.aspx?TeamID=1170&amp;ID=107\">PV 2014\/Col\u00e9gio Efanor<\/a>; <a href=\"https:\/\/fpv-web.dataproject.com\/CompetitionTeamDetails.aspx?TeamID=1172&amp;ID=107\">Sport Lisboa e Benfica<\/a>; <a href=\"https:\/\/fpv-web.dataproject.com\/CompetitionTeamDetails.aspx?TeamID=1174&amp;ID=107\">Sporting Clube de Portugal<\/a>; <a href=\"https:\/\/fpv-web.dataproject.com\/CompetitionTeamDetails.aspx?TeamID=1278&amp;ID=107\">Sporting Clube de Braga<\/a>; <a href=\"https:\/\/fpv-web.dataproject.com\/CompetitionTeamDetails.aspx?TeamID=1173&amp;ID=107\">Vit\u00f3ria Sport Clube<\/a>.<\/p>\n<p style=\"text-align: center;\"><span style=\"background-color: #000000; color: #ffffff;\">TODAS AS INFORMA\u00c7\u00d5ES<\/span><\/p>\n<p style=\"text-align: center;\"><strong>Resultados<\/strong>,<strong>\u00a0Live Streaming\u00a0<\/strong>e<strong>\u00a0Estat\u00edstica<\/strong>\u00a0em\u00a0<a href=\"https:\/\/fpv-web.dataproject.com\/CompetitionHome.aspx?ID=107\">https:\/\/fpv-web.dataproject.com\/CompetitionHome.aspx?ID=108<\/a><br \/>\n<strong>**Calend\u00e1rio\u00a0<\/strong>e<strong>\u00a0Classifica\u00e7\u00e3o<\/strong>\u00a0em\u00a0<a href=\"https:\/\/www.portugalvoleibol.com\/classificacao\/\">https:\/\/www.portugalvoleibol.com\/classificacao\/<\/a><br \/>\n<strong>\u00c1rbitros nomeados<\/strong>\u00a0(actualizado \u00e0 quinta-feira) em\u00a0<a href=\"https:\/\/fpvoleibol.pt\/fpv\/arbitragem\/nomeacoes\/\">https:\/\/fpvoleibol.pt\/fpv\/arbitragem\/nomeacoes\/<\/a><br \/>\n<strong>Regulamento de Seniores<\/strong>\u00a0<a href=\"https:\/\/www.fpvoleibol.pt\/regulamentos\/reg_esc_seniores_.pdf\">AQUI<\/a><\/p>\n","protected":false},"excerpt":{"rendered":"<p>O d\u00e9rbi lisboeta entre o Sporting CP, l\u00edder isolado do campeonato, e o SL Benfica, 6.\u00ba classificado e detentor da Superta\u00e7a, e a recep\u00e7\u00e3o do SC Braga (2.\u00ba) ao FC [&hellip;]<\/p>\n","protected":false},"author":2,"featured_media":28213,"comment_status":"open","ping_status":"open","sticky":false,"template":"","format":"standard","meta":{"_monsterinsights_skip_tracking":false,"_monsterinsights_sitenote_active":false,"_monsterinsights_sitenote_note":"","_monsterinsights_sitenote_category":0,"footnotes":""},"categories":[13,8,31],"tags":[139,113],"class_list":{"0":"post-36082","1":"post","2":"type-post","3":"status-publish","4":"format-standard","5":"has-post-thumbnail","7":"category-arbitragem","8":"category-voleibol","9":"category-voleitv","10":"tag-epoca-2024-2025","11":"tag-liga-solverde-pt","12":"czr-hentry"},"aioseo_notices":[],"_links":{"self":[{"href":"https:\/\/fpvoleibol.pt\/fpv\/wp-json\/wp\/v2\/posts\/36082","targetHints":{"allow":["GET"]}}],"collection":[{"href":"https:\/\/fpvoleibol.pt\/fpv\/wp-json\/wp\/v2\/posts"}],"about":[{"href":"https:\/\/fpvoleibol.pt\/fpv\/wp-json\/wp\/v2\/types\/post"}],"author":[{"embeddable":true,"href":"https:\/\/fpvoleibol.pt\/fpv\/wp-json\/wp\/v2\/users\/2"}],"replies":[{"embeddable":true,"href":"https:\/\/fpvoleibol.pt\/fpv\/wp-json\/wp\/v2\/comments?post=36082"}],"version-history":[{"count":3,"href":"https:\/\/fpvoleibol.pt\/fpv\/wp-json\/wp\/v2\/posts\/36082\/revisions"}],"predecessor-version":[{"id":36088,"href":"https:\/\/fpvoleibol.pt\/fpv\/wp-json\/wp\/v2\/posts\/36082\/revisions\/36088"}],"wp:featuredmedia":[{"embeddable":true,"href":"https:\/\/fpvoleibol.pt\/fpv\/wp-json\/wp\/v2\/media\/28213"}],"wp:attachment":[{"href":"https:\/\/fpvoleibol.pt\/fpv\/wp-json\/wp\/v2\/media?parent=36082"}],"wp:term":[{"taxonomy":"category","embeddable":true,"href":"https:\/\/fpvoleibol.pt\/fpv\/wp-json\/wp\/v2\/categories?post=36082"},{"taxonomy":"post_tag","embeddable":true,"href":"https:\/\/fpvoleibol.pt\/fpv\/wp-json\/wp\/v2\/tags?post=36082"}],"curies":[{"name":"wp","href":"https:\/\/api.w.org\/{rel}","templated":true}]}}