{"id":3568,"date":"2021-02-25T17:32:00","date_gmt":"2021-02-25T16:32:00","guid":{"rendered":"https:\/\/fpvoleibol.pt\/fpv\/?p=3568"},"modified":"2021-02-25T17:32:00","modified_gmt":"2021-02-25T16:32:00","slug":"assembleia-geral-da-fpv","status":"publish","type":"post","link":"https:\/\/fpvoleibol.pt\/fpv\/2021\/02\/25\/assembleia-geral-da-fpv\/","title":{"rendered":"ASSEMBLEIA GERAL DA FPV"},"content":{"rendered":"<p>&nbsp;<\/p>\n<p><img loading=\"lazy\" decoding=\"async\" class=\"alignnone size-full wp-image-3571\" src=\"https:\/\/fpvoleibol.pt\/fpv\/wp-content\/uploads\/2021\/02\/FPV1_960.jpg\" alt=\"\" width=\"960\" height=\"540\" srcset=\"https:\/\/fpvoleibol.pt\/fpv\/wp-content\/uploads\/2021\/02\/FPV1_960.jpg 960w, https:\/\/fpvoleibol.pt\/fpv\/wp-content\/uploads\/2021\/02\/FPV1_960-300x169.jpg 300w, https:\/\/fpvoleibol.pt\/fpv\/wp-content\/uploads\/2021\/02\/FPV1_960-768x432.jpg 768w, https:\/\/fpvoleibol.pt\/fpv\/wp-content\/uploads\/2021\/02\/FPV1_960-528x297.jpg 528w\" sizes=\"auto, (max-width: 960px) 100vw, 960px\" \/><\/p>\n<p>A Federa\u00e7\u00e3o Portuguesa de Voleibol (FPV) re\u00fane-se em Assembleia Geral Ordin\u00e1ria no dia <strong>27 de Mar\u00e7o<\/strong>, atrav\u00e9s de<strong> videoconfer\u00eancia<\/strong>.<\/p>\n<p>A Assembleia Geral Ordin\u00e1ria, agendada para as 10h30 de s\u00e1bado, tem na:<\/p>\n<h3 style=\"text-align: center;\"><span style=\"text-decoration: underline;\"><span style=\"font-size: 12pt;\">ORDEM DE TRABALHOS<\/span><\/span><\/h3>\n<p><strong>Ponto \u00danico\u00a0\u00a0\u00a0 <\/strong>\u2013 Aprecia\u00e7\u00e3o e Vota\u00e7\u00e3o do Relat\u00f3rio e Contas da Ger\u00eancia do Ano de 2020 da Federa\u00e7\u00e3o Portuguesa de Voleibol.<\/p>\n<p><em>Nos termos do n.\u00ba 2 do Artigo 23\u00ba dos Estatutos, fica ressalvada a possibilidade, de num per\u00edodo m\u00e1ximo de 30 minutos, sem possibilidade de delibera\u00e7\u00e3o e antes da Ordem do Dia, serem debatidos quaisquer assuntos de interesse para a modalidade.<\/em><\/p>\n<p><em>Nos termos do Artigo 18\u00ba n.\u00ba 2 dos Estatutos, se \u00e0 hora marcada para a Assembleia Geral n\u00e3o estiverem presentes metade dos Delegados, a Assembleia Geral funcionar\u00e1 em segunda convoca\u00e7\u00e3o uma hora mais tarde com qualquer n\u00famero de Delegados presentes. <\/em><\/p>\n<p>A <u>FPV nasceu no dia 7 de Abril de 1947<\/u> e foi uma das fundadoras da Federa\u00e7\u00e3o Internacional de Voleibol (FIVB).<\/p>\n<p style=\"text-align: center;\">Mais informa\u00e7\u00f5es sobre as actividades do Voleibol em 2020 <a href=\"https:\/\/fpvoleibol.pt\/fpv\/fpv\/historico-de-eventos\/\">aqui<\/a> e Hist\u00f3ria do Voleibol <a href=\"https:\/\/www.fpvoleibol.pt\/historia\/historiavoleibol-portugal.php\">aqui<\/a><\/p>\n<p>&nbsp;<\/p>\n","protected":false},"excerpt":{"rendered":"<p>&nbsp; A Federa\u00e7\u00e3o Portuguesa de Voleibol (FPV) re\u00fane-se em Assembleia Geral Ordin\u00e1ria no dia 27 de Mar\u00e7o, atrav\u00e9s de videoconfer\u00eancia. A Assembleia Geral Ordin\u00e1ria, agendada para as 10h30 de s\u00e1bado, [&hellip;]<\/p>\n","protected":false},"author":2,"featured_media":3570,"comment_status":"open","ping_status":"open","sticky":false,"template":"","format":"standard","meta":{"_monsterinsights_skip_tracking":false,"_monsterinsights_sitenote_active":false,"_monsterinsights_sitenote_note":"","_monsterinsights_sitenote_category":0,"footnotes":""},"categories":[20,14],"tags":[],"class_list":{"0":"post-3568","1":"post","2":"type-post","3":"status-publish","4":"format-standard","5":"has-post-thumbnail","7":"category-destaque","8":"category-institucional","9":"czr-hentry"},"aioseo_notices":[],"_links":{"self":[{"href":"https:\/\/fpvoleibol.pt\/fpv\/wp-json\/wp\/v2\/posts\/3568","targetHints":{"allow":["GET"]}}],"collection":[{"href":"https:\/\/fpvoleibol.pt\/fpv\/wp-json\/wp\/v2\/posts"}],"about":[{"href":"https:\/\/fpvoleibol.pt\/fpv\/wp-json\/wp\/v2\/types\/post"}],"author":[{"embeddable":true,"href":"https:\/\/fpvoleibol.pt\/fpv\/wp-json\/wp\/v2\/users\/2"}],"replies":[{"embeddable":true,"href":"https:\/\/fpvoleibol.pt\/fpv\/wp-json\/wp\/v2\/comments?post=3568"}],"version-history":[{"count":3,"href":"https:\/\/fpvoleibol.pt\/fpv\/wp-json\/wp\/v2\/posts\/3568\/revisions"}],"predecessor-version":[{"id":3574,"href":"https:\/\/fpvoleibol.pt\/fpv\/wp-json\/wp\/v2\/posts\/3568\/revisions\/3574"}],"wp:featuredmedia":[{"embeddable":true,"href":"https:\/\/fpvoleibol.pt\/fpv\/wp-json\/wp\/v2\/media\/3570"}],"wp:attachment":[{"href":"https:\/\/fpvoleibol.pt\/fpv\/wp-json\/wp\/v2\/media?parent=3568"}],"wp:term":[{"taxonomy":"category","embeddable":true,"href":"https:\/\/fpvoleibol.pt\/fpv\/wp-json\/wp\/v2\/categories?post=3568"},{"taxonomy":"post_tag","embeddable":true,"href":"https:\/\/fpvoleibol.pt\/fpv\/wp-json\/wp\/v2\/tags?post=3568"}],"curies":[{"name":"wp","href":"https:\/\/api.w.org\/{rel}","templated":true}]}}