{"id":35568,"date":"2024-09-27T18:38:38","date_gmt":"2024-09-27T18:38:38","guid":{"rendered":"https:\/\/fpvoleibol.pt\/fpv\/?p=35568"},"modified":"2024-09-27T18:43:16","modified_gmt":"2024-09-27T18:43:16","slug":"supertaca-dura-dificil-e-competitiva","status":"publish","type":"post","link":"https:\/\/fpvoleibol.pt\/fpv\/2024\/09\/27\/supertaca-dura-dificil-e-competitiva\/","title":{"rendered":"SUPERTA\u00c7A &#8220;DURA, DIF\u00cdCIL E COMPETITIVA&#8221;"},"content":{"rendered":"<p><img loading=\"lazy\" decoding=\"async\" class=\"size-full wp-image-35592 alignright\" src=\"https:\/\/fpvoleibol.pt\/fpv\/wp-content\/uploads\/2024\/09\/apres_supertaca_fem_2.jpg\" alt=\"\" width=\"960\" height=\"578\" srcset=\"https:\/\/fpvoleibol.pt\/fpv\/wp-content\/uploads\/2024\/09\/apres_supertaca_fem_2.jpg 960w, https:\/\/fpvoleibol.pt\/fpv\/wp-content\/uploads\/2024\/09\/apres_supertaca_fem_2-300x181.jpg 300w, https:\/\/fpvoleibol.pt\/fpv\/wp-content\/uploads\/2024\/09\/apres_supertaca_fem_2-768x462.jpg 768w\" sizes=\"auto, (max-width: 960px) 100vw, 960px\" \/>A <strong>Superta\u00e7a 2024<\/strong> de seniores femininos, que se realiza amanh\u00e3 (16h00) na cidade de Santo Tirso, foi hoje apresentada formalmente pela <strong>Federa\u00e7\u00e3o Portuguesa de Voleibol (FPV)<\/strong> em <strong>\u00a0Santo Tirso<\/strong>.<\/p>\n<p>Na Confer\u00eancia de Imprensa, que decorreu na Sala de Imprensa do Pavilh\u00e3o Desportivo Municipal de Santo Tirso, <strong>Leonel Salgueiro<\/strong>, Director T\u00e9cnico Nacional,\u00a0deu as boas-vindas a todos os envolvidos na competi\u00e7\u00e3o:<br \/>\n&#8220;<em>Antes de dar a palavra aos intervenientes na competi\u00e7\u00e3o, gostaria de, em nome da Federa\u00e7\u00e3o Portuguesa de Voleibol, agradecer novamente ao Munic\u00edpio de Santo Tirso por acolher as Superta\u00e7as, numa parceria de tr\u00eas anos que manteve connosco e que termina nesta edi\u00e7\u00e3o da prova, mas que esperamos possa ser renovada por mais anos.<\/em><br \/>\n<em>Temos todo o interesse em continuar a realizar aqui competi\u00e7\u00f5es, seja com a Ta\u00e7a de Portugal, a Superta\u00e7a ou de Selec\u00e7\u00e3o Nacional, pois as condi\u00e7\u00f5es para as equipas s\u00e3o excelentes e somos sempre todos t\u00e3o bem recebidos.<\/em><br \/>\n<em>Aproveito para dar os parab\u00e9ns ao FC Porto, campe\u00e3o da \u00e9poca passada, e ao Benfica, vencedor da ta\u00e7a de Portugal, que conquistaram o direito de disputar esta Superta\u00e7a, competi\u00e7\u00e3o que abre a \u00e9poca desportiva, mas que este ano teve a preced\u00ea-la a Ta\u00e7a Ib\u00e9rica, onde as duas equipas foram finalistas. Parab\u00e9ns \u00e0s equipas; a sua presen\u00e7a \u00e9 fruto do trabalho que desenvolveram no \u00faltimo ano&#8221;.\u00a0\u00a0<\/em><\/p>\n<p style=\"text-align: center;\"><span style=\"text-decoration: underline;\"><strong>Destaques dos principais intervenientes na Superta\u00e7a<\/strong><\/span><\/p>\n<p><strong>Miguel Coelho<\/strong>, Treinador do FC Porto:<br \/>\n&#8220;<em>Pese embora termos disputado, n\u00f3s e o Benfica, a Ta\u00e7a Ib\u00e9rica, esta Superta\u00e7a continua a significar o arranque de \u00e9poca, marcado pelo entusiasmo e pelo privil\u00e9gio de estar aqui a competir, enquanto as restantes equipas ainda est\u00e3o sem competi\u00e7\u00e3o.<\/em><br \/>\n<em>Honra-nos muito estar aqui a lutar por t\u00edtulos e honra-nos sobretudo porque estamos aqui por m\u00e9rito, depois de conseguirmos conquistar um campeonato. Estamos muito honrados e igualmente muito entusiasmados.<\/em><br \/>\n<em>Tivemos uma semana para pensarmos unicamente num advers\u00e1rio, o que n\u00e3o aconteceu na Ta\u00e7a Ib\u00e9rica, onde t\u00ednhamos obrigatoriamente que preparar o confronto com todas as equipas. Agora tivemos tempo para perceber as combina\u00e7\u00f5es do Benfica, o que faz com as duas distribuidoras, o que faz com as diferentes combina\u00e7\u00f5es de atacantes que tem dentro do campo e como poder\u00e3o explorar as poss\u00edveis op\u00e7\u00f5es B e C e de que forma tamb\u00e9m nos podemos adaptar a isso.<\/em><br \/>\n<em>A equipa que se tiver preparado melhor para este jogo, ir\u00e1 sair vitoriosa desta competi\u00e7\u00e3o<\/em>&#8220;.<\/p>\n<p><strong>Joana Resende<\/strong>, Capit\u00e3 portista:<br \/>\n&#8220;<em>Estamos muito motivadas e com muita vontade de disputar mais um trof\u00e9u, que nunca ser\u00e1 \u00abs\u00f3 mais um\u00bb pois todos t\u00eam o seu valor.<\/em><br \/>\n<em>Apesar de termos iniciado a \u00e9poca a vencer este advers\u00e1rio [Ta\u00e7a Ib\u00e9rica] n\u00e3o h\u00e1 jogos iguais. Estamos conscientes de que ser\u00e1 um jogo muito dif\u00edcil, entre duas grandes equipas, mas como atletas do FC Porto temos uma ambi\u00e7\u00e3o muito grande em vencer todas as competi\u00e7\u00f5es onde estamos inseridas. <\/em><br \/>\n<em>Que seja um bom espect\u00e1culo de Voleibol, com um p\u00fablico entusi\u00e1stico e entusiasmante e que no final ven\u00e7a aquele que for mais competente neste dia.<\/em><br \/>\n<em>\u00c9 um cl\u00e1ssico e todos os cl\u00e1ssicos t\u00eam um peso diferente por causa da grande rivalidade entre os clubes, seja no Voleibol ou nas outras modalidades<\/em>&#8220;.<\/p>\n<p><strong><img loading=\"lazy\" decoding=\"async\" class=\"size-full wp-image-35593 aligncenter\" src=\"https:\/\/fpvoleibol.pt\/fpv\/wp-content\/uploads\/2024\/09\/apres_supertaca_fem.jpg\" alt=\"\" width=\"960\" height=\"640\" srcset=\"https:\/\/fpvoleibol.pt\/fpv\/wp-content\/uploads\/2024\/09\/apres_supertaca_fem.jpg 960w, https:\/\/fpvoleibol.pt\/fpv\/wp-content\/uploads\/2024\/09\/apres_supertaca_fem-300x200.jpg 300w, https:\/\/fpvoleibol.pt\/fpv\/wp-content\/uploads\/2024\/09\/apres_supertaca_fem-768x512.jpg 768w\" sizes=\"auto, (max-width: 960px) 100vw, 960px\" \/>Rui Moreira,<\/strong> Treinador do SL Benfica:<br \/>\n&#8220;<em>Estamos muito motivados. sabemos que \u00e9 um arranque da \u00e9poca, de uma \u00e9poca que n\u00e3o inici\u00e1mos da melhor forma na semana passada, mas \u00e9 uma competi\u00e7\u00e3o diferente e um jogo tamb\u00e9m diferente.<\/em><br \/>\n<em>Como se costuma dizer no universo benfiquista, \u00abHonrai agora os ases que nos honraram o passado\u00bb, e \u00e9 para isso que estamos aqui. Para fazer ver, dentro do clube, que esta equipa pode ser uma boa aposta e para isso temos de conquistar t\u00edtulos e \u00e9 isso que viemos c\u00e1 fazer: ganhar a Superta\u00e7a.<\/em><br \/>\n<em>Nesta semana que mediou as duas competi\u00e7\u00f5es tivemos a oportunidade de estudar melhor o FC Porto, de que forma tenta explorar as nossas debilidades e potenciar as suas virtudes. At\u00e9 \u00e0 Ta\u00e7a Ib\u00e9rica, nunca nos t\u00ednhamos defrontado e a\u00ed deu para perceber melhor de que forma \u00e9 que uma equipa se tenta encaixar na outra. penso que isso pode funcionar como uma mais-valia para qualquer um dos lados, um conhecimento mais profundo do advers\u00e1rio.<\/em><br \/>\n<em>Foi uma aprendizagem, que nos fez crescer muito e vai permitir-nos encarar este jogo da Superta\u00e7a de forma diferente<\/em>&#8220;.<\/p>\n<p><strong>Ang\u00e9lica Malinverno<\/strong>, Capit\u00e3 das <em>\u00e1guias da Luz<\/em>:<br \/>\n&#8220;<em>Tenho a certeza de que vai ser um jogo muito duro, muito competitivo. \u00c9 o que se espera das duas equipas e contamos com um pavilh\u00e3o lotado, com uma torcida entusiasmada e que a gente consiga fazer um bom jogo&#8230; E que saia melhor para o nosso lado, ao contr\u00e1rio do que aconteceu na Ta\u00e7a Ib\u00e9rica, na semana passada.<\/em><br \/>\n<em>Para al\u00e9m disso, ao ser um cl\u00e1ssico, as equipas preparam-se de uma maneira mais dura e competitiva, pois sabemos que o jogo tem v\u00e1rias nuances emocionais. Vai ser um jogo muito dif\u00edcil, mas com um alto n\u00edvel de competitividade<\/em>&#8220;.<\/p>\n<p>Na final da\u00a0<a href=\"https:\/\/fpvoleibol.pt\/fpv\/2024\/09\/22\/portistas-erguem-copa-iberica\/\"><strong>Ta\u00e7a Ib\u00e9rica 2024<\/strong><\/a>, disputada no passado fim-de-semana em Las Palmas, em Espanha, as\u00a0<em>azuis e branca<\/em>s venceram as\u00a0<em>\u00e1guias<\/em>\u00a0por \u00a03-1 (22-25, 25-18, 25-21 e 25-19) e ergueram o trof\u00e9u.<\/p>\n<p style=\"text-align: center;\" align=\"center\"><span style=\"background-color: #000000; color: #ffffff;\"><strong>Ver confer\u00eancia completa <a href=\"https:\/\/www.youtube.com\/watch?v=O2wt-RfRiik\">AQUI<\/a><\/strong><\/span><\/p>\n<p class=\"\"><img loading=\"lazy\" decoding=\"async\" class=\" wp-image-35590 alignleft\" src=\"https:\/\/fpvoleibol.pt\/fpv\/wp-content\/uploads\/2024\/09\/apres_supertaca_fem_2b.jpg\" alt=\"\" width=\"361\" height=\"451\" srcset=\"https:\/\/fpvoleibol.pt\/fpv\/wp-content\/uploads\/2024\/09\/apres_supertaca_fem_2b.jpg 960w, https:\/\/fpvoleibol.pt\/fpv\/wp-content\/uploads\/2024\/09\/apres_supertaca_fem_2b-240x300.jpg 240w, https:\/\/fpvoleibol.pt\/fpv\/wp-content\/uploads\/2024\/09\/apres_supertaca_fem_2b-819x1024.jpg 819w, https:\/\/fpvoleibol.pt\/fpv\/wp-content\/uploads\/2024\/09\/apres_supertaca_fem_2b-768x960.jpg 768w\" sizes=\"auto, (max-width: 361px) 100vw, 361px\" \/>A\u00a0<strong>Superta\u00e7a 2024<\/strong>\u00a0de seniores femininos coloca frente a frente o\u00a0<strong>FC Porto<\/strong>, campe\u00e3o nacional, e o\u00a0<strong>SL Benfica<\/strong>, vencedor da Ta\u00e7a de Portugal, no dia 28 de Setembro, \u00e0s 16h00, no Pavilh\u00e3o Desportivo Municipal de Santo Tirso, em jogo que ser\u00e1 transmitido em directo na\u00a0<a href=\"https:\/\/www.sporttv.pt\/pesquisa\/voleibol\"><strong>Sport TV<\/strong><\/a>.<\/p>\n<p>Em 2023\/2024, a equipa do FC Porto sagrou-se campe\u00e3 nacional ao vencer, no Drag\u00e3o Arena, no Porto, o\u00a0<u>PV 2014\/Col\u00e9gio Efanor<\/u>\u00a0por 3-0 (26-24, 25-17 e 26-24) no 5.\u00ba e \u00faltimo jogo do Play-off do t\u00edtulo da Divis\u00e3o Elite \u2013 3.\u00aa Fase da Liga Solverde.pt. Este t\u00edtulo foi o primeiro conseguido\u00a0<em>a solo<\/em>, depois de ter sido quebrada a parceria AJM\/FC Porto, que resultou em tr\u00eas t\u00edtulos consecutivos desta equipa resultante da jun\u00e7\u00e3o da Academia Jos\u00e9 Moreira e do FC Porto.<br \/>\nNa Ta\u00e7a de Portugal, a equipa do SL Benfica ergueu o trof\u00e9u pela terceira vez \u2013 e superou um per\u00edodo de jejum na competi\u00e7\u00e3o que j\u00e1 levava 50 anos \u2013 ao vencer, por 3-2 (25-22, 25-18, 21-25, 13-25 e 15-12), o PV 2014\/Col\u00e9gio Efanor na 52.\u00aa edi\u00e7\u00e3o da prova-rainha do Voleibol nacional, disputada no Centro Cultural de Viana do Castelo.<\/p>\n<p>Em 2023, o Leix\u00f5es SC ergueu o seu quinto trof\u00e9u da Superta\u00e7a ao derrotar (3-0: 25-17, 25-21 e 26-24) o Sporting CP, num jogo disputado em Santo Tirso.<br \/>\nPor seu turno, o SL Benfica ergueu o trof\u00e9u da Superta\u00e7a pela 11.\u00aa vez ao vencer, por 3-0 (25-17, 25-21 e 25-14), a AJ Fonte do Bastardo, em Santo Tirso, numa organiza\u00e7\u00e3o da FPV, em colabora\u00e7\u00e3o com a C\u00e2mara Municipal local, que nesse ano congregou, pela primeira vez, no mesmo dia e no mesmo local, a competi\u00e7\u00e3o de femininos e de masculinos.<\/p>\n<p style=\"text-align: center;\"><strong><u>1.\u00ba \u00c1rbitro: Raquel Portela (AV Porto) \/ 2.\u00ba \u00c1rbitro: Rui Reis (AV Lisboa)<\/u><\/strong><\/p>\n<p>Tal como nas edi\u00e7\u00f5es mais recentes, nos jogos da Superta\u00e7a ser\u00e1 utilizado\u00a0o sistema de \u00abVideo Challenge\u00bb, que possibilita, a pedido de uma das equipas, a revis\u00e3o de imagens de v\u00eddeo referentes a certas decis\u00f5es da equipa de arbitragem, confirmando-as ou eventualmente alterando-as.<\/p>\n<p style=\"text-align: center;\"><span style=\"text-decoration: underline;\"><strong>Os bilhetes para o jogo podem ser adquiridos online\u00a0<a href=\"https:\/\/smartfan.tickets\/compsupertacafem-voleibol\">AQUI<\/a><\/strong><\/span><\/p>\n<p class=\"\"><img loading=\"lazy\" decoding=\"async\" class=\" wp-image-35399 alignleft\" src=\"https:\/\/fpvoleibol.pt\/fpv\/wp-content\/uploads\/2024\/09\/supertaca2024_fem_dd.jpg\" alt=\"\" width=\"245\" height=\"343\" srcset=\"https:\/\/fpvoleibol.pt\/fpv\/wp-content\/uploads\/2024\/09\/supertaca2024_fem_dd.jpg 914w, https:\/\/fpvoleibol.pt\/fpv\/wp-content\/uploads\/2024\/09\/supertaca2024_fem_dd-214x300.jpg 214w, https:\/\/fpvoleibol.pt\/fpv\/wp-content\/uploads\/2024\/09\/supertaca2024_fem_dd-731x1024.jpg 731w, https:\/\/fpvoleibol.pt\/fpv\/wp-content\/uploads\/2024\/09\/supertaca2024_fem_dd-768x1076.jpg 768w\" sizes=\"auto, (max-width: 245px) 100vw, 245px\" \/>A Confer\u00eancia de Imprensa para apresenta\u00e7\u00e3o da\u00a0<strong>Superta\u00e7a de masculinos<\/strong> est\u00e1 agendada para as 15h00 de amanh\u00e3, no Pavilh\u00e3o Municipal de St.\u00ba Tirso, ser\u00e1 transmitida em directo na <a href=\"https:\/\/www.volei.tv\/\">Volei TV<\/a>\u00a0e contar\u00e1 com a presen\u00e7a dos treinadores e capit\u00e3es das equipas do\u00a0<strong>Sport Lisboa e Benfica<\/strong>\u00a0e do\u00a0<strong>Sporting Clube de Portugal<\/strong>.<\/p>\n<p>A\u00a0<strong>Superta\u00e7a 2024<\/strong>\u00a0op\u00f5e o\u00a0<strong>SL Benfica<\/strong>, pentacampe\u00e3o nacional, e o\u00a0<strong>Sporting CP<\/strong>, vencedor da Ta\u00e7a de Portugal, no dia 29 de Setembro, \u00e0s\u00a018h00, no Pavilh\u00e3o Desp. Municipal de Santo Tirso, em jogo que ser\u00e1 transmitido em directo na\u00a0<a href=\"https:\/\/www.sporttv.pt\/pesquisa\/voleibol\"><strong>Sport TV<\/strong><\/a>.<\/p>\n<p style=\"text-align: center;\"><span style=\"text-decoration: underline;\"><strong>Os bilhetes para a Superta\u00e7a de masculinos podem ser adquiridos online <a href=\"https:\/\/smartfan.tickets\/compsupertacamasc-voleibol\">AQUI<\/a><\/strong><\/span><\/p>\n<p style=\"text-align: center;\"><span style=\"text-decoration: underline;\"><strong>\u00c0 aten\u00e7\u00e3o da Comunica\u00e7\u00e3o Social<\/strong><\/span><\/p>\n<p>A acredita\u00e7\u00e3o dos jornalistas que solicitaram credenciais ser\u00e1 efectuada \u00e0 entrada para o pavilh\u00e3o e mediante a apresenta\u00e7\u00e3o da Carteira Profissional de Jornalista ou do Cart\u00e3o CNID.<\/p>\n","protected":false},"excerpt":{"rendered":"<p>A Superta\u00e7a 2024 de seniores femininos, que se realiza amanh\u00e3 (16h00) na cidade de Santo Tirso, foi hoje apresentada formalmente pela Federa\u00e7\u00e3o Portuguesa de Voleibol (FPV) em \u00a0Santo Tirso. Na [&hellip;]<\/p>\n","protected":false},"author":2,"featured_media":35591,"comment_status":"open","ping_status":"open","sticky":false,"template":"","format":"standard","meta":{"_monsterinsights_skip_tracking":false,"_monsterinsights_sitenote_active":false,"_monsterinsights_sitenote_note":"","_monsterinsights_sitenote_category":0,"footnotes":""},"categories":[13,8],"tags":[145],"class_list":{"0":"post-35568","1":"post","2":"type-post","3":"status-publish","4":"format-standard","5":"has-post-thumbnail","7":"category-arbitragem","8":"category-voleibol","9":"tag-supertaca-2024","10":"czr-hentry"},"aioseo_notices":[],"_links":{"self":[{"href":"https:\/\/fpvoleibol.pt\/fpv\/wp-json\/wp\/v2\/posts\/35568","targetHints":{"allow":["GET"]}}],"collection":[{"href":"https:\/\/fpvoleibol.pt\/fpv\/wp-json\/wp\/v2\/posts"}],"about":[{"href":"https:\/\/fpvoleibol.pt\/fpv\/wp-json\/wp\/v2\/types\/post"}],"author":[{"embeddable":true,"href":"https:\/\/fpvoleibol.pt\/fpv\/wp-json\/wp\/v2\/users\/2"}],"replies":[{"embeddable":true,"href":"https:\/\/fpvoleibol.pt\/fpv\/wp-json\/wp\/v2\/comments?post=35568"}],"version-history":[{"count":11,"href":"https:\/\/fpvoleibol.pt\/fpv\/wp-json\/wp\/v2\/posts\/35568\/revisions"}],"predecessor-version":[{"id":35597,"href":"https:\/\/fpvoleibol.pt\/fpv\/wp-json\/wp\/v2\/posts\/35568\/revisions\/35597"}],"wp:featuredmedia":[{"embeddable":true,"href":"https:\/\/fpvoleibol.pt\/fpv\/wp-json\/wp\/v2\/media\/35591"}],"wp:attachment":[{"href":"https:\/\/fpvoleibol.pt\/fpv\/wp-json\/wp\/v2\/media?parent=35568"}],"wp:term":[{"taxonomy":"category","embeddable":true,"href":"https:\/\/fpvoleibol.pt\/fpv\/wp-json\/wp\/v2\/categories?post=35568"},{"taxonomy":"post_tag","embeddable":true,"href":"https:\/\/fpvoleibol.pt\/fpv\/wp-json\/wp\/v2\/tags?post=35568"}],"curies":[{"name":"wp","href":"https:\/\/api.w.org\/{rel}","templated":true}]}}