{"id":35350,"date":"2024-09-16T11:19:23","date_gmt":"2024-09-16T11:19:23","guid":{"rendered":"https:\/\/fpvoleibol.pt\/fpv\/?p=35350"},"modified":"2024-09-16T11:20:20","modified_gmt":"2024-09-16T11:20:20","slug":"liga-dos-campeoes","status":"publish","type":"post","link":"https:\/\/fpvoleibol.pt\/fpv\/2024\/09\/16\/liga-dos-campeoes\/","title":{"rendered":"LIGA DOS CAMPE\u00d5ES 2024-2025"},"content":{"rendered":"<p style=\"text-align: center;\"><span style=\"text-decoration: underline; font-size: 10pt;\"><strong><img loading=\"lazy\" decoding=\"async\" class=\"size-full wp-image-35218 aligncenter\" src=\"https:\/\/fpvoleibol.pt\/fpv\/wp-content\/uploads\/2024\/09\/slb_lchamp2024.jpg\" alt=\"\" width=\"960\" height=\"570\" srcset=\"https:\/\/fpvoleibol.pt\/fpv\/wp-content\/uploads\/2024\/09\/slb_lchamp2024.jpg 960w, https:\/\/fpvoleibol.pt\/fpv\/wp-content\/uploads\/2024\/09\/slb_lchamp2024-300x178.jpg 300w, https:\/\/fpvoleibol.pt\/fpv\/wp-content\/uploads\/2024\/09\/slb_lchamp2024-768x456.jpg 768w\" sizes=\"auto, (max-width: 960px) 100vw, 960px\" \/>Em 2024\/2025, SL Benfica e FC Porto (femininos) participam na Liga dos Campe\u00f5es e Sporting CP, AJF Bastardo e SL Benfica (femininos) na Challenge Cup.\u00a0<\/strong><\/span><\/p>\n<p>Na 1.\u00aa m\u00e3o da ronda inaugural de apuramento para a fase de grupos da <a href=\"http:\/\/cev.eu\"><strong>Liga dos Campe\u00f5es de 2024\/2025 &#8211; masculinos<\/strong><\/a>, o <strong>SL Benfica<\/strong>, pentacampe\u00e3o nacional* em t\u00edtulo, vai defrontar na quarta-feira (19h00 locais), em Espanha, os campe\u00f5es espanh\u00f3is e actuais campe\u00f5es ib\u00e9ricos do <strong>CV Guaguas Las Palmas<\/strong>, com a curiosidade de haver a hip\u00f3tese das duas equipas se defrontarem tr\u00eas vezes em poucas semanas devido \u00e0 realiza\u00e7\u00e3o da Ta\u00e7a Ib\u00e9rica 2024.<br \/>\nO Guaguas x Benfica, a disputar no Centro Insular de Deportes de Las Palmas, ser\u00e1 arbitrado por <span style=\"text-decoration: underline;\">Salvis Kurtiss (Let\u00f3nia) e Andrii Kovalchuk (Ucr\u00e2nia)<\/span>. Ver mais informa\u00e7\u00f5es <a href=\"https:\/\/www.cev.eu\/match-centres\/2025-european-cups\/cev-champions-league-volley-2025-men\/clvm-15-guaguas-las-palmas-v-sport-lisboa-e-benfica-1\/\">AQUI<\/a><\/p>\n<p>A 2.\u00aa m\u00e3o est\u00e1 agendada para 25 de Setembro (20h00), no Pavilh\u00e3o N.\u00ba 2 do Est\u00e1dio da Luz. Pelo meio destes <em>duelos<\/em> entre pa\u00edses vizinhos para a Liga dos Campe\u00f5es, o SL Benfica disputar\u00e1 a Ta\u00e7a Ib\u00e9rica, no Centro de Desportos e Congressos de Matosinhos, defrontando a forma\u00e7\u00e3o espanhola do R\u00edo Duero Soria no dia 21 de Setembro (18h00). No dia seguinte ser\u00e3o disputados o jogo de atribui\u00e7\u00e3o do 3.\u00ba e 4.\u00ba lugar (16h00) e a final (18h00).<\/p>\n<p>Na \u00faltima edi\u00e7\u00e3o da <em>Champions<\/em>, o CV Guaguas atingiu os quartos-de-final, tendo vencido j\u00e1 por oito vezes a Superliga espanhola de seniores masculinos.<\/p>\n<p>&#8220;O<em>s pr\u00f3ximos dias v\u00e3o ser de uma intensidade muito alta, com uma sequ\u00eancia muito forte de jogos, com advers\u00e1rios de bom n\u00edvel. A expectativa \u00e9 termos um bom rendimento. A \u00e9poca est\u00e1 agora a come\u00e7ar, e vai come\u00e7ar muito forte para n\u00f3s. Como treinador, ainda n\u00e3o consegui fazer o que precisa de ser feito com os jogadores que chegaram agora. S\u00e3o cinco jogadores, s\u00e3o mais jovens,\u00a0 exigem tempo de trabalho e, em fun\u00e7\u00e3o de come\u00e7armos a \u00e9poca num n\u00edvel muito alto, o nosso projecto foi trabalhar mais a parte colectiva. Em meados do m\u00eas de Outubro, sim, j\u00e1 deveremos ter tempo para passar conceitos mais t\u00e1cticos aos novos jogadores da equipa.<br \/>\n<\/em><em>Contamos sempre com o apoio dos adeptos, e est\u00e3o convidados a apoiar-nos j\u00e1 nos pr\u00f3ximos jogos, neste in\u00edcio de \u00e9poca. O apoio das bancadas \u00e9 fundamental, \u00e9 assim que tem de funcionar, com uma boa qu\u00edmica<\/em>.&#8221; \u2013 declarou o treinador encarnado <strong>Marcel Matz<\/strong> ao site do clube da \u00e1guia: <a href=\"https:\/\/www.slbenfica.pt\/\">www.slbenfica.pt<\/a>.<\/p>\n<p>Na 2.\u00aa Ronda, o vencedor desta eliminat\u00f3ria ir\u00e1 enfrentar o vencedor do VC Strumica (Maced\u00f3nia) x Olympiacos Piraeus (Gr\u00e9cia) e, na 3.\u00aa Ronda, o vencedor do OK Radnik Bijeljna (B\u00f3snia Herzegovina) x CSM Corona Brasov (Rom\u00e9nia).<\/p>\n<p>Se conseguir atingir a fase de grupos, o Benfica poder\u00e1 vir a integrar a <span style=\"text-decoration: underline;\">Pool B<\/span>, defrontando o <em>estreante<\/em> Vero Volley Monza (It\u00e1lia), o <em>rookie<\/em> Helios Grizzlys Giesen (Alemanha) \u2013 equipa de Miguel Sinfr\u00f3nio em 2024\/2025 \u2013 e o <em>regressado<\/em> Fenerbah\u00e7e Medicana Istanbul (Turquia).<\/p>\n<p>O Vit\u00f3ria SC foi a primeira equipa portuguesa de seniores masculinos a disputar a fase de grupos na<span style=\"text-decoration: underline;\"> Liga dos Campe\u00f5es<\/span> de Voleibol, em 2008\/2009, tendo sido 3.\u00ba classificado na Pool B.<br \/>\nNo ano passado, o SL Benfica participou pela quarta vez na Liga dos Campe\u00f5es, tendo sido 12.\u00ba classificado, depois de ter terminado em 4.\u00ba lugar na Pool C da Fase de grupos.<br \/>\nA melhor classifica\u00e7\u00e3o registou-se em 2022, o 9.\u00ba\/12.\u00ba lugar na classifica\u00e7\u00e3o final, ap\u00f3s terminar em terceiro no seu grupo.<br \/>\nOs melhores registos dos <em>encarnados<\/em> da Luz nas competi\u00e7\u00f5es internacionais datam de 2015 e 2016, respectivamente com a conquista da medalha de prata e da medalha de bronze, ambas na Challenge Cup.<br \/>\n<span style=\"font-size: 8pt;\">*Em 2019\/20 n\u00e3o houve campe\u00f5es nacionais<\/span><\/p>\n<p><img loading=\"lazy\" decoding=\"async\" class=\"size-full wp-image-35343 aligncenter\" src=\"https:\/\/fpvoleibol.pt\/fpv\/wp-content\/uploads\/2024\/09\/PORTO_vind2024_d.jpg\" alt=\"\" width=\"960\" height=\"568\" srcset=\"https:\/\/fpvoleibol.pt\/fpv\/wp-content\/uploads\/2024\/09\/PORTO_vind2024_d.jpg 960w, https:\/\/fpvoleibol.pt\/fpv\/wp-content\/uploads\/2024\/09\/PORTO_vind2024_d-300x178.jpg 300w, https:\/\/fpvoleibol.pt\/fpv\/wp-content\/uploads\/2024\/09\/PORTO_vind2024_d-768x454.jpg 768w\" sizes=\"auto, (max-width: 960px) 100vw, 960px\" \/>Por seu turno, o <strong>FC Porto<\/strong>, campe\u00e3o nacional de seniores femininos e que voltou a vencer (ontem) o <a href=\"https:\/\/fpvoleibol.pt\/fpv\/2024\/09\/15\/portistas-vencem-torneio-das-vindimas-2\/\">Torneio das Vindimas\/Douro<\/a>, em Lamego, estreia-se na <strong>Liga dos Campe\u00f5es<\/strong> com a recep\u00e7\u00e3o, no dia 1 de Outubro (20h00), \u00e0s campe\u00e3s espanholas do<span style=\"text-decoration: underline;\"> CV Gran Can\u00e1ria<\/span> na 3.\u00aa Ronda de Qualifica\u00e7\u00e3o, visitando as actuais campe\u00e3s ib\u00e9ricas no dia 9 de Outubro (19h00 locais).<\/p>\n<p>Se ultrapassarem as espanholas, as portistas integrar\u00e3o a Pool C da fase de grupos, juntamente com as poderosas equipas do Vero Volley Milano, de It\u00e1lia, vice-campe\u00e3 da prova, e do VakifBank Istanbul, da Turquia, que j\u00e1 conquistou o t\u00edtulo europeu por seis vezes, assim como o campe\u00e3o esloveno Calcit Kamnik.<\/p>\n<p>O Voleibol feminino volta assim a ter uma equipa lusitana na <em>Champions League<\/em>\u00a0quase 20 anos depois. O Clube Acad\u00e9mico da Trofa foi a primeira equipa portuguesa de seniores femininos a disputar a Liga dos Campe\u00f5es, em 2005\/2006, tendo sido 6.\u00ba classificado na Pool A da fase de grupos.<\/p>\n<p>Por sua vez, as equipas de seniores masculinos do <strong>Sporting CP<\/strong> e da<strong> AJ Fonte do Bastardo<\/strong> e seniores femininos do <strong>SL Benfica<\/strong> v\u00e3o disputar, em 2024\/2025, a <strong>CEV Challenge Cup<\/strong>.<\/p>\n<p>Os <em>le\u00f5es de Alvalade<\/em> s\u00e3o os primeiros a entrar em ac\u00e7\u00e3o, enfrentando os romenos do <span style=\"text-decoration: underline;\">SCM Zalau<\/span> nos 32 avos-de-final da Challenge Cup, primeiro em casa (9 Outubro, pelas 19h30) e depois na Rom\u00e9nia (16 de Outubro, pelas 18h00 locais).<br \/>\nSe superar a forma\u00e7\u00e3o romena, o Sporting CP defrontar\u00e1 os checos do Kladno Volejbal cz \u2013 onde actua o distribuidor portugu\u00eas Jos\u00e9 Neves \u2013 nos 16 avos-de-final, agendados para Novembro.<br \/>\nEm 2019, a forma\u00e7\u00e3o leonina classificou-se no 3.\u00ba lugar na Challenge Cup, tendo ainda registado na competi\u00e7\u00e3o um 5.\u00ba lugar (2023), e dois 9.\u00ba lugares (2021 e 2022) nos \u00faltimos anos.<\/p>\n<p>A <strong>AJ Fonte do Bastardo<\/strong>, que foi 5.\u00aa classificada na \u00faltima edi\u00e7\u00e3o da competi\u00e7\u00e3o, entra directamente nos 16 avos-de-final, defrontando o vencedor da eliminat\u00f3ria entre os espanh\u00f3is do CV Melilla e os eslovacos do TJ Spartak Myjava, primeiro fora (12, 13 ou 14 de Novembro) e depois em casa (19 de Novembro, pelas 20h30 locais).<\/p>\n<p>A equipa de seniores femininos do <strong>SL Benfica<\/strong> tamb\u00e9m entra directamente nos 16 avos-de-final da Challenge Cup, defrontando o vencedor da eliminat\u00f3ria que op\u00f5e as gregas do AEK de Atenas e as let\u00e3s do RSU\/MSG Riga, primeiro fora (5, 6 ou 7 de Novembro) e seguidamente em casa (14 de Novembro, pelas 20h00).<\/p>\n<p style=\"text-align: center;\"><span style=\"text-decoration: underline;\"><strong>\u00c1rbitros em ac\u00e7\u00e3o nas competi\u00e7\u00f5es europeias<\/strong><\/span><\/p>\n<p><strong>Pedro Pinto<\/strong><br \/>\n\u00c1rbitro de reserva no SL Benfica x CV Guaguas Las Palmas (Espanha), da 1.\u00aa Ronda de Qualifica\u00e7\u00e3o da Liga dos Campe\u00f5es, no dia 25 de Setembro (20h00).<br \/>\nVencedor da eliminat\u00f3ria Fino Kaposvar (Hungria)\/Hypo Tirol Innsbruck (\u00c1ustria) x Vencedor da eliminat\u00f3ria Budva Budva (Montenegro)\/Mladost Zagreb (Cro\u00e1cia) <span style=\"text-decoration: underline;\"><em>versus<\/em><\/span> Vencedor do Selver Taltech Tallinn (Est\u00f3nia) x Orion Stars Doetinchem (Pa\u00edses Baixos), na 3.\u00aa Ronda da Liga dos Campe\u00f5es &#8211; masculinos.<\/p>\n<p><strong>Ricardo Ferreira<\/strong><br \/>\nVencedor do Selver Taltech Tallinn (Est\u00f3nia) x Orion Stars Doetinchem (Pa\u00edses Baixos) <span style=\"text-decoration: underline;\"><em>versus<\/em><\/span> Vencedor da eliminat\u00f3ria Fino Kaposvar (Hungria) x Hypo Tirol Innsbruck (\u00c1ustria) <em>vs<\/em> Vencedor da eliminat\u00f3ria Budva Budva (Montenegro) Mladost Zagreb (Cro\u00e1cia), na 3.\u00aa Ronda da Liga dos Campe\u00f5es &#8211; masculinos.<\/p>\n<p><strong>V\u00edtor Gon\u00e7alves<\/strong><br \/>\nLevallois Paris Saint Cloud (Fran\u00e7a) x SSC Palmberg Schwerin (Alemanha), da Pool B da 4.\u00aa Ronda da Liga dos Campe\u00f5es &#8211; femininos, no dia 6 de Novembro.<br \/>\nVencedor da eliminat\u00f3ria Fino Kaposvar (Hungria) x Hypo Tirol Innsbruck (\u00c1ustria) <em>vs<\/em> Vencedor da eliminat\u00f3ria Budva Budva (Montenegro) Mladost Zagreb (Cro\u00e1cia), na 2.\u00aa Ronda da Liga dos Campe\u00f5es &#8211; masculinos, no dia 1, 2 ou 3 de Outubro.<\/p>\n<p><strong>Nuno Maia<br \/>\n<\/strong>Kaposv\u00e1ri NRC (Hungria) x Tenerife Libby\u2019s La Laguna (Espanha), dos 16 avos-de-final &#8211; femininos, no dia 12 de Novembro.<br \/>\nVfB Friedrichshafen (Alemanha) x Derrotado da eliminat\u00f3ria entre o Vencedor do Fino Kaposvar (Hungria) x Hypo Tirol Innsbruck (\u00c1ustria) <em>vs<\/em> Vencedor da eliminat\u00f3ria Budva Budva (Montenegro) Mladost Zagreb (Cro\u00e1cia), da 2.\u00aa Ronda da Liga dos Campe\u00f5es &#8211; masculinos, a contar para os 16 avos-de-final da Ta\u00e7a CEV &#8211; masculinos, no dia 20 de Novembro.<\/p>\n<p><strong>Jos\u00e9 Caramez<\/strong><br \/>\nVencedor da eliminat\u00f3ria SK Jekabplis Lusi (Let\u00f3nia) x Volley Schonenwerd (Su\u00ed\u00e7a) <em>vs<\/em> Vencedor da eliminat\u00f3ria OK Radnik Bijeljina (B\u00f3snia-Herzegovina) x CSM Corona Brasov (Rom\u00e9nia) <span style=\"text-decoration: underline;\"><em>versus<\/em><\/span> x Tours VB (Fran\u00e7a), a contar para os 16 avos-de-final da Ta\u00e7a CEV &#8211; masculinos.<\/p>\n<p><strong>Raquel Portela<\/strong><br \/>\nTrentino Itas (It\u00e1lia) x CS Arcada Galati (Rom\u00e9nia), a contar para os 16 avos-de-final da Ta\u00e7a CEV &#8211; masculinos, no dia 20 de Novembro.<br \/>\nTenerife Libby\u2019s La Laguna (Espanha) x Kaposv\u00e1ri NRC (Hungria), dos 16 avos-de-final &#8211; femininos, no dia 6 de Novembro.<\/p>\n<p><strong>Nuno Teixeira<\/strong><br \/>\n\u00c1rbitro de reserva no FC Porto x CV Gran Can\u00e1ria, da 3.\u00aa Ronda de Qualifica\u00e7\u00e3o da Liga dos Campe\u00f5es, no\u00a0dia 1 de Outubro (20h00).<br \/>\nDerrotado da eliminat\u00f3ria entre o Vencedor do Fino Kaposvar (Hungria) x Hypo Tirol Innsbruck (\u00c1ustria) <em>vs<\/em> Vencedor da eliminat\u00f3ria Budva Budva (Montenegro) Mladost Zagreb (Cro\u00e1cia), da 2.\u00aa Ronda da Liga dos Campe\u00f5es &#8211; masculinos x VfB Friedrichshafen (Alemanha), a contar para os 16 avos-de-final da Ta\u00e7a CEV &#8211; masculinos.<\/p>\n<p><strong>Sofia Costa<\/strong><br \/>\nLycurgus Gronigen (Pa\u00edses Baixos) <em>vs<\/em> Vencedor da eliminat\u00f3ria VC Lorentzweiler (Luxemburgo) x Ribola Kastela (Cro\u00e1cia), 16 avos-de-final da Challenge Cup &#8211; masculinos, no dia 19 de Novembro.<\/p>\n<p style=\"text-align: center;\">Mais informa\u00e7\u00f5es em <a href=\"http:\/\/www.cev.eu\">cev.eu<\/a><\/p>\n","protected":false},"excerpt":{"rendered":"<p>Em 2024\/2025, SL Benfica e FC Porto (femininos) participam na Liga dos Campe\u00f5es e Sporting CP, AJF Bastardo e SL Benfica (femininos) na Challenge Cup.\u00a0 Na 1.\u00aa m\u00e3o da ronda [&hellip;]<\/p>\n","protected":false},"author":2,"featured_media":35359,"comment_status":"open","ping_status":"open","sticky":false,"template":"","format":"standard","meta":{"_monsterinsights_skip_tracking":false,"_monsterinsights_sitenote_active":false,"_monsterinsights_sitenote_note":"","_monsterinsights_sitenote_category":0,"footnotes":""},"categories":[13,8],"tags":[54,32],"class_list":{"0":"post-35350","1":"post","2":"type-post","3":"status-publish","4":"format-standard","5":"has-post-thumbnail","7":"category-arbitragem","8":"category-voleibol","9":"tag-challenge-cup","10":"tag-liga-dos-campeoes","11":"czr-hentry"},"aioseo_notices":[],"_links":{"self":[{"href":"https:\/\/fpvoleibol.pt\/fpv\/wp-json\/wp\/v2\/posts\/35350","targetHints":{"allow":["GET"]}}],"collection":[{"href":"https:\/\/fpvoleibol.pt\/fpv\/wp-json\/wp\/v2\/posts"}],"about":[{"href":"https:\/\/fpvoleibol.pt\/fpv\/wp-json\/wp\/v2\/types\/post"}],"author":[{"embeddable":true,"href":"https:\/\/fpvoleibol.pt\/fpv\/wp-json\/wp\/v2\/users\/2"}],"replies":[{"embeddable":true,"href":"https:\/\/fpvoleibol.pt\/fpv\/wp-json\/wp\/v2\/comments?post=35350"}],"version-history":[{"count":10,"href":"https:\/\/fpvoleibol.pt\/fpv\/wp-json\/wp\/v2\/posts\/35350\/revisions"}],"predecessor-version":[{"id":35361,"href":"https:\/\/fpvoleibol.pt\/fpv\/wp-json\/wp\/v2\/posts\/35350\/revisions\/35361"}],"wp:featuredmedia":[{"embeddable":true,"href":"https:\/\/fpvoleibol.pt\/fpv\/wp-json\/wp\/v2\/media\/35359"}],"wp:attachment":[{"href":"https:\/\/fpvoleibol.pt\/fpv\/wp-json\/wp\/v2\/media?parent=35350"}],"wp:term":[{"taxonomy":"category","embeddable":true,"href":"https:\/\/fpvoleibol.pt\/fpv\/wp-json\/wp\/v2\/categories?post=35350"},{"taxonomy":"post_tag","embeddable":true,"href":"https:\/\/fpvoleibol.pt\/fpv\/wp-json\/wp\/v2\/tags?post=35350"}],"curies":[{"name":"wp","href":"https:\/\/api.w.org\/{rel}","templated":true}]}}