{"id":3530,"date":"2021-02-24T19:34:12","date_gmt":"2021-02-24T18:34:12","guid":{"rendered":"https:\/\/fpvoleibol.pt\/fpv\/?p=3530"},"modified":"2021-02-24T19:37:54","modified_gmt":"2021-02-24T18:37:54","slug":"webinar-sobre-alimentacao-e-actividade-fisica-e-desportiva","status":"publish","type":"post","link":"https:\/\/fpvoleibol.pt\/fpv\/2021\/02\/24\/webinar-sobre-alimentacao-e-actividade-fisica-e-desportiva\/","title":{"rendered":"WEBINAR SOBRE ALIMENTA\u00c7\u00c3O E ACTIVIDADE F\u00cdSICA E DESPORTIVA"},"content":{"rendered":"<p><img loading=\"lazy\" decoding=\"async\" class=\"alignnone size-full wp-image-3533\" src=\"https:\/\/fpvoleibol.pt\/fpv\/wp-content\/uploads\/2021\/02\/EVENTO-PORTAL-webinar.jpg\" alt=\"\" width=\"960\" height=\"640\" srcset=\"https:\/\/fpvoleibol.pt\/fpv\/wp-content\/uploads\/2021\/02\/EVENTO-PORTAL-webinar.jpg 960w, https:\/\/fpvoleibol.pt\/fpv\/wp-content\/uploads\/2021\/02\/EVENTO-PORTAL-webinar-300x200.jpg 300w, https:\/\/fpvoleibol.pt\/fpv\/wp-content\/uploads\/2021\/02\/EVENTO-PORTAL-webinar-768x512.jpg 768w\" sizes=\"auto, (max-width: 960px) 100vw, 960px\" \/><\/p>\n<p>No \u00e2mbito do <span style=\"text-decoration: underline;\">Programa Cuida-te+<\/span>, o <span style=\"text-decoration: underline;\">Instituto Portugu\u00eas do Desporto e Juventude (IPDJ<\/span>) desenvolve um ciclo de <em>webinars<\/em> <strong>\u00abCuida-te+ em Tempos de Pandemia\u00bb<\/strong>, a decorrer nos dias 25 e 26 de Fevereiro e 4 e 10 de Mar\u00e7o.<\/p>\n<p>O primeiro <em>webinar<\/em>, que decorre amanh\u00e3 (25 de Fevereiro), \u00e0s 14h30, \u00e9 subordinado ao tema <strong>\u00abAlimenta\u00e7\u00e3o e Atividade F\u00edsica e Desportiva\u00bb<\/strong> e tem como especialistas os nutricionistas <span style=\"text-decoration: underline;\">Rute Borrego<\/span> e <span style=\"text-decoration: underline;\">Lu\u00eds Miguel Silva<\/span>.<\/p>\n<p>No <span style=\"text-decoration: underline;\">Webinar \u00abAlimenta\u00e7\u00e3o e Atividade F\u00edsica e Desportiva\u00bb<\/span>, e de acordo com a organiza\u00e7\u00e3o, ser\u00e3o visadas algumas &#8220;<em>estrat\u00e9gias de promo\u00e7\u00e3o de uma alimenta\u00e7\u00e3o saud\u00e1vel, adequadas aos tempos de gest\u00e3o pand\u00e9mica.<\/em><br \/>\n<em>Dicas pr\u00e1ticas sobre compras para comer de forma cuidada, a pr\u00e1tica de exerc\u00edcio f\u00edsico associada ao cuidado com a alimenta\u00e7\u00e3o e estrat\u00e9gias simples para lidar com o (des)controlo alimentar ser\u00e3o abordadas de forma din\u00e2mica<\/em>&#8220;.<\/p>\n<p><strong>Rute Borrego<\/strong> \u00e9 nutricionista e professora na licenciatura em Diet\u00e9tica e Nutri\u00e7\u00e3o da Escola Superior de Tecnologia da Sa\u00fade de Lisboa.<br \/>\n<strong>Lu\u00eds Miguel Silva<\/strong> \u00e9 nutricionista do IPDJ no Centro de Medicina Desportiva do Porto e da Sec\u00e7\u00e3o de H\u00f3quei em Patins da Uni\u00e3o Desportiva Oliveirense.<\/p>\n<p>O <em>webinar<\/em> realiza-se na plataforma de videoconfer\u00eancia Microsoft Teams e obriga somente a uma inscri\u00e7\u00e3o (at\u00e9 \u00e0s 24h00 de hoje), <\/p>\n<p>Cada umas das sess\u00f5es do ciclo de <em>webinars<\/em> \u00abCuida-te+ em Tempos de Pandemia\u00bb ser\u00e1 dedicada \u00e0s \u00e1reas de interven\u00e7\u00e3o do Programa e todas visam promover &#8220;conhecimento e discuss\u00e3o cr\u00edtica sobre quest\u00f5es de particular import\u00e2ncia para a popula\u00e7\u00e3o jovem nesta \u00e9poca de confinamento social que atravessamos&#8221;.<\/p>\n<p>Alimenta\u00e7\u00e3o e Atividade F\u00edsica e Desportiva; Sa\u00fade Sexual e Reprodutiva; Comportamentos Aditivos e Depend\u00eancias e Sa\u00fade Mental s\u00e3o as \u00e1reas tem\u00e1ticas a abordar em cada um dos <em>webinars<\/em>.<\/p>\n<p>Mais informa\u00e7\u00f5es\u00a0no<a href=\"https:\/\/www.facebook.com\/serjovememcasa\/\" data-saferedirecturl=\"https:\/\/www.google.com\/url?q=https:\/\/www.facebook.com\/serjovememcasa\/&amp;source=gmail&amp;ust=1614272592860000&amp;usg=AFQjCNFbF-rpRWFAHAY-mKrWKKGIVCMX0A\">\u00a0Facebook<\/a>\u00a0e no\u00a0<a href=\"https:\/\/ipdj.gov.pt\/\" data-saferedirecturl=\"https:\/\/www.google.com\/url?q=https:\/\/ipdj.gov.pt\/&amp;source=gmail&amp;ust=1614272592860000&amp;usg=AFQjCNHbjVraNmlHWmImAp4U4uecUlXwxA\">Portal IPDJ<\/a>.<\/p>\n","protected":false},"excerpt":{"rendered":"<p>No \u00e2mbito do Programa Cuida-te+, o Instituto Portugu\u00eas do Desporto e Juventude (IPDJ) desenvolve um ciclo de webinars \u00abCuida-te+ em Tempos de Pandemia\u00bb, a decorrer nos dias 25 e 26 [&hellip;]<\/p>\n","protected":false},"author":2,"featured_media":3534,"comment_status":"open","ping_status":"open","sticky":false,"template":"","format":"standard","meta":{"_monsterinsights_skip_tracking":false,"_monsterinsights_sitenote_active":false,"_monsterinsights_sitenote_note":"","_monsterinsights_sitenote_category":0,"footnotes":""},"categories":[15,8,9],"tags":[],"class_list":{"0":"post-3530","1":"post","2":"type-post","3":"status-publish","4":"format-standard","5":"has-post-thumbnail","7":"category-diversos","8":"category-voleibol","9":"category-voleibol-de-praia","10":"czr-hentry"},"aioseo_notices":[],"_links":{"self":[{"href":"https:\/\/fpvoleibol.pt\/fpv\/wp-json\/wp\/v2\/posts\/3530","targetHints":{"allow":["GET"]}}],"collection":[{"href":"https:\/\/fpvoleibol.pt\/fpv\/wp-json\/wp\/v2\/posts"}],"about":[{"href":"https:\/\/fpvoleibol.pt\/fpv\/wp-json\/wp\/v2\/types\/post"}],"author":[{"embeddable":true,"href":"https:\/\/fpvoleibol.pt\/fpv\/wp-json\/wp\/v2\/users\/2"}],"replies":[{"embeddable":true,"href":"https:\/\/fpvoleibol.pt\/fpv\/wp-json\/wp\/v2\/comments?post=3530"}],"version-history":[{"count":5,"href":"https:\/\/fpvoleibol.pt\/fpv\/wp-json\/wp\/v2\/posts\/3530\/revisions"}],"predecessor-version":[{"id":3539,"href":"https:\/\/fpvoleibol.pt\/fpv\/wp-json\/wp\/v2\/posts\/3530\/revisions\/3539"}],"wp:featuredmedia":[{"embeddable":true,"href":"https:\/\/fpvoleibol.pt\/fpv\/wp-json\/wp\/v2\/media\/3534"}],"wp:attachment":[{"href":"https:\/\/fpvoleibol.pt\/fpv\/wp-json\/wp\/v2\/media?parent=3530"}],"wp:term":[{"taxonomy":"category","embeddable":true,"href":"https:\/\/fpvoleibol.pt\/fpv\/wp-json\/wp\/v2\/categories?post=3530"},{"taxonomy":"post_tag","embeddable":true,"href":"https:\/\/fpvoleibol.pt\/fpv\/wp-json\/wp\/v2\/tags?post=3530"}],"curies":[{"name":"wp","href":"https:\/\/api.w.org\/{rel}","templated":true}]}}