{"id":35206,"date":"2024-09-09T13:41:57","date_gmt":"2024-09-09T13:41:57","guid":{"rendered":"https:\/\/fpvoleibol.pt\/fpv\/?p=35206"},"modified":"2024-09-09T13:41:57","modified_gmt":"2024-09-09T13:41:57","slug":"torneio-das-vindimas-douro-2024","status":"publish","type":"post","link":"https:\/\/fpvoleibol.pt\/fpv\/2024\/09\/09\/torneio-das-vindimas-douro-2024\/","title":{"rendered":"TORNEIO DAS VINDIMAS\/DOURO 2024"},"content":{"rendered":"<p><img loading=\"lazy\" decoding=\"async\" class=\"size-full wp-image-35208 aligncenter\" src=\"https:\/\/fpvoleibol.pt\/fpv\/wp-content\/uploads\/2024\/09\/TorneiodasVindimas2024_Cartaz.jpg\" alt=\"\" width=\"960\" height=\"1361\" srcset=\"https:\/\/fpvoleibol.pt\/fpv\/wp-content\/uploads\/2024\/09\/TorneiodasVindimas2024_Cartaz.jpg 960w, https:\/\/fpvoleibol.pt\/fpv\/wp-content\/uploads\/2024\/09\/TorneiodasVindimas2024_Cartaz-212x300.jpg 212w, https:\/\/fpvoleibol.pt\/fpv\/wp-content\/uploads\/2024\/09\/TorneiodasVindimas2024_Cartaz-722x1024.jpg 722w, https:\/\/fpvoleibol.pt\/fpv\/wp-content\/uploads\/2024\/09\/TorneiodasVindimas2024_Cartaz-768x1089.jpg 768w\" sizes=\"auto, (max-width: 960px) 100vw, 960px\" \/>O <strong>Torneio das Vindimas\/Douro &#8211; femininos<\/strong> disputa-se no fim-de-semana de 14 e 15 de Setembro no <a href=\"https:\/\/www.cm-lamego.pt\/areas-de-intervencao\/educacao-juventude-e-desporto\/desporto\/equipamentos-municipais\/centro-multiusos-de-lamego\">Centro Multiusos de Lamego<\/a>, contando com o apoio da C\u00e2mara Municipal de Lamego.<\/p>\n<p>Organizado mais uma vez pela Associa\u00e7\u00e3o de Voleibol de Viseu \u2013 que tem a sua sede na cidade de Lamego \u2013, em colabora\u00e7\u00e3o com a FPV, o torneio ser\u00e1 disputado pelas equipas do FC Porto, campe\u00e3 nacional, PV\/Col\u00e9gio Efanor, Leix\u00f5es SC e Vit\u00f3ria SC, que militam na <a href=\"https:\/\/www.portugalvoleibol.com\/classificacao\/\">Liga Solverde.pt 2024\/2025<\/a>.<\/p>\n<p style=\"text-align: center;\"><strong><u>14 de Setembro (s\u00e1bado)<\/u><\/strong><\/p>\n<p style=\"text-align: center;\">15h00 \u2013 FC Porto x Leix\u00f5es SC<\/p>\n<p style=\"text-align: center;\">17h00 \u2013 PV\/Col\u00e9gio Efanor x Vit\u00f3ria SC<\/p>\n<p style=\"text-align: center;\"><strong><u>15 de Setembro\u00a0 (domingo)<\/u><\/strong><\/p>\n<p style=\"text-align: center;\">11h00 \u2013 Jogo de atribui\u00e7\u00e3o dos 3.\u00ba e 4.\u00ba lugares<\/p>\n<p style=\"text-align: center;\">15h00 \u2013 Final<\/p>\n<p style=\"text-align: center;\"><span style=\"text-decoration: underline;\">A <a href=\"http:\/\/www.volei.tv\">Volei TV<\/a> e <span style=\"color: #ff0000; text-decoration: underline;\">A Bola TV<\/span> transmitem os jogos do Torneio das Vindimas\/Douro 2024.<\/span><\/p>\n<p>Paralelamente \u00e0 realiza\u00e7\u00e3o do torneio, ir\u00e1 decorrer uma <strong>Cl\u00ednica Nacional de Arbitragem<\/strong>, organizada pelo Conselho de Arbitragem da Federa\u00e7\u00e3o Portuguesa de Voleibol.<\/p>\n<p style=\"text-align: center;\">Mais informa\u00e7\u00f5es em <a href=\"https:\/\/www.facebook.com\/associacao.voleibolviseu\">AV Viseu<\/a>.<\/p>\n","protected":false},"excerpt":{"rendered":"<p>O Torneio das Vindimas\/Douro &#8211; femininos disputa-se no fim-de-semana de 14 e 15 de Setembro no Centro Multiusos de Lamego, contando com o apoio da C\u00e2mara Municipal de Lamego. Organizado [&hellip;]<\/p>\n","protected":false},"author":2,"featured_media":35209,"comment_status":"open","ping_status":"open","sticky":false,"template":"","format":"standard","meta":{"_monsterinsights_skip_tracking":false,"_monsterinsights_sitenote_active":false,"_monsterinsights_sitenote_note":"","_monsterinsights_sitenote_category":0,"footnotes":""},"categories":[13,15,8,31],"tags":[112],"class_list":{"0":"post-35206","1":"post","2":"type-post","3":"status-publish","4":"format-standard","5":"has-post-thumbnail","7":"category-arbitragem","8":"category-diversos","9":"category-voleibol","10":"category-voleitv","11":"tag-torneio-das-vindimas","12":"czr-hentry"},"aioseo_notices":[],"_links":{"self":[{"href":"https:\/\/fpvoleibol.pt\/fpv\/wp-json\/wp\/v2\/posts\/35206","targetHints":{"allow":["GET"]}}],"collection":[{"href":"https:\/\/fpvoleibol.pt\/fpv\/wp-json\/wp\/v2\/posts"}],"about":[{"href":"https:\/\/fpvoleibol.pt\/fpv\/wp-json\/wp\/v2\/types\/post"}],"author":[{"embeddable":true,"href":"https:\/\/fpvoleibol.pt\/fpv\/wp-json\/wp\/v2\/users\/2"}],"replies":[{"embeddable":true,"href":"https:\/\/fpvoleibol.pt\/fpv\/wp-json\/wp\/v2\/comments?post=35206"}],"version-history":[{"count":7,"href":"https:\/\/fpvoleibol.pt\/fpv\/wp-json\/wp\/v2\/posts\/35206\/revisions"}],"predecessor-version":[{"id":35224,"href":"https:\/\/fpvoleibol.pt\/fpv\/wp-json\/wp\/v2\/posts\/35206\/revisions\/35224"}],"wp:featuredmedia":[{"embeddable":true,"href":"https:\/\/fpvoleibol.pt\/fpv\/wp-json\/wp\/v2\/media\/35209"}],"wp:attachment":[{"href":"https:\/\/fpvoleibol.pt\/fpv\/wp-json\/wp\/v2\/media?parent=35206"}],"wp:term":[{"taxonomy":"category","embeddable":true,"href":"https:\/\/fpvoleibol.pt\/fpv\/wp-json\/wp\/v2\/categories?post=35206"},{"taxonomy":"post_tag","embeddable":true,"href":"https:\/\/fpvoleibol.pt\/fpv\/wp-json\/wp\/v2\/tags?post=35206"}],"curies":[{"name":"wp","href":"https:\/\/api.w.org\/{rel}","templated":true}]}}