{"id":35028,"date":"2024-09-03T09:15:46","date_gmt":"2024-09-03T09:15:46","guid":{"rendered":"https:\/\/fpvoleibol.pt\/fpv\/?p=35028"},"modified":"2024-09-03T09:15:46","modified_gmt":"2024-09-03T09:15:46","slug":"torneio-das-vindimas-douro","status":"publish","type":"post","link":"https:\/\/fpvoleibol.pt\/fpv\/2024\/09\/03\/torneio-das-vindimas-douro\/","title":{"rendered":"TORNEIO DAS VINDIMAS\/DOURO"},"content":{"rendered":"<p><img loading=\"lazy\" decoding=\"async\" class=\"size-full wp-image-35004 aligncenter\" src=\"https:\/\/fpvoleibol.pt\/fpv\/wp-content\/uploads\/2024\/09\/avviseu_capa_d.jpg\" alt=\"\" width=\"960\" height=\"555\" srcset=\"https:\/\/fpvoleibol.pt\/fpv\/wp-content\/uploads\/2024\/09\/avviseu_capa_d.jpg 960w, https:\/\/fpvoleibol.pt\/fpv\/wp-content\/uploads\/2024\/09\/avviseu_capa_d-300x173.jpg 300w, https:\/\/fpvoleibol.pt\/fpv\/wp-content\/uploads\/2024\/09\/avviseu_capa_d-768x444.jpg 768w\" sizes=\"auto, (max-width: 960px) 100vw, 960px\" \/>O <strong>Torneio das Vindimas\/Douro &#8211; femininos<\/strong> disputa-se no fim-de-semana de 14 e 15 de Setembro no <a href=\"https:\/\/www.cm-lamego.pt\/areas-de-intervencao\/educacao-juventude-e-desporto\/desporto\/equipamentos-municipais\/centro-multiusos-de-lamego\">Centro Multiusos de Lamego<\/a>.<\/p>\n<p>Organizado mais uma vez pela Associa\u00e7\u00e3o de Voleibol de Viseu, que tem a sua sede na cidade, o torneio vai contar com as equipas do FC Porto, campe\u00e3 nacional, PV\/Col\u00e9gio Efanor, Leix\u00f5es SC e Vit\u00f3ria SC, que militam na Liga Solverde.pt.<\/p>\n<p style=\"text-align: center;\"><strong><u>14 de Setembro (s\u00e1bado)<\/u><\/strong><\/p>\n<p style=\"text-align: center;\">15h00 \u2013 FC Porto x Leix\u00f5es SC<\/p>\n<p style=\"text-align: center;\">17h00 \u2013 PV\/Col\u00e9gio Efanor x Vit\u00f3ria SC<\/p>\n<p style=\"text-align: center;\"><strong><u>15 de Setembro\u00a0 (domingo)<\/u><\/strong><\/p>\n<p style=\"text-align: center;\">11h00 \u2013 Jogo de atribui\u00e7\u00e3o dos 3.\u00ba e 4.\u00ba lugares<\/p>\n<p style=\"text-align: center;\">15h00 \u2013 Final<\/p>\n<p style=\"text-align: center;\"><span style=\"text-decoration: underline;\">A <a href=\"http:\/\/www.volei.tv\">Volei TV<\/a> transmite os jogos do Torneio das Vindimas\/Douro.<\/span><\/p>\n<p>Paralelamente \u00e0 realiza\u00e7\u00e3o do torneio, ir\u00e1 decorrer uma <strong>Cl\u00ednica Nacional de Arbitragem<\/strong>, organizada pelo Conselho de Arbitragem da Federa\u00e7\u00e3o Portuguesa de Voleibol.<\/p>\n<p style=\"text-align: center;\">Mais informa\u00e7\u00f5es em <a href=\"https:\/\/www.facebook.com\/associacao.voleibolviseu\">AV Viseu<\/a>.<\/p>\n","protected":false},"excerpt":{"rendered":"<p>O Torneio das Vindimas\/Douro &#8211; femininos disputa-se no fim-de-semana de 14 e 15 de Setembro no Centro Multiusos de Lamego. Organizado mais uma vez pela Associa\u00e7\u00e3o de Voleibol de Viseu, [&hellip;]<\/p>\n","protected":false},"author":2,"featured_media":35003,"comment_status":"open","ping_status":"open","sticky":false,"template":"","format":"standard","meta":{"_monsterinsights_skip_tracking":false,"_monsterinsights_sitenote_active":false,"_monsterinsights_sitenote_note":"","_monsterinsights_sitenote_category":0,"footnotes":""},"categories":[13,8],"tags":[],"class_list":{"0":"post-35028","1":"post","2":"type-post","3":"status-publish","4":"format-standard","5":"has-post-thumbnail","7":"category-arbitragem","8":"category-voleibol","9":"czr-hentry"},"aioseo_notices":[],"_links":{"self":[{"href":"https:\/\/fpvoleibol.pt\/fpv\/wp-json\/wp\/v2\/posts\/35028","targetHints":{"allow":["GET"]}}],"collection":[{"href":"https:\/\/fpvoleibol.pt\/fpv\/wp-json\/wp\/v2\/posts"}],"about":[{"href":"https:\/\/fpvoleibol.pt\/fpv\/wp-json\/wp\/v2\/types\/post"}],"author":[{"embeddable":true,"href":"https:\/\/fpvoleibol.pt\/fpv\/wp-json\/wp\/v2\/users\/2"}],"replies":[{"embeddable":true,"href":"https:\/\/fpvoleibol.pt\/fpv\/wp-json\/wp\/v2\/comments?post=35028"}],"version-history":[{"count":3,"href":"https:\/\/fpvoleibol.pt\/fpv\/wp-json\/wp\/v2\/posts\/35028\/revisions"}],"predecessor-version":[{"id":35031,"href":"https:\/\/fpvoleibol.pt\/fpv\/wp-json\/wp\/v2\/posts\/35028\/revisions\/35031"}],"wp:featuredmedia":[{"embeddable":true,"href":"https:\/\/fpvoleibol.pt\/fpv\/wp-json\/wp\/v2\/media\/35003"}],"wp:attachment":[{"href":"https:\/\/fpvoleibol.pt\/fpv\/wp-json\/wp\/v2\/media?parent=35028"}],"wp:term":[{"taxonomy":"category","embeddable":true,"href":"https:\/\/fpvoleibol.pt\/fpv\/wp-json\/wp\/v2\/categories?post=35028"},{"taxonomy":"post_tag","embeddable":true,"href":"https:\/\/fpvoleibol.pt\/fpv\/wp-json\/wp\/v2\/tags?post=35028"}],"curies":[{"name":"wp","href":"https:\/\/api.w.org\/{rel}","templated":true}]}}