{"id":34981,"date":"2024-09-03T10:03:34","date_gmt":"2024-09-03T10:03:34","guid":{"rendered":"https:\/\/fpvoleibol.pt\/fpv\/?p=34981"},"modified":"2024-09-05T16:13:06","modified_gmt":"2024-09-05T16:13:06","slug":"portugal-apurado-para-o-mundial-2025","status":"publish","type":"post","link":"https:\/\/fpvoleibol.pt\/fpv\/2024\/09\/03\/portugal-apurado-para-o-mundial-2025\/","title":{"rendered":"PORTUGAL APURADO PARA O MUNDIAL 2025"},"content":{"rendered":"<p style=\"text-align: center;\"><strong><img loading=\"lazy\" decoding=\"async\" class=\"size-full wp-image-33177 aligncenter\" src=\"https:\/\/fpvoleibol.pt\/fpv\/wp-content\/uploads\/2024\/05\/EGLM_PORTUGALvsUKRAINE_d1.jpg\" alt=\"\" width=\"960\" height=\"639\" srcset=\"https:\/\/fpvoleibol.pt\/fpv\/wp-content\/uploads\/2024\/05\/EGLM_PORTUGALvsUKRAINE_d1.jpg 960w, https:\/\/fpvoleibol.pt\/fpv\/wp-content\/uploads\/2024\/05\/EGLM_PORTUGALvsUKRAINE_d1-300x200.jpg 300w, https:\/\/fpvoleibol.pt\/fpv\/wp-content\/uploads\/2024\/05\/EGLM_PORTUGALvsUKRAINE_d1-768x511.jpg 768w\" sizes=\"auto, (max-width: 960px) 100vw, 960px\" \/>Portugal vai voltar a disputar uma fase final do Campeonato do Mundo de Seniores Masculinos, 23 anos depois da hist\u00f3rica participa\u00e7\u00e3o no Mundial da Argentina e pela terceira vez no seu <a href=\"https:\/\/fpvoleibol.pt\/fpv\/wp-content\/uploads\/2024\/09\/SNSM_historial_curri_set2024_v.pdf\">historial<\/a>.<\/strong><\/p>\n<p>Ap\u00f3s conseguir o apuramento para o <span style=\"text-decoration: underline;\">Campeonato da Europa de 2026*<\/span>, a <strong>Selec\u00e7\u00e3o Nacional de Seniores Masculinos<\/strong> est\u00e1 apurada directamente para o <strong>Campeonato do Mundo de 2025<\/strong>, a disputar de 12 a 28 de Setembro do pr\u00f3ximo ano nas Filipinas, anunciou hoje a Federa\u00e7\u00e3o Internacional de Voleibol (FIVB).<\/p>\n<p>Qualificaram-se automaticamente para o Mundial 2025 de masculinos duas selec\u00e7\u00f5es \u2013 a anfitri\u00e3, Filipinas, e a actual campe\u00e3 mundial, a It\u00e1lia. De acordo com o novo sistema de qualifica\u00e7\u00e3o, 15 <em>vagas<\/em> foram concedidas durante os Campeonatos Continentais de 2023, com Egipto, Arg\u00e9lia e L\u00edbia emergindo da \u00c1frica, Jap\u00e3o, Ir\u00e3o e Catar a garantirem a qualifica\u00e7\u00e3o pela \u00c1sia, Pol\u00f3nia, Eslov\u00e9nia e Fran\u00e7a pela Europa, Estados Unidos da Am\u00e9rica, Canad\u00e1 e Cuba pela NORCECA e Argentina, Brasil e Col\u00f4mbia representando a Am\u00e9rica do Sul.<br \/>\nAs 15 <em>vagas<\/em> restantes foram preenchidas pelas as melhores sele\u00e7\u00f5es nacionais no Ranking Mundial da FIVB em 30 de Agosto de 2024, ainda n\u00e3o classificadas: Alemanha, S\u00e9rvia, Pa\u00edses Baixos, Ucr\u00e2nia, B\u00e9lgica, Turquia, Ch\u00e9quia, Bulg\u00e1ria, Portugal, Finl\u00e2ndia, Tun\u00edsia, China, Rom\u00e9nia, Chile e Coreia.<\/p>\n<p>A FIVB avan\u00e7ou ainda que, a partir desta edi\u00e7\u00e3o, os participantes no Mundial passam de 24 para 32 e ser\u00e3o distribu\u00eddos, numa primeira fase, por oito grupos de quatro selec\u00e7\u00f5es.<br \/>\nA 1.\u00aa fase ser\u00e1 disputada no sistema de todos contra todos e os dois primeiros classificados de cada um dos oito grupos ter\u00e3o acesso \u00e0 fase eliminat\u00f3ria.<br \/>\nRelativamente \u00e0 fase de apuramento para o Mundial, o pa\u00eds organizador da fase final e o campe\u00e3o em t\u00edtulo ter\u00e3o presen\u00e7a garantida, bem como as tr\u00eas melhores selec\u00e7\u00f5es de cada campeonato continental. Os restantes participantes s\u00e3o determinados pelo Ranking da FIVB.<br \/>\nEm femininos, a\u00a0Tail\u00e2ndia vai acolher o <strong>Campeonato do Mundo<\/strong> em 2025 pela primeira vez na hist\u00f3ria da competi\u00e7\u00e3o, que reunir\u00e1 as 32 melhores selec\u00e7\u00f5es de femininos do mundo.<\/p>\n<p>Ser\u00e1 o regresso, desta vez como Seleccionador Nacional, de <strong>Jo\u00e3o Jos\u00e9<\/strong> a um Campeonato do Mundo, ap\u00f3s a participa\u00e7\u00e3o no Argentina 2002, onde foi distinguido como o melhor blocador, tendo dividido ent\u00e3o o pr\u00e9mio monet\u00e1rio com os seus colegas de equipa.<br \/>\nCom 9 t\u00edtulos de campe\u00e3o nacional, melhor blocador do mundo em 2002, campe\u00e3o europeu de clubes em 2006\/2007 pelos alem\u00e3es do VFR Friedrichshafen, entre outras distin\u00e7\u00f5es\u00a0 nternacionais, o ex-capit\u00e3o da turma das quinas integra, desde 2018, a equipa t\u00e9cnica da Selec\u00e7\u00e3o Nacional.<\/p>\n<p>&#8220;<em>Voltar a estar em mais uma fase final, desta vez do Campeonato do Mundo, \u00e9 mais uma oportunidade para trabalharmos e competirmos com os melhores no sentido de continuar a desenvolver e consolidar a nossa posi\u00e7\u00e3o no Voleibol internacional. <\/em><br \/>\n<em>A Selec\u00e7\u00e3o Nacional, atrav\u00e9s da Federa\u00e7\u00e3o Portuguesa de Voleibol, tem vindo nos \u00faltimos anos a trabalhar neste sentido e \u00e9 muito gratificante ver assim atingido este objectivo, o nosso Pa\u00eds representado entre as melhores sele\u00e7\u00f5es do mundo<\/em>&#8220;, salienta o <strong>Seleccionador Nacional Jo\u00e3o Jos\u00e9<\/strong>, reconhecendo que &#8220;<em>a prepara\u00e7\u00e3o e a presen\u00e7a com regularidade em fases finais como esta \u00e9 um dos factores que poder\u00e1 fazer com <\/em><em>que tenhamos uma selec\u00e7\u00e3o nacional mais forte no futuro e mais pr\u00f3xima dos n\u00edveis de desempenho e de excel\u00eancia que pretendemos<\/em>&#8220;.<\/p>\n<p><strong>*NOTA<\/strong>: S\u00e3o j\u00e1 cinco as selec\u00e7\u00f5es nacionais que conseguiram o apuramento para as respectivas fases do Campeonato da Europa: Sub-18 Masculinos, Sub-20 Femininos, Sub-22 Femininos, Sub-22 Masculinos e Seniores Masculinos, sendo que a de Seniores Femininos ainda se encontra a disputar a fase de qualifica\u00e7\u00e3o.<\/p>\n<p style=\"text-align: center;\"><span style=\"background-color: #000000; color: #ffffff;\"><img loading=\"lazy\" decoding=\"async\" class=\"wp-image-19780 alignleft\" src=\"https:\/\/fpvoleibol.pt\/fpv\/wp-content\/uploads\/2022\/10\/argentina_2002_foto_d.jpg\" alt=\"\" width=\"472\" height=\"314\" srcset=\"https:\/\/fpvoleibol.pt\/fpv\/wp-content\/uploads\/2022\/10\/argentina_2002_foto_d.jpg 1000w, https:\/\/fpvoleibol.pt\/fpv\/wp-content\/uploads\/2022\/10\/argentina_2002_foto_d-300x200.jpg 300w, https:\/\/fpvoleibol.pt\/fpv\/wp-content\/uploads\/2022\/10\/argentina_2002_foto_d-768x511.jpg 768w\" sizes=\"auto, (max-width: 472px) 100vw, 472px\" \/>ARGENTINA 2002<\/span><\/p>\n<p>Jo\u00e3o Jos\u00e9 destacou-se em primeiro nas ac\u00e7\u00f5es do bloco, mas as excelentes presta\u00e7\u00f5es da Selec\u00e7\u00e3o Nacional fizeram sobressair igualmente outros jogadores da<em> turma das quinas<\/em>. Na recep\u00e7\u00e3o, os <em>louros<\/em> v\u00e3o para o segundo lugar de Manuel Silva, enquanto na distribui\u00e7\u00e3o destaque para Nuno Pinheiro, que ficou no terceiro posto.<\/p>\n<p>A Selec\u00e7\u00e3o Portuguesa era a mais baixa da elite do Voleibol presente no XV Campeonato do Mundo, mas n\u00e3o foi preciso <em>p\u00f4r-se em bicos de p\u00e9s<\/em> para se fazer notada entre os <em>gigantes<\/em> da modalidade, selec\u00e7\u00f5es de elite e mais do que habituadas a ganhar praticamente tudo.<br \/>\nNo balan\u00e7o final ao Argentina 2022, e assestando baterias aos 16 primeiros, a Selec\u00e7\u00e3o Nacional conseguiu superar expectativas e avan\u00e7ar mais oito lugares, conquistando um resultado hist\u00f3rico para o Voleibol portugu\u00eas. De igual import\u00e2ncia foi o facto de ter ganho o respeito dos seus advers\u00e1rios \u2013 e a considera\u00e7\u00e3o dos \u00f3rg\u00e3os de Comunica\u00e7\u00e3o Social de todo o Mundo \u2013, n\u00e3o s\u00f3 pelas vit\u00f3rias obtidas (China, Austr\u00e1lia, Pol\u00f3nia e Espanha), mas, sobretudo, pela forma aguerrida e sem complexos com que se bateu frente \u00e0s melhores selec\u00e7\u00f5es do Ranking Mundial: Jugosl\u00e1via (1.\u00aa), It\u00e1lia (2.\u00aa) e R\u00fassia (3.\u00ba), momentos em que a vit\u00f3ria em pelo menos um set esteve iminente, mas infelizmente se quedou sem concretiza\u00e7\u00e3o.<\/p>\n<p>Neste Mundial, verdadeira montra da modalidade a n\u00edvel planet\u00e1rio, a Selec\u00e7\u00e3o Portuguesa jogou como um todo, tendo mesmo melhorado alguns dos seus pontos menos s\u00f3lidos, como o bloco e o servi\u00e7o, mas seria injusto deixar de salientar as posi\u00e7\u00f5es alcan\u00e7adas por Jo\u00e3o Jos\u00e9 (1.\u00ba no bloco e escolhido para a Selec\u00e7\u00e3o do Mundial), Manuel Silva (2.\u00ba na recep\u00e7\u00e3o e 19.\u00ba no servi\u00e7o), Hugo Gaspar (6.\u00ba nos pontuadores, 8.\u00ba no ataque e 10.\u00ba no bloco), Nuno Pinheiro (3.\u00ba na distribui\u00e7\u00e3o), Carlos Teixeira (6.\u00ba na recep\u00e7\u00e3o e 9.\u00ba na defesa) e Jorge Alves (12.\u00ba nos pontuadores e 19.\u00ba no ataque), um verdadeiro <em>gigante<\/em> de apenas 1,87 metros de altura.<\/p>\n<p>A Selec\u00e7\u00e3o do Brasil sagrou-se campe\u00e3 mundial, pela primeira vez na sua hist\u00f3ria, ao vencer, por 3-2 (23-25, 27-25, 25-20, 23-25 e 15-13), a R\u00fassia na Final do XV Campeonato do Mundo \u2013 Argentina 2002, realizada no Luna Park de Buenos Aires. Este foi o segundo t\u00edtulo \u2013 o primeiro foi o dos Estados Unidos, em 1986 (Paris) \u2013 n\u00e3o conquistado por um pa\u00eds da Europa.<br \/>\nNo Argentina 2002, a selec\u00e7\u00e3o brasileira apenas sofreu uma derrota \u2013 frente aos Estados Unidos, na 1.\u00aa Fase \u2013 e eliminou a tricampe\u00e3 mundial It\u00e1lia (quartos-de-final) e a Jugosl\u00e1via (meias-finais), campe\u00e3 ol\u00edmpica e europeia.<\/p>\n<p style=\"text-align: center;\"><span style=\"background-color: #000000; color: #ffffff;\"><span style=\"text-decoration: underline;\"><strong><img loading=\"lazy\" decoding=\"async\" class=\" wp-image-19782 alignleft\" src=\"https:\/\/fpvoleibol.pt\/fpv\/wp-content\/uploads\/2022\/10\/argentina_2002_JJ.jpg\" alt=\"\" width=\"372\" height=\"236\" srcset=\"https:\/\/fpvoleibol.pt\/fpv\/wp-content\/uploads\/2022\/10\/argentina_2002_JJ.jpg 1000w, https:\/\/fpvoleibol.pt\/fpv\/wp-content\/uploads\/2022\/10\/argentina_2002_JJ-300x190.jpg 300w, https:\/\/fpvoleibol.pt\/fpv\/wp-content\/uploads\/2022\/10\/argentina_2002_JJ-768x487.jpg 768w\" sizes=\"auto, (max-width: 372px) 100vw, 372px\" \/><\/strong><\/span><\/span><\/p>\n<p style=\"text-align: center;\"><strong><span style=\"background-color: #999999; color: #ffffff;\"><u>Selec\u00e7\u00e3o <em>Super Seven<\/em><\/u><\/span><\/strong><\/p>\n<p style=\"text-align: center;\">Distribuidor: Nikola Grbic (JUG)<br \/>\nOposto: Marcos Milinkovic (ARG)<br \/>\nZona 4: Serguei Tetioukhine (RUS)<br \/>\nZona 4: Stephane Antiga (FRA)<br \/>\nCentral: Gustavo Endres (BRA)<br \/>\n<strong>Central: <\/strong><strong>Jos\u00e9 Jo\u00e3o (PORTUGAL)<br \/>\n<\/strong>Libero: Hubert Henno (FRAN\u00c7A)<\/p>\n<p style=\"text-align: center;\">Mais informa\u00e7\u00f5es em <a href=\"http:\/\/www.fivb.com\">www.fivb.com<\/a><\/p>\n","protected":false},"excerpt":{"rendered":"<p>Portugal vai voltar a disputar uma fase final do Campeonato do Mundo de Seniores Masculinos, 23 anos depois da hist\u00f3rica participa\u00e7\u00e3o no Mundial da Argentina e pela terceira vez no [&hellip;]<\/p>\n","protected":false},"author":2,"featured_media":33179,"comment_status":"open","ping_status":"open","sticky":false,"template":"","format":"standard","meta":{"_monsterinsights_skip_tracking":false,"_monsterinsights_sitenote_active":false,"_monsterinsights_sitenote_note":"","_monsterinsights_sitenote_category":0,"footnotes":""},"categories":[8],"tags":[147],"class_list":{"0":"post-34981","1":"post","2":"type-post","3":"status-publish","4":"format-standard","5":"has-post-thumbnail","7":"category-voleibol","8":"tag-campeonato-do-mundo","9":"czr-hentry"},"aioseo_notices":[],"_links":{"self":[{"href":"https:\/\/fpvoleibol.pt\/fpv\/wp-json\/wp\/v2\/posts\/34981","targetHints":{"allow":["GET"]}}],"collection":[{"href":"https:\/\/fpvoleibol.pt\/fpv\/wp-json\/wp\/v2\/posts"}],"about":[{"href":"https:\/\/fpvoleibol.pt\/fpv\/wp-json\/wp\/v2\/types\/post"}],"author":[{"embeddable":true,"href":"https:\/\/fpvoleibol.pt\/fpv\/wp-json\/wp\/v2\/users\/2"}],"replies":[{"embeddable":true,"href":"https:\/\/fpvoleibol.pt\/fpv\/wp-json\/wp\/v2\/comments?post=34981"}],"version-history":[{"count":22,"href":"https:\/\/fpvoleibol.pt\/fpv\/wp-json\/wp\/v2\/posts\/34981\/revisions"}],"predecessor-version":[{"id":35122,"href":"https:\/\/fpvoleibol.pt\/fpv\/wp-json\/wp\/v2\/posts\/34981\/revisions\/35122"}],"wp:featuredmedia":[{"embeddable":true,"href":"https:\/\/fpvoleibol.pt\/fpv\/wp-json\/wp\/v2\/media\/33179"}],"wp:attachment":[{"href":"https:\/\/fpvoleibol.pt\/fpv\/wp-json\/wp\/v2\/media?parent=34981"}],"wp:term":[{"taxonomy":"category","embeddable":true,"href":"https:\/\/fpvoleibol.pt\/fpv\/wp-json\/wp\/v2\/categories?post=34981"},{"taxonomy":"post_tag","embeddable":true,"href":"https:\/\/fpvoleibol.pt\/fpv\/wp-json\/wp\/v2\/tags?post=34981"}],"curies":[{"name":"wp","href":"https:\/\/api.w.org\/{rel}","templated":true}]}}