{"id":34840,"date":"2024-08-26T11:13:51","date_gmt":"2024-08-26T11:13:51","guid":{"rendered":"https:\/\/fpvoleibol.pt\/fpv\/?p=34840"},"modified":"2024-08-26T11:13:51","modified_gmt":"2024-08-26T11:13:51","slug":"irmaos-sousa-no-bpt-futures-corigliano-rossano","status":"publish","type":"post","link":"https:\/\/fpvoleibol.pt\/fpv\/2024\/08\/26\/irmaos-sousa-no-bpt-futures-corigliano-rossano\/","title":{"rendered":"IRM\u00c3OS SOUSA NO BPT FUTURES CORIGLIANO ROSSANO"},"content":{"rendered":"<p><img loading=\"lazy\" decoding=\"async\" class=\"size-full wp-image-33793 aligncenter\" src=\"https:\/\/fpvoleibol.pt\/fpv\/wp-content\/uploads\/2024\/06\/goncalo_TomasGER-POR_baden_d.jpg\" alt=\"\" width=\"960\" height=\"693\" srcset=\"https:\/\/fpvoleibol.pt\/fpv\/wp-content\/uploads\/2024\/06\/goncalo_TomasGER-POR_baden_d.jpg 960w, https:\/\/fpvoleibol.pt\/fpv\/wp-content\/uploads\/2024\/06\/goncalo_TomasGER-POR_baden_d-300x217.jpg 300w, https:\/\/fpvoleibol.pt\/fpv\/wp-content\/uploads\/2024\/06\/goncalo_TomasGER-POR_baden_d-768x554.jpg 768w\" sizes=\"auto, (max-width: 960px) 100vw, 960px\" \/>A dupla portuguesa <strong>Gon\u00e7alo Sousa\/<\/strong><strong>Tom\u00e1s Sousa<\/strong> vai disputar o <span style=\"text-decoration: underline;\">Quadro Principal do <a href=\"https:\/\/www.cev.eu\/beach\/beach-pro-tour\/2024\/corigliano-rossano-futures-mw\/men\/#matches\">Beach Pro Tour Futures de Corigliano Rossano<\/a><\/span>, etapa do Circuito Mundial de Voleibol de Praia a decorrer em It\u00e1lia de 29 de Agosto a 1 de Setembro e onde pontificam, entre outras, as duplas italianas Dal Corso\/Viscovich, 17.\u00aa classificada no Campeonato da Europa (Pa\u00edses Baixos) e no BPT Elite16 Gstaad (Su\u00ed\u00e7a), e Daniele Lupo\/Ivan Zaytsev, este \u00faltimo antigo capit\u00e3o da Selec\u00e7\u00e3o Italiana de indoor, jogadores que lideram a classifica\u00e7\u00e3o do campeonato italiano de Voleibol de Praia e que no Rio 2016 conseguiram medalhas de prata ol\u00edmpicas para a It\u00e1lia, respectivamente nos torneios de praia e de pavilh\u00e3o.<\/p>\n<p>Aposta \u201c<em>forte<\/em>\u201d da Federa\u00e7\u00e3o Portuguesa de Voleibol para os Jogos Ol\u00edmpicos de Los Angeles, a disputar em 2028 nos Estados Unidos da Am\u00e9rica, este ano, os irm\u00e3os <strong>Gon\u00e7alo e Tom\u00e1s Sousa<\/strong>, vice-campe\u00f5es nacionais, conseguiram j\u00e1, juntamente com <span style=\"text-decoration: underline;\">Jo\u00e3o Pedrosa\/Hugo Campos<\/span>, o 1.\u00ba lugar na Pool D da fase de qualifica\u00e7\u00e3o da Liga das Na\u00e7\u00f5es, disputada em Balikesir (Turquia), garantindo a qualifica\u00e7\u00e3o para a fase final \u2013 na localidade let\u00e3 de Jurmala \u2013, onde a Selec\u00e7\u00e3o Nacional subiu ao \u00faltimo degrau do p\u00f3dio.<br \/>\nRealce ainda para o 21.\u00ba lugar no Beach Pro Tour Elite16 de Espinho, que marcou a sua estreia no Circuito Mundial de Voleibol de Praia, e para o 9.\u00ba lugar no BPT Futures Baden (\u00c1ustria).<\/p>\n<p style=\"text-align: center;\"><strong>\u00c1rbitros portugueses em ac\u00e7\u00e3o<br \/>\nno Voleibol de Praia<\/strong><\/p>\n<p><strong>Sandra Deveza<\/strong><br \/>\nBeach Pro Tour Elite 16 Jo\u00e3o Pessoa, de 16 a 20 de Outubro, no Brasil.<\/p>\n<p><strong>Rui Carvalho<\/strong><br \/>\nFinais do Beach Pro Tour 2024, de 4 a 7 de Dezembro, em Doha, no Catar.<\/p>\n<p><strong>Maria Michelle Ferreira<\/strong><br \/>\nCampeonato do Mundo Universit\u00e1rio de Voleibol de Praia (FISU World University Championship Beach Sports), no Brasil, de 2 a 8 de Setembro.<\/p>\n<p style=\"text-align: center;\">Mais informa\u00e7\u00f5es: <a href=\"http:\/\/www.cev.eu\">www.cev.eu<\/a> \/ <a href=\"http:\/\/www.fivb.com\">www.fivb.com<\/a><\/p>\n","protected":false},"excerpt":{"rendered":"<p>A dupla portuguesa Gon\u00e7alo Sousa\/Tom\u00e1s Sousa vai disputar o Quadro Principal do Beach Pro Tour Futures de Corigliano Rossano, etapa do Circuito Mundial de Voleibol de Praia a decorrer em [&hellip;]<\/p>\n","protected":false},"author":2,"featured_media":33794,"comment_status":"open","ping_status":"open","sticky":false,"template":"","format":"standard","meta":{"_monsterinsights_skip_tracking":false,"_monsterinsights_sitenote_active":false,"_monsterinsights_sitenote_note":"","_monsterinsights_sitenote_category":0,"footnotes":""},"categories":[13,9],"tags":[74],"class_list":{"0":"post-34840","1":"post","2":"type-post","3":"status-publish","4":"format-standard","5":"has-post-thumbnail","7":"category-arbitragem","8":"category-voleibol-de-praia","9":"tag-beach-pro-tour","10":"czr-hentry"},"aioseo_notices":[],"_links":{"self":[{"href":"https:\/\/fpvoleibol.pt\/fpv\/wp-json\/wp\/v2\/posts\/34840","targetHints":{"allow":["GET"]}}],"collection":[{"href":"https:\/\/fpvoleibol.pt\/fpv\/wp-json\/wp\/v2\/posts"}],"about":[{"href":"https:\/\/fpvoleibol.pt\/fpv\/wp-json\/wp\/v2\/types\/post"}],"author":[{"embeddable":true,"href":"https:\/\/fpvoleibol.pt\/fpv\/wp-json\/wp\/v2\/users\/2"}],"replies":[{"embeddable":true,"href":"https:\/\/fpvoleibol.pt\/fpv\/wp-json\/wp\/v2\/comments?post=34840"}],"version-history":[{"count":8,"href":"https:\/\/fpvoleibol.pt\/fpv\/wp-json\/wp\/v2\/posts\/34840\/revisions"}],"predecessor-version":[{"id":34848,"href":"https:\/\/fpvoleibol.pt\/fpv\/wp-json\/wp\/v2\/posts\/34840\/revisions\/34848"}],"wp:featuredmedia":[{"embeddable":true,"href":"https:\/\/fpvoleibol.pt\/fpv\/wp-json\/wp\/v2\/media\/33794"}],"wp:attachment":[{"href":"https:\/\/fpvoleibol.pt\/fpv\/wp-json\/wp\/v2\/media?parent=34840"}],"wp:term":[{"taxonomy":"category","embeddable":true,"href":"https:\/\/fpvoleibol.pt\/fpv\/wp-json\/wp\/v2\/categories?post=34840"},{"taxonomy":"post_tag","embeddable":true,"href":"https:\/\/fpvoleibol.pt\/fpv\/wp-json\/wp\/v2\/tags?post=34840"}],"curies":[{"name":"wp","href":"https:\/\/api.w.org\/{rel}","templated":true}]}}