{"id":34697,"date":"2024-08-19T11:32:06","date_gmt":"2024-08-19T11:32:06","guid":{"rendered":"https:\/\/fpvoleibol.pt\/fpv\/?p=34697"},"modified":"2024-08-21T14:51:55","modified_gmt":"2024-08-21T14:51:55","slug":"alemas-campeas-europeias","status":"publish","type":"post","link":"https:\/\/fpvoleibol.pt\/fpv\/2024\/08\/19\/alemas-campeas-europeias\/","title":{"rendered":"ALEM\u00c3S CAMPE\u00c3S EUROPEIAS"},"content":{"rendered":"<p><img loading=\"lazy\" decoding=\"async\" class=\"size-full wp-image-34693 aligncenter\" src=\"https:\/\/fpvoleibol.pt\/fpv\/wp-content\/uploads\/2024\/08\/vp_euro_alemas_d.jpg\" alt=\"\" width=\"960\" height=\"640\" srcset=\"https:\/\/fpvoleibol.pt\/fpv\/wp-content\/uploads\/2024\/08\/vp_euro_alemas_d.jpg 960w, https:\/\/fpvoleibol.pt\/fpv\/wp-content\/uploads\/2024\/08\/vp_euro_alemas_d-300x200.jpg 300w, https:\/\/fpvoleibol.pt\/fpv\/wp-content\/uploads\/2024\/08\/vp_euro_alemas_d-768x512.jpg 768w\" sizes=\"auto, (max-width: 960px) 100vw, 960px\" \/>As alem\u00e3s <strong>Svenja Muller <\/strong>e<strong> Cinja Tillmann<\/strong> sagraram-se campe\u00e3s europeias ao vencerem a dupla italiana <span style=\"text-decoration: underline;\">Valentina Gottardi\/Marta Menegatti<\/span> por 2-1 (21-17 e 21-18) na final do Campeonato da Europa 2024, disputado nos Pa\u00edses Baixos.<\/p>\n<p><img loading=\"lazy\" decoding=\"async\" class=\"wp-image-34763 alignleft\" src=\"https:\/\/fpvoleibol.pt\/fpv\/wp-content\/uploads\/2024\/08\/Sandra_Deveza_eurovolley2024.jpg\" alt=\"\" width=\"296\" height=\"197\" srcset=\"https:\/\/fpvoleibol.pt\/fpv\/wp-content\/uploads\/2024\/08\/Sandra_Deveza_eurovolley2024.jpg 960w, https:\/\/fpvoleibol.pt\/fpv\/wp-content\/uploads\/2024\/08\/Sandra_Deveza_eurovolley2024-300x200.jpg 300w, https:\/\/fpvoleibol.pt\/fpv\/wp-content\/uploads\/2024\/08\/Sandra_Deveza_eurovolley2024-768x511.jpg 768w\" sizes=\"auto, (max-width: 296px) 100vw, 296px\" \/>Ao \u00faltimo degrau do p\u00f3dio subiu a dupla su\u00ed\u00e7a Esm\u00e9e Bobner e Zo\u00e9 Verg\u00e9-D\u00e9pr\u00e9, que derrotou as lituanas Monika Paulikiene e Aine Raupelyte por 2-0 (22-20 e 21-14), em jogo que foi arbitrado pela portuguesa <strong>Sandra Deveza<\/strong>.<\/p>\n<p style=\"text-align: center;\"><span style=\"text-decoration: underline;\"><strong>\u00c1rbitros de Voleibol de Praia em ac\u00e7\u00e3o<\/strong><\/span><\/p>\n<p><strong>Sandra Deveza<\/strong><br \/>\nCampeonato da Europa de Seniores Femininos e Masculinos, de 14 a 18 de Agosto, em Haia, Arnhem e Apeldoorn, nos Pa\u00edses Baixos.<br \/>\nBeach Pro Tour Elite16 Hamburgo, de 21 a 25 de Agosto, na Alemanha.<br \/>\nBeach Pro Tour Elite 16 Jo\u00e3o Pessoa, de 16 a 20 de Outubro, no Brasil.<\/p>\n<p><strong>Avelino Azevedo<\/strong><br \/>\nDelegado de Arbitragem no Campeonato da Europa de Seniores Femininos e Masculinos, de 14 a 18 de Agosto, em Haia, Arnhem e Apeldoorn, nos Pa\u00edses Baixos.<\/p>\n<p><strong>Rui Carvalho<\/strong><br \/>\nFinais do Beach Pro Tour 2024, de 4 a 7 de Dezembro, em Doha, no Catar.<\/p>\n<p style=\"text-align: center;\">Mais informa\u00e7\u00f5es: <a href=\"http:\/\/www.cev.eu\">www.cev.eu<\/a><\/p>\n","protected":false},"excerpt":{"rendered":"<p>As alem\u00e3s Svenja Muller e Cinja Tillmann sagraram-se campe\u00e3s europeias ao vencerem a dupla italiana Valentina Gottardi\/Marta Menegatti por 2-1 (21-17 e 21-18) na final do Campeonato da Europa 2024, [&hellip;]<\/p>\n","protected":false},"author":2,"featured_media":34694,"comment_status":"open","ping_status":"open","sticky":false,"template":"","format":"standard","meta":{"_monsterinsights_skip_tracking":false,"_monsterinsights_sitenote_active":false,"_monsterinsights_sitenote_note":"","_monsterinsights_sitenote_category":0,"footnotes":""},"categories":[13,9],"tags":[137],"class_list":{"0":"post-34697","1":"post","2":"type-post","3":"status-publish","4":"format-standard","5":"has-post-thumbnail","7":"category-arbitragem","8":"category-voleibol-de-praia","9":"tag-europeu-seniores-vp","10":"czr-hentry"},"aioseo_notices":[],"_links":{"self":[{"href":"https:\/\/fpvoleibol.pt\/fpv\/wp-json\/wp\/v2\/posts\/34697","targetHints":{"allow":["GET"]}}],"collection":[{"href":"https:\/\/fpvoleibol.pt\/fpv\/wp-json\/wp\/v2\/posts"}],"about":[{"href":"https:\/\/fpvoleibol.pt\/fpv\/wp-json\/wp\/v2\/types\/post"}],"author":[{"embeddable":true,"href":"https:\/\/fpvoleibol.pt\/fpv\/wp-json\/wp\/v2\/users\/2"}],"replies":[{"embeddable":true,"href":"https:\/\/fpvoleibol.pt\/fpv\/wp-json\/wp\/v2\/comments?post=34697"}],"version-history":[{"count":6,"href":"https:\/\/fpvoleibol.pt\/fpv\/wp-json\/wp\/v2\/posts\/34697\/revisions"}],"predecessor-version":[{"id":34765,"href":"https:\/\/fpvoleibol.pt\/fpv\/wp-json\/wp\/v2\/posts\/34697\/revisions\/34765"}],"wp:featuredmedia":[{"embeddable":true,"href":"https:\/\/fpvoleibol.pt\/fpv\/wp-json\/wp\/v2\/media\/34694"}],"wp:attachment":[{"href":"https:\/\/fpvoleibol.pt\/fpv\/wp-json\/wp\/v2\/media?parent=34697"}],"wp:term":[{"taxonomy":"category","embeddable":true,"href":"https:\/\/fpvoleibol.pt\/fpv\/wp-json\/wp\/v2\/categories?post=34697"},{"taxonomy":"post_tag","embeddable":true,"href":"https:\/\/fpvoleibol.pt\/fpv\/wp-json\/wp\/v2\/tags?post=34697"}],"curies":[{"name":"wp","href":"https:\/\/api.w.org\/{rel}","templated":true}]}}