{"id":34573,"date":"2024-08-14T14:59:32","date_gmt":"2024-08-14T14:59:32","guid":{"rendered":"https:\/\/fpvoleibol.pt\/fpv\/?p=34573"},"modified":"2024-08-19T11:12:55","modified_gmt":"2024-08-19T11:12:55","slug":"campeonato-da-europa-de-voleibol-de-praia-2","status":"publish","type":"post","link":"https:\/\/fpvoleibol.pt\/fpv\/2024\/08\/14\/campeonato-da-europa-de-voleibol-de-praia-2\/","title":{"rendered":"CAMPEONATO DA EUROPA DE VOLEIBOL DE PRAIA"},"content":{"rendered":"<p style=\"text-align: center;\"><strong><img loading=\"lazy\" decoding=\"async\" class=\"size-full wp-image-34604 aligncenter\" src=\"https:\/\/fpvoleibol.pt\/fpv\/wp-content\/uploads\/2024\/08\/VP_euro_pedrosa_connykurth_d.jpg\" alt=\"\" width=\"960\" height=\"1227\" srcset=\"https:\/\/fpvoleibol.pt\/fpv\/wp-content\/uploads\/2024\/08\/VP_euro_pedrosa_connykurth_d.jpg 960w, https:\/\/fpvoleibol.pt\/fpv\/wp-content\/uploads\/2024\/08\/VP_euro_pedrosa_connykurth_d-235x300.jpg 235w, https:\/\/fpvoleibol.pt\/fpv\/wp-content\/uploads\/2024\/08\/VP_euro_pedrosa_connykurth_d-801x1024.jpg 801w, https:\/\/fpvoleibol.pt\/fpv\/wp-content\/uploads\/2024\/08\/VP_euro_pedrosa_connykurth_d-768x982.jpg 768w\" sizes=\"auto, (max-width: 960px) 100vw, 960px\" \/>Tricampe\u00f5es portugueses Jo\u00e3o Pedrosa e Hugo Campos em ac\u00e7\u00e3o no CEV EuroBeachVolley.<\/strong><\/p>\n<p>A dupla de Voleibol de Praia portuguesa <strong>Jo\u00e3o Pedrosa <\/strong>e <strong>Hugo Campos<\/strong> estreou-se hoje no <a href=\"https:\/\/eurobeachvolley.cev.eu\/en\/2024\/men\/\">Campeonato da Europa de Seniores em Voleibol de Praia<\/a>, a disputar em Haia, Arnhem e Apeldoorn, nos Pa\u00edses Baixos at\u00e9 18 de Agosto. <span style=\"font-size: 10pt;\"><strong>Fotos: <a href=\"https:\/\/www.instagram.com\/connykurth\/\">Conny Kurth<\/a><\/strong><\/span><\/p>\n<p>Os tricampe\u00f5es nacionais enfrentaram <strong>Patrikas Strankevicius\/Audrius Knasas<\/strong>, a dupla mais forte da Litu\u00e2nia, e quase conseguiram <a href=\"https:\/\/www-old.cev.eu\/Competition-Area\/MatchStatistics.aspx?ID=75849\">surpreend\u00ea-l<\/a>a. Ap\u00f3s vencerem o primeiro parcial por 19-21 e perderem o segundo pelo mesmo resultado, os lusitanos estiveram a vencer no set decisivo por 9-6 e 11-8, mas os lituanos lograram atingir a igualdade aos 11 pontos e acabaram por ser mais felizes na recta final deste parcial, vencendo nas vantagens por 17-15.<\/p>\n<p><strong>Jo\u00e3o Pedrosa<\/strong> foi o porta-voz da dupla lusa:<br \/>\n&#8220;<em>Foi um jogo muito equilibrado; ambas as equipas estavam sem ritmo, devido \u00e0 paragem nas competi\u00e7\u00f5es internacionais motivada pela realiza\u00e7\u00e3o dos Jogos Ol\u00edmpicos de Paris 2024 e notou-se que o jogo foi evoluindo \u00e0 medida que ia decorrendo. Acho que tivemos a nossa oportunidade, mas deix\u00e1mo-la escapar&#8230; mas o Voleibol \u00e9 mesmo assim. <\/em><br \/>\n<em>Temos de nos focar completamente no pr\u00f3ximo desafio e esperemos que amanh\u00e3, no primeiro jogo do dia, com os polacos, consigamos sair com uma vit\u00f3ria. Isso \u00e9 poss\u00edvel, se conseguirmos impor o nosso jogo e estamos confiantes que isso possa acontecer<\/em>&#8220;.<\/p>\n<p>Amanh\u00e3, <strong>Pedrosa<\/strong> e<strong> Campos<\/strong> t\u00eam um dia em cheio. Come\u00e7am por defrontar (14h00) os polacos <strong>Piotr Janiak e Jedrzej Brozyniak<\/strong>, ambos de 35 anos, que eventualmente poder\u00e3o constituir advers\u00e1rios mais acess\u00edveis do que os checos Perusic e Schweiner, campe\u00f5es mundiais em t\u00edtulo, que faziam parte da Pool E mas que desistiram do Campeonato da Europa depois de terem alcan\u00e7ado o 9.\u00ba lugar nos Jogos Ol\u00edmpicos de Paris 2024.<br \/>\nUma vit\u00f3ria frente aos veteranos polacos seria <em>ouro sobre azul<\/em> j\u00e1 que seguir\u00e3o, pelas 20h00, os poderosos neerlandeses <strong>Stefan Boermans e Yorick de Groot,<\/strong> vice-campe\u00f5es europeus em 2021 e 5.\u00bas classificados nos Jogos Ol\u00edmpicos de Paris 2024.<\/p>\n<p style=\"text-align: center;\">Alguns dos jogos do EuroBeachVolley podem ser seguidos em directo atrav\u00e9s da Sport TV. Ver pools e calend\u00e1rio <a href=\"https:\/\/eurobeachvolley.cev.eu\/en\/2024\/men\/#matches\">AQUI<\/a><\/p>\n<p>No<strong> Campeonato da Europa de 2024<\/strong>, o seu primeiro, os portugueses est\u00e3o inseridos na Pool E, juntamente com as duplas <strong>Boersman\/De Groot<\/strong> (os neerlandeses foram vice-campe\u00f5es europeus em 2021 e 5.\u00bas classificados nos Jogos Ol\u00edmpicos de Paris 2024), <strong>Janiak\/Brozyniak<\/strong>, da Pol\u00f3nia, e <strong>Strankevicius\/Knasas<\/strong>, da Litu\u00e2nia.<\/p>\n<p>Portugal regressa assim \u00e0 fase final do Europeu vinte anos depois de N\u00e9lson Br\u00edzida e Jos\u00e9 Pedrosa terem sido 9.\u00bas classificados na competi\u00e7\u00e3o.<\/p>\n<p><strong>Sandra Deveza<\/strong> \u00e9 a \u00e1rbitra portuguesa presente no Campeonato da Europa de Seniores Masculinos, enquanto <strong>Avelino Azevedo<\/strong>, Presidente do Conselho de Arbitragem da FPV, \u00e9 um dos Delegados de Arbitragem.<\/p>\n<p style=\"text-align: center;\"><span style=\"text-decoration: underline;\"><strong><img loading=\"lazy\" decoding=\"async\" class=\"size-full wp-image-34606 aligncenter\" src=\"https:\/\/fpvoleibol.pt\/fpv\/wp-content\/uploads\/2024\/08\/VP_euro_campos_pedrosa_connykurth_d.jpg\" alt=\"\" width=\"960\" height=\"640\" srcset=\"https:\/\/fpvoleibol.pt\/fpv\/wp-content\/uploads\/2024\/08\/VP_euro_campos_pedrosa_connykurth_d.jpg 960w, https:\/\/fpvoleibol.pt\/fpv\/wp-content\/uploads\/2024\/08\/VP_euro_campos_pedrosa_connykurth_d-300x200.jpg 300w, https:\/\/fpvoleibol.pt\/fpv\/wp-content\/uploads\/2024\/08\/VP_euro_campos_pedrosa_connykurth_d-768x512.jpg 768w\" sizes=\"auto, (max-width: 960px) 100vw, 960px\" \/>Entre as melhores duplas do mundo<\/strong><\/span><\/p>\n<p>O CEV EuroBeachVolley 2024 conta com uma equipa de Portugal pela primeira vez desde 2004. Jo\u00e3o Nuno Pedrosa e Hugo Campos continuam a escrever mais p\u00e1ginas douradas na hist\u00f3ria do Voleibol de Praia, produzindo resultados not\u00e1veis: s\u00e3o os actuais campe\u00f5es mundiais universit\u00e1rios, tendo vencido o Beach Pro Tour Challenge realizado no ver\u00e3o de 2023 em Edmonton (Canad\u00e1), e no in\u00edcio deste ano ajudaram Portugal a terminar em terceiro lugar na final da Nations Cup disputada em Jurmala, na Let\u00f3nia.<\/p>\n<p>Inseridos no Quadro Principal deste campeonato continental, os bicampe\u00f5es nacionais v\u00e3o assim disputar o seu primeiro Europeu de seniores, sendo que nesta edi\u00e7\u00e3o encontrar\u00e3o as melhores duplas europeias e mundiais, como seria o caso da sueca David Ahman\/Jonatan Hellvig, campe\u00e3 ol\u00edmpica e considerada a melhor dupla da actualidade. Os n\u00f3rdicos, que venceram o Beach Pro Tour Elite16 de Espinho, s\u00e3o bicampe\u00f5es europeus, vice-campe\u00f5es mundiais, vencedores do Circuito Mundial em 2023 e, mais recentemente, campe\u00f5es ol\u00edmpicos, consagrados em Paris 2024, mas optaram por n\u00e3o disputar o Europeu&#8230;<br \/>\nSem os jovens <em>vikings<\/em> e os noruegueses Anders Berntsen Mol e Christian Sandlie Sorum (medalha de bronze em Paris 2024), h\u00e1 que ter em considera\u00e7\u00e3o os alem\u00e3es Nils Ehlers e Clemens Wickler (medalha de prata nos JO) ou os neerlandeses Steven van de Velde\/Matthew Immers e Stefan Boermans\/Yorick de Groot.<\/p>\n<p>A participa\u00e7\u00e3o no Europeu \u00e9 um excelente pr\u00e9mio e incentivo para Pedrosa e Campos, orientados pelo Seleccionador Nacional <strong>Ricardo Rocha<\/strong>, que almejam uma presen\u00e7a nos Jogos Ol\u00edmpicos e t\u00eam percorrido um caminho recheado de bons resultados nos \u00faltimos anos: a medalha de bronze alcan\u00e7ada nos <a href=\"https:\/\/heraklion23.gr\/\">Jogos do Mediterr\u00e2neo<\/a>\u00a0pelos bicampe\u00f5es nacionais juntou-se \u00e0 medalha de ouro conquistada no Beach Pro Tour Challenge de Edmonton (Canad\u00e1), etapa do Circuito Mundial de 2023, naquela que foi a primeira vez que a dupla portuguesa subiu ao lugar mais alto do p\u00f3dio numa etapa Challenge do Beach Pro Tour.<br \/>\nUm marco no percurso dos bicampe\u00f5es nacionais em t\u00edtulo e campe\u00f5es mundiais universit\u00e1rios na caminhada que encetaram h\u00e1 poucos anos ao optarem pela pr\u00e1tica do Voleibol de Praia ao longo de todo o ano, no que s\u00e3o apoiados pela Federa\u00e7\u00e3o Portuguesa de Voleibol (FPV).<\/p>\n<p style=\"text-align: center;\"><strong><img loading=\"lazy\" decoding=\"async\" class=\"size-full wp-image-33441 aligncenter\" src=\"https:\/\/fpvoleibol.pt\/fpv\/wp-content\/uploads\/2024\/06\/VP_tacadasncacoes_team.jpg\" alt=\"\" width=\"960\" height=\"540\" srcset=\"https:\/\/fpvoleibol.pt\/fpv\/wp-content\/uploads\/2024\/06\/VP_tacadasncacoes_team.jpg 960w, https:\/\/fpvoleibol.pt\/fpv\/wp-content\/uploads\/2024\/06\/VP_tacadasncacoes_team-300x169.jpg 300w, https:\/\/fpvoleibol.pt\/fpv\/wp-content\/uploads\/2024\/06\/VP_tacadasncacoes_team-768x432.jpg 768w, https:\/\/fpvoleibol.pt\/fpv\/wp-content\/uploads\/2024\/06\/VP_tacadasncacoes_team-528x297.jpg 528w\" sizes=\"auto, (max-width: 960px) 100vw, 960px\" \/><\/strong><\/p>\n<p style=\"text-align: center;\"><span style=\"text-decoration: underline;\"><strong>\u00c1rbitros de Voleibol de Praia em ac\u00e7\u00e3o<\/strong><\/span><\/p>\n<p><strong>Sandra Deveza<\/strong><br \/>\nCampeonato da Europa de Seniores Femininos e Masculinos, de 14 a 18 de Agosto, em Haia, Arnhem e Apeldoorn, nos Pa\u00edses Baixos.<\/p>\n<p><strong>Avelino Azevedo<\/strong><br \/>\nDelegado de Arbitragem no Campeonato da Europa de Seniores Femininos e Masculinos, de 14 a 18 de Agosto, em Haia, Arnhem e Apeldoorn, nos Pa\u00edses Baixos.<\/p>\n<p><strong>Rui Carvalho<\/strong><br \/>\nFinais do Beach Pro Tour 2024, de 4 a 7 de Dezembro, em Doha, no Catar.<\/p>\n<p style=\"text-align: center;\">Mais informa\u00e7\u00f5es: <a href=\"http:\/\/www.cev.eu\">www.cev.eu<\/a><\/p>\n","protected":false},"excerpt":{"rendered":"<p>Tricampe\u00f5es portugueses Jo\u00e3o Pedrosa e Hugo Campos em ac\u00e7\u00e3o no CEV EuroBeachVolley. A dupla de Voleibol de Praia portuguesa Jo\u00e3o Pedrosa e Hugo Campos estreou-se hoje no Campeonato da Europa [&hellip;]<\/p>\n","protected":false},"author":2,"featured_media":34605,"comment_status":"open","ping_status":"open","sticky":false,"template":"","format":"standard","meta":{"_monsterinsights_skip_tracking":false,"_monsterinsights_sitenote_active":false,"_monsterinsights_sitenote_note":"","_monsterinsights_sitenote_category":0,"footnotes":""},"categories":[13,9],"tags":[137],"class_list":{"0":"post-34573","1":"post","2":"type-post","3":"status-publish","4":"format-standard","5":"has-post-thumbnail","7":"category-arbitragem","8":"category-voleibol-de-praia","9":"tag-europeu-seniores-vp","10":"czr-hentry"},"aioseo_notices":[],"_links":{"self":[{"href":"https:\/\/fpvoleibol.pt\/fpv\/wp-json\/wp\/v2\/posts\/34573","targetHints":{"allow":["GET"]}}],"collection":[{"href":"https:\/\/fpvoleibol.pt\/fpv\/wp-json\/wp\/v2\/posts"}],"about":[{"href":"https:\/\/fpvoleibol.pt\/fpv\/wp-json\/wp\/v2\/types\/post"}],"author":[{"embeddable":true,"href":"https:\/\/fpvoleibol.pt\/fpv\/wp-json\/wp\/v2\/users\/2"}],"replies":[{"embeddable":true,"href":"https:\/\/fpvoleibol.pt\/fpv\/wp-json\/wp\/v2\/comments?post=34573"}],"version-history":[{"count":10,"href":"https:\/\/fpvoleibol.pt\/fpv\/wp-json\/wp\/v2\/posts\/34573\/revisions"}],"predecessor-version":[{"id":34691,"href":"https:\/\/fpvoleibol.pt\/fpv\/wp-json\/wp\/v2\/posts\/34573\/revisions\/34691"}],"wp:featuredmedia":[{"embeddable":true,"href":"https:\/\/fpvoleibol.pt\/fpv\/wp-json\/wp\/v2\/media\/34605"}],"wp:attachment":[{"href":"https:\/\/fpvoleibol.pt\/fpv\/wp-json\/wp\/v2\/media?parent=34573"}],"wp:term":[{"taxonomy":"category","embeddable":true,"href":"https:\/\/fpvoleibol.pt\/fpv\/wp-json\/wp\/v2\/categories?post=34573"},{"taxonomy":"post_tag","embeddable":true,"href":"https:\/\/fpvoleibol.pt\/fpv\/wp-json\/wp\/v2\/tags?post=34573"}],"curies":[{"name":"wp","href":"https:\/\/api.w.org\/{rel}","templated":true}]}}